{"id":9970,"date":"2019-07-26T17:45:47","date_gmt":"2019-07-26T20:45:47","guid":{"rendered":"https:\/\/insurancecorp.com.br\/pt\/?p=9970"},"modified":"2019-07-26T17:45:47","modified_gmt":"2019-07-26T20:45:47","slug":"fique-por-dentro-dos-topicos-do-evento","status":"publish","type":"post","link":"https:\/\/insurancecorp.com.br\/pt\/2019\/07\/26\/fique-por-dentro-dos-topicos-do-evento\/","title":{"rendered":"Fique por dentro dos t\u00f3picos do evento"},"content":{"rendered":"<p>&nbsp;<\/p>\n<table width=\"0\">\n<tbody>\n<tr>\n<td width=\"100%\">A liberdade econ\u00f4mica como agenda do Governo Brasileiro, tendo presente a promo\u00e7\u00e3o de mudan\u00e7as econ\u00f4micas estruturais aliadas \u00e0s mudan\u00e7as nos h\u00e1bitos de consumo, gerar\u00e3o desafios e oportunidades no ambiente de neg\u00f3cios. E saber lidar com os impactos nesse cen\u00e1rio ser\u00e1 decisivo para as empresas acelerarem o ritmo de crescimento.<\/p>\n<p>Diante disso, um fator positivo para o mercado segurador\u00a0\u00e9 a perspectiva do seguro desempenhar um papel mais relevante e ser um dos principais respons\u00e1veis em contribuir para o pa\u00eds atingir uma nova escala socioecon\u00f4mica.<\/p>\n<p>Participe da <strong>CONSEGURO 2019<\/strong> e entenda toda essa discuss\u00e3o, atrav\u00e9s de debates que ir\u00e3o proporcionar a voc\u00ea um elevado n\u00edvel de conhecimento sobre temas como infraestrutura, educa\u00e7\u00e3o e previd\u00eancia, atu\u00e1ria, controles internos, seguros inclusivos, sustentabilidade, diversidade, prote\u00e7\u00e3o do consumidor, entre outros.<\/p>\n<p><strong>Dias:\u00a04\u00a0e 5\u00a0de setembro de 2019<br \/>\nLocal: CICB &#8211; Centro Internacional de Conven\u00e7\u00f5es do Brasil<br \/>\nBras\u00edlia &#8211; DF<\/strong><\/p>\n<p>Divulga\u00e7\u00e3o e Realiza\u00e7\u00e3o : CNseg<\/td>\n<\/tr>\n<\/tbody>\n<\/table>\n","protected":false},"excerpt":{"rendered":"<p>&nbsp; A liberdade econ\u00f4mica como agenda do Governo Brasileiro, tendo presente a promo\u00e7\u00e3o de mudan\u00e7as econ\u00f4micas estruturais aliadas \u00e0s mudan\u00e7as nos h\u00e1bitos de consumo, gerar\u00e3o desafios e oportunidades no ambiente de neg\u00f3cios. E saber lidar com os impactos nesse cen\u00e1rio ser\u00e1 decisivo para as empresas acelerarem o ritmo de crescimento. Diante disso, um fator positivo [&hellip;]<\/p>\n","protected":false},"author":2,"featured_media":9971,"comment_status":"open","ping_status":"open","sticky":false,"template":"","format":"standard","meta":[],"categories":[287],"tags":[],"jetpack_featured_media_url":"https:\/\/insurancecorp.com.br\/pt\/wp-content\/uploads\/2019\/07\/biomario3-6.png","yoast_head":"<!-- This site is optimized with the Yoast SEO plugin v14.8 - https:\/\/yoast.com\/wordpress\/plugins\/seo\/ -->\n<title>Fique por dentro dos t\u00f3picos do evento | Revista Insurance Corp | PT-BR<\/title>\n<meta name=\"robots\" content=\"index, follow\" \/>\n<meta name=\"googlebot\" content=\"index, follow, max-snippet:-1, max-image-preview:large, max-video-preview:-1\" \/>\n<meta name=\"bingbot\" content=\"index, follow, max-snippet:-1, max-image-preview:large, max-video-preview:-1\" \/>\n<link rel=\"canonical\" href=\"https:\/\/insurancecorp.com.br\/pt\/2019\/07\/26\/fique-por-dentro-dos-topicos-do-evento\/\" \/>\n<meta property=\"og:locale\" content=\"pt_BR\" \/>\n<meta property=\"og:type\" content=\"article\" \/>\n<meta property=\"og:title\" content=\"Fique por dentro dos t\u00f3picos do evento | Revista Insurance Corp | PT-BR\" \/>\n<meta property=\"og:description\" content=\"&nbsp; A liberdade econ\u00f4mica como agenda do Governo Brasileiro, tendo presente a promo\u00e7\u00e3o de mudan\u00e7as econ\u00f4micas estruturais aliadas \u00e0s mudan\u00e7as nos h\u00e1bitos de consumo, gerar\u00e3o desafios e oportunidades no ambiente de neg\u00f3cios. E saber lidar com os impactos nesse cen\u00e1rio ser\u00e1 decisivo para as empresas acelerarem o ritmo de crescimento. Diante disso, um fator positivo [&hellip;]\" \/>\n<meta property=\"og:url\" content=\"https:\/\/insurancecorp.com.br\/pt\/2019\/07\/26\/fique-por-dentro-dos-topicos-do-evento\/\" \/>\n<meta property=\"og:site_name\" content=\"Revista Insurance Corp | PT-BR\" \/>\n<meta property=\"article:publisher\" content=\"https:\/\/www.facebook.com\/RevistaInsuranceCorp\/\" \/>\n<meta property=\"article:published_time\" content=\"2019-07-26T20:45:47+00:00\" \/>\n<meta property=\"og:image\" content=\"https:\/\/insurancecorp.com.br\/pt\/wp-content\/uploads\/2019\/07\/biomario3-6.png\" \/>\n\t<meta property=\"og:image:width\" content=\"800\" \/>\n\t<meta property=\"og:image:height\" content=\"322\" \/>\n<meta name=\"twitter:card\" content=\"summary\" \/>\n<script type=\"application\/ld+json\" class=\"yoast-schema-graph\">{\"@context\":\"https:\/\/schema.org\",\"@graph\":[{\"@type\":\"Organization\",\"@id\":\"https:\/\/insurancecorp.com.br\/pt\/#organization\",\"name\":\"Revista Insurance Corp\",\"url\":\"https:\/\/insurancecorp.com.br\/pt\/\",\"sameAs\":[\"https:\/\/www.facebook.com\/RevistaInsuranceCorp\/\"],\"logo\":{\"@type\":\"ImageObject\",\"@id\":\"https:\/\/insurancecorp.com.br\/pt\/#logo\",\"inLanguage\":\"pt-BR\",\"url\":\"\",\"caption\":\"Revista Insurance Corp\"},\"image\":{\"@id\":\"https:\/\/insurancecorp.com.br\/pt\/#logo\"}},{\"@type\":\"WebSite\",\"@id\":\"https:\/\/insurancecorp.com.br\/pt\/#website\",\"url\":\"https:\/\/insurancecorp.com.br\/pt\/\",\"name\":\"Revista Insurance Corp | PT-BR\",\"description\":\"A \\u00fanica revista bil\\u00edngue voltada ao mercado de seguro.\",\"publisher\":{\"@id\":\"https:\/\/insurancecorp.com.br\/pt\/#organization\"},\"potentialAction\":[{\"@type\":\"SearchAction\",\"target\":\"https:\/\/insurancecorp.com.br\/pt\/?s={search_term_string}\",\"query-input\":\"required name=search_term_string\"}],\"inLanguage\":\"pt-BR\"},{\"@type\":\"ImageObject\",\"@id\":\"https:\/\/insurancecorp.com.br\/pt\/2019\/07\/26\/fique-por-dentro-dos-topicos-do-evento\/#primaryimage\",\"inLanguage\":\"pt-BR\",\"url\":\"https:\/\/insurancecorp.com.br\/pt\/wp-content\/uploads\/2019\/07\/biomario3-6.png\",\"width\":800,\"height\":322},{\"@type\":\"WebPage\",\"@id\":\"https:\/\/insurancecorp.com.br\/pt\/2019\/07\/26\/fique-por-dentro-dos-topicos-do-evento\/#webpage\",\"url\":\"https:\/\/insurancecorp.com.br\/pt\/2019\/07\/26\/fique-por-dentro-dos-topicos-do-evento\/\",\"name\":\"Fique por dentro dos t\\u00f3picos do evento | Revista Insurance Corp | PT-BR\",\"isPartOf\":{\"@id\":\"https:\/\/insurancecorp.com.br\/pt\/#website\"},\"primaryImageOfPage\":{\"@id\":\"https:\/\/insurancecorp.com.br\/pt\/2019\/07\/26\/fique-por-dentro-dos-topicos-do-evento\/#primaryimage\"},\"datePublished\":\"2019-07-26T20:45:47+00:00\",\"dateModified\":\"2019-07-26T20:45:47+00:00\",\"inLanguage\":\"pt-BR\",\"potentialAction\":[{\"@type\":\"ReadAction\",\"target\":[\"https:\/\/insurancecorp.com.br\/pt\/2019\/07\/26\/fique-por-dentro-dos-topicos-do-evento\/\"]}]},{\"@type\":\"Article\",\"@id\":\"https:\/\/insurancecorp.com.br\/pt\/2019\/07\/26\/fique-por-dentro-dos-topicos-do-evento\/#article\",\"isPartOf\":{\"@id\":\"https:\/\/insurancecorp.com.br\/pt\/2019\/07\/26\/fique-por-dentro-dos-topicos-do-evento\/#webpage\"},\"author\":{\"@id\":\"https:\/\/insurancecorp.com.br\/pt\/#\/schema\/person\/1b69c8cf325f0b7167f1b171f52df4af\"},\"headline\":\"Fique por dentro dos t\\u00f3picos do evento\",\"datePublished\":\"2019-07-26T20:45:47+00:00\",\"dateModified\":\"2019-07-26T20:45:47+00:00\",\"mainEntityOfPage\":{\"@id\":\"https:\/\/insurancecorp.com.br\/pt\/2019\/07\/26\/fique-por-dentro-dos-topicos-do-evento\/#webpage\"},\"commentCount\":0,\"publisher\":{\"@id\":\"https:\/\/insurancecorp.com.br\/pt\/#organization\"},\"image\":{\"@id\":\"https:\/\/insurancecorp.com.br\/pt\/2019\/07\/26\/fique-por-dentro-dos-topicos-do-evento\/#primaryimage\"},\"articleSection\":\"CONSEGURO 2019\",\"inLanguage\":\"pt-BR\",\"potentialAction\":[{\"@type\":\"CommentAction\",\"name\":\"Comment\",\"target\":[\"https:\/\/insurancecorp.com.br\/pt\/2019\/07\/26\/fique-por-dentro-dos-topicos-do-evento\/#respond\"]}]},{\"@type\":\"Person\",\"@id\":\"https:\/\/insurancecorp.com.br\/pt\/#\/schema\/person\/1b69c8cf325f0b7167f1b171f52df4af\",\"name\":\"Publica\\u00e7\\u00e3o\",\"image\":{\"@type\":\"ImageObject\",\"@id\":\"https:\/\/insurancecorp.com.br\/pt\/#personlogo\",\"inLanguage\":\"pt-BR\",\"url\":\"https:\/\/secure.gravatar.com\/avatar\/17226f1f60486eb25d4c6b301ffed37f?s=96&d=mm&r=g\",\"caption\":\"Publica\\u00e7\\u00e3o\"}}]}<\/script>\n<!-- \/ Yoast SEO plugin. -->","_links":{"self":[{"href":"https:\/\/insurancecorp.com.br\/pt\/wp-json\/wp\/v2\/posts\/9970"}],"collection":[{"href":"https:\/\/insurancecorp.com.br\/pt\/wp-json\/wp\/v2\/posts"}],"about":[{"href":"https:\/\/insurancecorp.com.br\/pt\/wp-json\/wp\/v2\/types\/post"}],"author":[{"embeddable":true,"href":"https:\/\/insurancecorp.com.br\/pt\/wp-json\/wp\/v2\/users\/2"}],"replies":[{"embeddable":true,"href":"https:\/\/insurancecorp.com.br\/pt\/wp-json\/wp\/v2\/comments?post=9970"}],"version-history":[{"count":2,"href":"https:\/\/insurancecorp.com.br\/pt\/wp-json\/wp\/v2\/posts\/9970\/revisions"}],"predecessor-version":[{"id":9974,"href":"https:\/\/insurancecorp.com.br\/pt\/wp-json\/wp\/v2\/posts\/9970\/revisions\/9974"}],"wp:featuredmedia":[{"embeddable":true,"href":"https:\/\/insurancecorp.com.br\/pt\/wp-json\/wp\/v2\/media\/9971"}],"wp:attachment":[{"href":"https:\/\/insurancecorp.com.br\/pt\/wp-json\/wp\/v2\/media?parent=9970"}],"wp:term":[{"taxonomy":"category","embeddable":true,"href":"https:\/\/insurancecorp.com.br\/pt\/wp-json\/wp\/v2\/categories?post=9970"},{"taxonomy":"post_tag","embeddable":true,"href":"https:\/\/insurancecorp.com.br\/pt\/wp-json\/wp\/v2\/tags?post=9970"}],"curies":[{"name":"wp","href":"https:\/\/api.w.org\/{rel}","templated":true}]}}