{"id":9863,"date":"2019-07-23T14:18:21","date_gmt":"2019-07-23T17:18:21","guid":{"rendered":"https:\/\/insurancecorp.com.br\/pt\/?p=9863"},"modified":"2019-07-23T14:18:21","modified_gmt":"2019-07-23T17:18:21","slug":"csp-mg-realiza-assembleia-e-elege-novo-diretor","status":"publish","type":"post","link":"https:\/\/insurancecorp.com.br\/pt\/2019\/07\/23\/csp-mg-realiza-assembleia-e-elege-novo-diretor\/","title":{"rendered":"CSP-MG realiza Assembleia e elege novo diretor"},"content":{"rendered":"<p>Rog\u00e9rio Gebin, da Zurich, \u00e9 o novo diretor de Seguros do Clube de Seguros de Pessoas de Minas Gerais (CSP-MG). O cargo estava vago desde a sa\u00edda de Ant\u00f4nio Edmir Ribeiro, transferido para outro Estado por sua companhia, a Mapfre. Ambas as seguradoras s\u00e3o institui\u00e7\u00f5es benem\u00e9ritas do Clube.<\/p>\n<p>O novo diretor foi escolhido por aclama\u00e7\u00e3o, durante Assembleia Geral Extraordin\u00e1ria (AGE), realizada no dia 19 de julho, no audit\u00f3rio do SindSeg MG\/GO\/MT\/DF, em Belo Horizonte.<\/p>\n<p>\u201cGebin \u00e9 um executivo experiente com \u00f3timo relacionamento no mercado. Vai agregar muito conhecimento ao trabalho do CSP-MG\u201d, salientou o presidente do Clube, Jo\u00e3o Paulo Moreira de Mello.<\/p>\n<p>Rog\u00e9rio Gebin agradeceu a confian\u00e7a nele depositada. \u201c\u00c9 uma honra participar da diretoria e contribuir com uma entidade que tem feito tanto pelo mercado como o CSP-MG\u201d, afirmou.<\/p>\n<p>Durante a Assembleia, o presidente do CSP-MG apresentou o relat\u00f3rio das atividades do 1\u00ba semestre, com destaque para o 6\u00ba Encontro do Clube, que contou com a presen\u00e7a do presidente da FenaPrevi, Jorge Nasser, e a s\u00e9rie de cinco workshops &#8220;Conhecer para Proteger&#8221;.<\/p>\n<p>Tamb\u00e9m foram discutidos assuntos como a altera\u00e7\u00e3o no valor das mensalidades das benem\u00e9ritas e o planejamento das atividades do 2\u00ba semestre, que inclui a realiza\u00e7\u00e3o da palestra \u201cInova\u00e7\u00e3o em Seguros e o Papel do Corretor\u201d, o semin\u00e1rio \u201cANS e FenaSa\u00fade: Cen\u00e1rio Atual e Perspectivas da Sa\u00fade Suplementar\u201d, al\u00e9m do tradicional evento de confraterniza\u00e7\u00e3o.<\/p>\n<p><strong>DG Comunica\u00e7\u00e3o<\/strong><\/p>\n","protected":false},"excerpt":{"rendered":"<p>Rog\u00e9rio Gebin, da Zurich, \u00e9 o novo diretor de Seguros do Clube de Seguros de Pessoas de Minas Gerais (CSP-MG). O cargo estava vago desde a sa\u00edda de Ant\u00f4nio Edmir Ribeiro, transferido para outro Estado por sua companhia, a Mapfre. Ambas as seguradoras s\u00e3o institui\u00e7\u00f5es benem\u00e9ritas do Clube. O novo diretor foi escolhido por aclama\u00e7\u00e3o, [&hellip;]<\/p>\n","protected":false},"author":2,"featured_media":9864,"comment_status":"open","ping_status":"open","sticky":false,"template":"","format":"standard","meta":[],"categories":[279],"tags":[],"jetpack_featured_media_url":"https:\/\/insurancecorp.com.br\/pt\/wp-content\/uploads\/2019\/07\/axa3-2.jpeg","yoast_head":"<!-- This site is optimized with the Yoast SEO plugin v14.8 - https:\/\/yoast.com\/wordpress\/plugins\/seo\/ -->\n<title>CSP-MG realiza Assembleia e elege novo diretor | Revista Insurance Corp | PT-BR<\/title>\n<meta name=\"robots\" content=\"index, follow\" \/>\n<meta name=\"googlebot\" content=\"index, follow, max-snippet:-1, max-image-preview:large, max-video-preview:-1\" \/>\n<meta name=\"bingbot\" content=\"index, follow, max-snippet:-1, max-image-preview:large, max-video-preview:-1\" \/>\n<link rel=\"canonical\" href=\"https:\/\/insurancecorp.com.br\/pt\/2019\/07\/23\/csp-mg-realiza-assembleia-e-elege-novo-diretor\/\" \/>\n<meta property=\"og:locale\" content=\"pt_BR\" \/>\n<meta property=\"og:type\" content=\"article\" \/>\n<meta property=\"og:title\" content=\"CSP-MG realiza Assembleia e elege novo diretor | Revista Insurance Corp | PT-BR\" \/>\n<meta property=\"og:description\" content=\"Rog\u00e9rio Gebin, da Zurich, \u00e9 o novo diretor de Seguros do Clube de Seguros de Pessoas de Minas Gerais (CSP-MG). O cargo estava vago desde a sa\u00edda de Ant\u00f4nio Edmir Ribeiro, transferido para outro Estado por sua companhia, a Mapfre. Ambas as seguradoras s\u00e3o institui\u00e7\u00f5es benem\u00e9ritas do Clube. O novo diretor foi escolhido por aclama\u00e7\u00e3o, [&hellip;]\" \/>\n<meta property=\"og:url\" content=\"https:\/\/insurancecorp.com.br\/pt\/2019\/07\/23\/csp-mg-realiza-assembleia-e-elege-novo-diretor\/\" \/>\n<meta property=\"og:site_name\" content=\"Revista Insurance Corp | PT-BR\" \/>\n<meta property=\"article:publisher\" content=\"https:\/\/www.facebook.com\/RevistaInsuranceCorp\/\" \/>\n<meta property=\"article:published_time\" content=\"2019-07-23T17:18:21+00:00\" \/>\n<meta property=\"og:image\" content=\"https:\/\/insurancecorp.com.br\/pt\/wp-content\/uploads\/2019\/07\/axa3-2.jpeg\" \/>\n\t<meta property=\"og:image:width\" content=\"969\" \/>\n\t<meta property=\"og:image:height\" content=\"590\" \/>\n<meta name=\"twitter:card\" content=\"summary\" \/>\n<script type=\"application\/ld+json\" class=\"yoast-schema-graph\">{\"@context\":\"https:\/\/schema.org\",\"@graph\":[{\"@type\":\"Organization\",\"@id\":\"https:\/\/insurancecorp.com.br\/pt\/#organization\",\"name\":\"Revista Insurance Corp\",\"url\":\"https:\/\/insurancecorp.com.br\/pt\/\",\"sameAs\":[\"https:\/\/www.facebook.com\/RevistaInsuranceCorp\/\"],\"logo\":{\"@type\":\"ImageObject\",\"@id\":\"https:\/\/insurancecorp.com.br\/pt\/#logo\",\"inLanguage\":\"pt-BR\",\"url\":\"\",\"caption\":\"Revista Insurance Corp\"},\"image\":{\"@id\":\"https:\/\/insurancecorp.com.br\/pt\/#logo\"}},{\"@type\":\"WebSite\",\"@id\":\"https:\/\/insurancecorp.com.br\/pt\/#website\",\"url\":\"https:\/\/insurancecorp.com.br\/pt\/\",\"name\":\"Revista Insurance Corp | PT-BR\",\"description\":\"A \\u00fanica revista bil\\u00edngue voltada ao mercado de seguro.\",\"publisher\":{\"@id\":\"https:\/\/insurancecorp.com.br\/pt\/#organization\"},\"potentialAction\":[{\"@type\":\"SearchAction\",\"target\":\"https:\/\/insurancecorp.com.br\/pt\/?s={search_term_string}\",\"query-input\":\"required name=search_term_string\"}],\"inLanguage\":\"pt-BR\"},{\"@type\":\"ImageObject\",\"@id\":\"https:\/\/insurancecorp.com.br\/pt\/2019\/07\/23\/csp-mg-realiza-assembleia-e-elege-novo-diretor\/#primaryimage\",\"inLanguage\":\"pt-BR\",\"url\":\"https:\/\/insurancecorp.com.br\/pt\/wp-content\/uploads\/2019\/07\/axa3-2.jpeg\",\"width\":969,\"height\":590},{\"@type\":\"WebPage\",\"@id\":\"https:\/\/insurancecorp.com.br\/pt\/2019\/07\/23\/csp-mg-realiza-assembleia-e-elege-novo-diretor\/#webpage\",\"url\":\"https:\/\/insurancecorp.com.br\/pt\/2019\/07\/23\/csp-mg-realiza-assembleia-e-elege-novo-diretor\/\",\"name\":\"CSP-MG realiza Assembleia e elege novo diretor | Revista Insurance Corp | PT-BR\",\"isPartOf\":{\"@id\":\"https:\/\/insurancecorp.com.br\/pt\/#website\"},\"primaryImageOfPage\":{\"@id\":\"https:\/\/insurancecorp.com.br\/pt\/2019\/07\/23\/csp-mg-realiza-assembleia-e-elege-novo-diretor\/#primaryimage\"},\"datePublished\":\"2019-07-23T17:18:21+00:00\",\"dateModified\":\"2019-07-23T17:18:21+00:00\",\"inLanguage\":\"pt-BR\",\"potentialAction\":[{\"@type\":\"ReadAction\",\"target\":[\"https:\/\/insurancecorp.com.br\/pt\/2019\/07\/23\/csp-mg-realiza-assembleia-e-elege-novo-diretor\/\"]}]},{\"@type\":\"Article\",\"@id\":\"https:\/\/insurancecorp.com.br\/pt\/2019\/07\/23\/csp-mg-realiza-assembleia-e-elege-novo-diretor\/#article\",\"isPartOf\":{\"@id\":\"https:\/\/insurancecorp.com.br\/pt\/2019\/07\/23\/csp-mg-realiza-assembleia-e-elege-novo-diretor\/#webpage\"},\"author\":{\"@id\":\"https:\/\/insurancecorp.com.br\/pt\/#\/schema\/person\/1b69c8cf325f0b7167f1b171f52df4af\"},\"headline\":\"CSP-MG realiza Assembleia e elege novo diretor\",\"datePublished\":\"2019-07-23T17:18:21+00:00\",\"dateModified\":\"2019-07-23T17:18:21+00:00\",\"mainEntityOfPage\":{\"@id\":\"https:\/\/insurancecorp.com.br\/pt\/2019\/07\/23\/csp-mg-realiza-assembleia-e-elege-novo-diretor\/#webpage\"},\"commentCount\":0,\"publisher\":{\"@id\":\"https:\/\/insurancecorp.com.br\/pt\/#organization\"},\"image\":{\"@id\":\"https:\/\/insurancecorp.com.br\/pt\/2019\/07\/23\/csp-mg-realiza-assembleia-e-elege-novo-diretor\/#primaryimage\"},\"articleSection\":\"CCSP-MG\",\"inLanguage\":\"pt-BR\",\"potentialAction\":[{\"@type\":\"CommentAction\",\"name\":\"Comment\",\"target\":[\"https:\/\/insurancecorp.com.br\/pt\/2019\/07\/23\/csp-mg-realiza-assembleia-e-elege-novo-diretor\/#respond\"]}]},{\"@type\":\"Person\",\"@id\":\"https:\/\/insurancecorp.com.br\/pt\/#\/schema\/person\/1b69c8cf325f0b7167f1b171f52df4af\",\"name\":\"Publica\\u00e7\\u00e3o\",\"image\":{\"@type\":\"ImageObject\",\"@id\":\"https:\/\/insurancecorp.com.br\/pt\/#personlogo\",\"inLanguage\":\"pt-BR\",\"url\":\"https:\/\/secure.gravatar.com\/avatar\/17226f1f60486eb25d4c6b301ffed37f?s=96&d=mm&r=g\",\"caption\":\"Publica\\u00e7\\u00e3o\"}}]}<\/script>\n<!-- \/ Yoast SEO plugin. -->","_links":{"self":[{"href":"https:\/\/insurancecorp.com.br\/pt\/wp-json\/wp\/v2\/posts\/9863"}],"collection":[{"href":"https:\/\/insurancecorp.com.br\/pt\/wp-json\/wp\/v2\/posts"}],"about":[{"href":"https:\/\/insurancecorp.com.br\/pt\/wp-json\/wp\/v2\/types\/post"}],"author":[{"embeddable":true,"href":"https:\/\/insurancecorp.com.br\/pt\/wp-json\/wp\/v2\/users\/2"}],"replies":[{"embeddable":true,"href":"https:\/\/insurancecorp.com.br\/pt\/wp-json\/wp\/v2\/comments?post=9863"}],"version-history":[{"count":1,"href":"https:\/\/insurancecorp.com.br\/pt\/wp-json\/wp\/v2\/posts\/9863\/revisions"}],"predecessor-version":[{"id":9865,"href":"https:\/\/insurancecorp.com.br\/pt\/wp-json\/wp\/v2\/posts\/9863\/revisions\/9865"}],"wp:featuredmedia":[{"embeddable":true,"href":"https:\/\/insurancecorp.com.br\/pt\/wp-json\/wp\/v2\/media\/9864"}],"wp:attachment":[{"href":"https:\/\/insurancecorp.com.br\/pt\/wp-json\/wp\/v2\/media?parent=9863"}],"wp:term":[{"taxonomy":"category","embeddable":true,"href":"https:\/\/insurancecorp.com.br\/pt\/wp-json\/wp\/v2\/categories?post=9863"},{"taxonomy":"post_tag","embeddable":true,"href":"https:\/\/insurancecorp.com.br\/pt\/wp-json\/wp\/v2\/tags?post=9863"}],"curies":[{"name":"wp","href":"https:\/\/api.w.org\/{rel}","templated":true}]}}