{"id":9760,"date":"2019-07-19T14:53:46","date_gmt":"2019-07-19T17:53:46","guid":{"rendered":"https:\/\/insurancecorp.com.br\/pt\/?p=9760"},"modified":"2019-07-23T00:16:12","modified_gmt":"2019-07-23T03:16:12","slug":"regiao-sudeste-movimenta-mais-da-metade-do-mercado-de-seguros-brasileiro","status":"publish","type":"post","link":"https:\/\/insurancecorp.com.br\/pt\/2019\/07\/19\/regiao-sudeste-movimenta-mais-da-metade-do-mercado-de-seguros-brasileiro\/","title":{"rendered":"Regi\u00e3o Sudeste movimenta mais da metade do mercado"},"content":{"rendered":"<p style=\"margin-bottom: .0001pt; text-align: justify;\"><span style=\"font-family: 'Arial',sans-serif;\">Explorar novos mercados \u00e9 algo buscado por boa parte das empresas e no mercado de franquias essa \u00e9 uma fase natural dos neg\u00f3cios. Enquanto algumas marcas preferem arriscar em novas regi\u00f5es, outras optam por consolidar ainda mais sua presen\u00e7a em \u00e1reas que j\u00e1 conhecem. <\/span><\/p>\n<p style=\"margin-bottom: .0001pt; text-align: justify;\"><span style=\"font-family: 'Arial',sans-serif;\">A Quisto Corretora de Seguros possui 50 unidades na regi\u00e3o Sudeste e nutre planos ainda maiores para a regi\u00e3o: at\u00e9 o final deste ano a marca espera conseguir 30 novos franqueados. O interesse se d\u00e1 por conta da alta demanda das principais capitais da regi\u00e3o. \u201c\u00c9 de se esperar que maiores concentra\u00e7\u00f5es urbanas necessitem de mais servi\u00e7os, de todos os tipos, e com o mercado de seguros n\u00e3o \u00e9 diferente\u201d, explica Henrique Mol, diretor executivo da marca. <\/span><\/p>\n<p style=\"margin-bottom: .0001pt; text-align: justify;\"><span style=\"font-family: 'Arial',sans-serif;\">H\u00e1 menos de um ano no franchising, a Quisto j\u00e1 conquistou 70 unidades franqueadas e, segundo o diretor, esse \u00e9 o momento ideal para dar in\u00edcio ao plano de expans\u00e3o. \u201cEstamos sempre presentes em feiras em todo o Brasil e, por conta disso, \u00e9 natural surgirem oportunidades no pa\u00eds inteiro. Analisamos todas as regi\u00f5es e sabemos que come\u00e7ar a expandir pelo Sudeste \u00e9 a melhor op\u00e7\u00e3o\u201d, explica. <\/span><\/p>\n<p style=\"margin-bottom: .0001pt; text-align: justify;\"><span style=\"font-size: 10.5pt; font-family: 'Arial',sans-serif;\">\u00a0<\/span><strong><span style=\"font-family: 'Arial',sans-serif;\">Tudo para dar certo<\/span><\/strong><\/p>\n<p style=\"margin-bottom: .0001pt; text-align: justify;\"><span style=\"font-family: 'Arial',sans-serif;\">Os n\u00fameros est\u00e3o a\u00ed para provar: <strong>a regi\u00e3o Sudeste \u00e9 a melhor para se fazer neg\u00f3cios no mercado de seguros<\/strong>. Isso porque 62,8% de todas as empresas que trabalham no ramo est\u00e3o em atividade na regi\u00e3o, segundo a Fenacor (Federa\u00e7\u00e3o Nacional dos Corretores de Seguros Privados e de Resseguros, de Capitaliza\u00e7\u00e3o, de Previd\u00eancia Privada, das Empresas Corretoras de Seguros e de Resseguros). Os quatro estados que comp\u00f5em a regi\u00e3o abrigam 27.840 corretoras, sendo que 18.957 est\u00e3o localizadas em S\u00e3o Paulo; 4.361 no Rio de Janeiro; 3.866 em Minas Gerais; e 656 no Esp\u00edrito Santo. <\/span><\/p>\n<p style=\"margin-bottom: .0001pt; text-align: justify;\"><span style=\"font-family: 'Arial',sans-serif;\">A quantidade de empresas \u00e9 proporcional \u00e0 gera\u00e7\u00e3o de receita na mesma regi\u00e3o que gera mais da metade dos pr\u00eamios de seguros, com participa\u00e7\u00e3o de 60%. \u201cS\u00e3o muitas empresas atuando no mesmo ramo em um mesmo lugar. Para muitos empres\u00e1rios esse seria um motivo para implementar sua marca em outras regi\u00f5es, mas vejo a\u00ed uma oportunidade maior ainda: fazer da Quisto uma refer\u00eancia no meio de todas essas op\u00e7\u00f5es\u201d, afirma o diretor.<\/span><\/p>\n<p style=\"margin-bottom: .0001pt; text-align: justify;\"><span style=\"font-family: 'Arial',sans-serif;\">A marca oferece dois modelos de neg\u00f3cio, home office e loja f\u00edsica, com investimentos iniciais de R$11.990 e R$25.590, respectivamente, sendo que a taxa de franquia e o capital de giro j\u00e1 est\u00e3o inclusos no investimento da modalidade home office. Os franqueados da Quisto t\u00eam \u00e0 disposi\u00e7\u00e3o um portf\u00f3lio completo com produtos que cobrem toda a demanda do mercado de seguros: solu\u00e7\u00f5es de vida, residenciais, empresarias, autom\u00f3veis, entre outros. <\/span><\/p>\n<p style=\"margin-bottom: .0001pt; text-align: justify;\"><span style=\"font-family: 'Arial',sans-serif;\">Neste primeiro momento o interesse da Quisto \u00e9 pelas capitais e principais cidades da regi\u00e3o. \u201cEsperamos uma forte concorr\u00eancia, principalmente em cidades como S\u00e3o Paulo, Rio de Janeiro e Belo Horizonte. Tamb\u00e9m vamos apostar na regi\u00e3o metropolitana dessas cidades com uma aten\u00e7\u00e3o especial para o interior\u201d, diz.<\/span><\/p>\n<p style=\"margin-bottom: .0001pt; text-align: justify;\"><span style=\"font-family: 'Arial',sans-serif;\">Com as expectativas em alta, a rede tem o cen\u00e1rio como aliado: em 2018, o mercado de seguros fechou o ano com R$245,6 bilh\u00f5es de arrecada\u00e7\u00f5es em pr\u00eamios, segundo a CNseg (Confedera\u00e7\u00e3o Nacional das Empresas de Seguros Gerais). Ainda, estima-se que cerca de 6,5% de todo o PIB (Produto Interno Bruto) brasileiro seja gerado por este mercado. \u201c\u00c9 uma responsabilidade muito grande lidar com os bens das pessoas, materiais ou pessoais. Quem procura nossos servi\u00e7os est\u00e1 em busca de uma garantia e servi\u00e7os que n\u00e3o s\u00f3 suprem suas expectativas, mas que tamb\u00e9m condizem com sua realidade e \u00e9 isso que oferecemos\u201d, garante Mol.<\/span><\/p>\n<p><strong>Fatos&amp;Ideias Comunica\u00e7\u00e3o<\/strong><\/p>\n<p style=\"margin-bottom: .0001pt; text-align: justify;\"><span style=\"font-size: 10.5pt; font-family: 'Arial',sans-serif;\">\u00a0<\/span><\/p>\n","protected":false},"excerpt":{"rendered":"<p>Explorar novos mercados \u00e9 algo buscado por boa parte das empresas e no mercado de franquias essa \u00e9 uma fase natural dos neg\u00f3cios. Enquanto algumas marcas preferem arriscar em novas regi\u00f5es, outras optam por consolidar ainda mais sua presen\u00e7a em \u00e1reas que j\u00e1 conhecem. A Quisto Corretora de Seguros possui 50 unidades na regi\u00e3o Sudeste [&hellip;]<\/p>\n","protected":false},"author":2,"featured_media":9761,"comment_status":"open","ping_status":"open","sticky":false,"template":"","format":"standard","meta":[],"categories":[133],"tags":[],"jetpack_featured_media_url":"https:\/\/insurancecorp.com.br\/pt\/wp-content\/uploads\/2019\/07\/1-46.jpg","yoast_head":"<!-- This site is optimized with the Yoast SEO plugin v14.8 - https:\/\/yoast.com\/wordpress\/plugins\/seo\/ -->\n<title>Regi\u00e3o Sudeste movimenta mais da metade do mercado | Revista Insurance Corp | PT-BR<\/title>\n<meta name=\"robots\" content=\"index, follow\" \/>\n<meta name=\"googlebot\" content=\"index, follow, max-snippet:-1, max-image-preview:large, max-video-preview:-1\" \/>\n<meta name=\"bingbot\" content=\"index, follow, max-snippet:-1, max-image-preview:large, max-video-preview:-1\" \/>\n<link rel=\"canonical\" href=\"https:\/\/insurancecorp.com.br\/pt\/2019\/07\/19\/regiao-sudeste-movimenta-mais-da-metade-do-mercado-de-seguros-brasileiro\/\" \/>\n<meta property=\"og:locale\" content=\"pt_BR\" \/>\n<meta property=\"og:type\" content=\"article\" \/>\n<meta property=\"og:title\" content=\"Regi\u00e3o Sudeste movimenta mais da metade do mercado | Revista Insurance Corp | PT-BR\" \/>\n<meta property=\"og:description\" content=\"Explorar novos mercados \u00e9 algo buscado por boa parte das empresas e no mercado de franquias essa \u00e9 uma fase natural dos neg\u00f3cios. Enquanto algumas marcas preferem arriscar em novas regi\u00f5es, outras optam por consolidar ainda mais sua presen\u00e7a em \u00e1reas que j\u00e1 conhecem. A Quisto Corretora de Seguros possui 50 unidades na regi\u00e3o Sudeste [&hellip;]\" \/>\n<meta property=\"og:url\" content=\"https:\/\/insurancecorp.com.br\/pt\/2019\/07\/19\/regiao-sudeste-movimenta-mais-da-metade-do-mercado-de-seguros-brasileiro\/\" \/>\n<meta property=\"og:site_name\" content=\"Revista Insurance Corp | PT-BR\" \/>\n<meta property=\"article:publisher\" content=\"https:\/\/www.facebook.com\/RevistaInsuranceCorp\/\" \/>\n<meta property=\"article:published_time\" content=\"2019-07-19T17:53:46+00:00\" \/>\n<meta property=\"article:modified_time\" content=\"2019-07-23T03:16:12+00:00\" \/>\n<meta property=\"og:image\" content=\"https:\/\/insurancecorp.com.br\/pt\/wp-content\/uploads\/2019\/07\/1-46.jpg\" \/>\n\t<meta property=\"og:image:width\" content=\"1000\" \/>\n\t<meta property=\"og:image:height\" content=\"667\" \/>\n<meta name=\"twitter:card\" content=\"summary\" \/>\n<script type=\"application\/ld+json\" class=\"yoast-schema-graph\">{\"@context\":\"https:\/\/schema.org\",\"@graph\":[{\"@type\":\"Organization\",\"@id\":\"https:\/\/insurancecorp.com.br\/pt\/#organization\",\"name\":\"Revista Insurance Corp\",\"url\":\"https:\/\/insurancecorp.com.br\/pt\/\",\"sameAs\":[\"https:\/\/www.facebook.com\/RevistaInsuranceCorp\/\"],\"logo\":{\"@type\":\"ImageObject\",\"@id\":\"https:\/\/insurancecorp.com.br\/pt\/#logo\",\"inLanguage\":\"pt-BR\",\"url\":\"\",\"caption\":\"Revista Insurance Corp\"},\"image\":{\"@id\":\"https:\/\/insurancecorp.com.br\/pt\/#logo\"}},{\"@type\":\"WebSite\",\"@id\":\"https:\/\/insurancecorp.com.br\/pt\/#website\",\"url\":\"https:\/\/insurancecorp.com.br\/pt\/\",\"name\":\"Revista Insurance Corp | PT-BR\",\"description\":\"A \\u00fanica revista bil\\u00edngue voltada ao mercado de seguro.\",\"publisher\":{\"@id\":\"https:\/\/insurancecorp.com.br\/pt\/#organization\"},\"potentialAction\":[{\"@type\":\"SearchAction\",\"target\":\"https:\/\/insurancecorp.com.br\/pt\/?s={search_term_string}\",\"query-input\":\"required name=search_term_string\"}],\"inLanguage\":\"pt-BR\"},{\"@type\":\"ImageObject\",\"@id\":\"https:\/\/insurancecorp.com.br\/pt\/2019\/07\/19\/regiao-sudeste-movimenta-mais-da-metade-do-mercado-de-seguros-brasileiro\/#primaryimage\",\"inLanguage\":\"pt-BR\",\"url\":\"https:\/\/insurancecorp.com.br\/pt\/wp-content\/uploads\/2019\/07\/1-46.jpg\",\"width\":1000,\"height\":667},{\"@type\":\"WebPage\",\"@id\":\"https:\/\/insurancecorp.com.br\/pt\/2019\/07\/19\/regiao-sudeste-movimenta-mais-da-metade-do-mercado-de-seguros-brasileiro\/#webpage\",\"url\":\"https:\/\/insurancecorp.com.br\/pt\/2019\/07\/19\/regiao-sudeste-movimenta-mais-da-metade-do-mercado-de-seguros-brasileiro\/\",\"name\":\"Regi\\u00e3o Sudeste movimenta mais da metade do mercado | Revista Insurance Corp | PT-BR\",\"isPartOf\":{\"@id\":\"https:\/\/insurancecorp.com.br\/pt\/#website\"},\"primaryImageOfPage\":{\"@id\":\"https:\/\/insurancecorp.com.br\/pt\/2019\/07\/19\/regiao-sudeste-movimenta-mais-da-metade-do-mercado-de-seguros-brasileiro\/#primaryimage\"},\"datePublished\":\"2019-07-19T17:53:46+00:00\",\"dateModified\":\"2019-07-23T03:16:12+00:00\",\"inLanguage\":\"pt-BR\",\"potentialAction\":[{\"@type\":\"ReadAction\",\"target\":[\"https:\/\/insurancecorp.com.br\/pt\/2019\/07\/19\/regiao-sudeste-movimenta-mais-da-metade-do-mercado-de-seguros-brasileiro\/\"]}]},{\"@type\":\"Article\",\"@id\":\"https:\/\/insurancecorp.com.br\/pt\/2019\/07\/19\/regiao-sudeste-movimenta-mais-da-metade-do-mercado-de-seguros-brasileiro\/#article\",\"isPartOf\":{\"@id\":\"https:\/\/insurancecorp.com.br\/pt\/2019\/07\/19\/regiao-sudeste-movimenta-mais-da-metade-do-mercado-de-seguros-brasileiro\/#webpage\"},\"author\":{\"@id\":\"https:\/\/insurancecorp.com.br\/pt\/#\/schema\/person\/1b69c8cf325f0b7167f1b171f52df4af\"},\"headline\":\"Regi\\u00e3o Sudeste movimenta mais da metade do mercado\",\"datePublished\":\"2019-07-19T17:53:46+00:00\",\"dateModified\":\"2019-07-23T03:16:12+00:00\",\"mainEntityOfPage\":{\"@id\":\"https:\/\/insurancecorp.com.br\/pt\/2019\/07\/19\/regiao-sudeste-movimenta-mais-da-metade-do-mercado-de-seguros-brasileiro\/#webpage\"},\"commentCount\":0,\"publisher\":{\"@id\":\"https:\/\/insurancecorp.com.br\/pt\/#organization\"},\"image\":{\"@id\":\"https:\/\/insurancecorp.com.br\/pt\/2019\/07\/19\/regiao-sudeste-movimenta-mais-da-metade-do-mercado-de-seguros-brasileiro\/#primaryimage\"},\"articleSection\":\"Seguradoras\",\"inLanguage\":\"pt-BR\",\"potentialAction\":[{\"@type\":\"CommentAction\",\"name\":\"Comment\",\"target\":[\"https:\/\/insurancecorp.com.br\/pt\/2019\/07\/19\/regiao-sudeste-movimenta-mais-da-metade-do-mercado-de-seguros-brasileiro\/#respond\"]}]},{\"@type\":\"Person\",\"@id\":\"https:\/\/insurancecorp.com.br\/pt\/#\/schema\/person\/1b69c8cf325f0b7167f1b171f52df4af\",\"name\":\"Publica\\u00e7\\u00e3o\",\"image\":{\"@type\":\"ImageObject\",\"@id\":\"https:\/\/insurancecorp.com.br\/pt\/#personlogo\",\"inLanguage\":\"pt-BR\",\"url\":\"https:\/\/secure.gravatar.com\/avatar\/17226f1f60486eb25d4c6b301ffed37f?s=96&d=mm&r=g\",\"caption\":\"Publica\\u00e7\\u00e3o\"}}]}<\/script>\n<!-- \/ Yoast SEO plugin. -->","_links":{"self":[{"href":"https:\/\/insurancecorp.com.br\/pt\/wp-json\/wp\/v2\/posts\/9760"}],"collection":[{"href":"https:\/\/insurancecorp.com.br\/pt\/wp-json\/wp\/v2\/posts"}],"about":[{"href":"https:\/\/insurancecorp.com.br\/pt\/wp-json\/wp\/v2\/types\/post"}],"author":[{"embeddable":true,"href":"https:\/\/insurancecorp.com.br\/pt\/wp-json\/wp\/v2\/users\/2"}],"replies":[{"embeddable":true,"href":"https:\/\/insurancecorp.com.br\/pt\/wp-json\/wp\/v2\/comments?post=9760"}],"version-history":[{"count":3,"href":"https:\/\/insurancecorp.com.br\/pt\/wp-json\/wp\/v2\/posts\/9760\/revisions"}],"predecessor-version":[{"id":9849,"href":"https:\/\/insurancecorp.com.br\/pt\/wp-json\/wp\/v2\/posts\/9760\/revisions\/9849"}],"wp:featuredmedia":[{"embeddable":true,"href":"https:\/\/insurancecorp.com.br\/pt\/wp-json\/wp\/v2\/media\/9761"}],"wp:attachment":[{"href":"https:\/\/insurancecorp.com.br\/pt\/wp-json\/wp\/v2\/media?parent=9760"}],"wp:term":[{"taxonomy":"category","embeddable":true,"href":"https:\/\/insurancecorp.com.br\/pt\/wp-json\/wp\/v2\/categories?post=9760"},{"taxonomy":"post_tag","embeddable":true,"href":"https:\/\/insurancecorp.com.br\/pt\/wp-json\/wp\/v2\/tags?post=9760"}],"curies":[{"name":"wp","href":"https:\/\/api.w.org\/{rel}","templated":true}]}}