{"id":9365,"date":"2019-07-04T10:09:51","date_gmt":"2019-07-04T13:09:51","guid":{"rendered":"https:\/\/insurancecorp.com.br\/pt\/?p=9365"},"modified":"2019-07-04T10:11:10","modified_gmt":"2019-07-04T13:11:10","slug":"csp-mg-encerra-a-serie-de-workshops-conhecer-para-proteger","status":"publish","type":"post","link":"https:\/\/insurancecorp.com.br\/pt\/2019\/07\/04\/csp-mg-encerra-a-serie-de-workshops-conhecer-para-proteger\/","title":{"rendered":"CSP-MG encerra a s\u00e9rie de workshops Conhecer para Proteger"},"content":{"rendered":"<p class=\"ydp6de95fe5msonormal\" style=\"text-align: justify;\"><span style=\"font-family: 'Helvetica',sans-serif;\">No dia 2 de julho, aconteceu o V Workshop Conhecer para Proteger, encerrando a s\u00e9rie de encontros realizados pelo Clube de Seguros de Pessoas de Minas Gerais (CSP-MG) com apoio das institui\u00e7\u00f5es benem\u00e9ritas. O \u00faltimo evento reuniu 180 pessoas na Escola Nacional de Seguros, em Belo Horizonte.<\/span><\/p>\n<p class=\"ydp6de95fe5msonormal\" style=\"text-align: justify;\"><span style=\"font-family: 'Helvetica',sans-serif;\">Participaram do workshop os executivos Alexsander Kaufmann (MBM Seguros de Pessoas), Fabiana Resende (PASI), David Novloski (Sudamerica Vida), Sergio Canesso (Tokio Marine Seguradora) e Karina Guerra Paiva (Zurich Minas Brasil). <\/span><\/p>\n<p class=\"ydp6de95fe5msonormal\" style=\"text-align: justify;\"><span style=\"font-family: 'Helvetica',sans-serif;\">Eles conversaram com os corretores sobre m\u00e9todos de comercializa\u00e7\u00e3o dos seguros de pessoas, principalmente os produtos de Vida. Os especialistas citaram como vantagens o aumento da rentabilidade da corretora, comiss\u00f5es atrativas, fideliza\u00e7\u00e3o dos clientes, contrata\u00e7\u00e3o simplificada e renova\u00e7\u00e3o autom\u00e1tica do seguro.<\/span><\/p>\n<p class=\"ydp6de95fe5msonormal\" style=\"text-align: justify;\"><span style=\"font-family: 'Helvetica',sans-serif;\">Os palestrantes tamb\u00e9m sugeriram t\u00e9cnicas de prospec\u00e7\u00e3o e abordagem aos clientes, al\u00e9m de estrat\u00e9gias para tornar a comercializa\u00e7\u00e3o mais eficaz. <\/span><\/p>\n<p class=\"ydp6de95fe5msonormal\" style=\"text-align: justify;\"><b><span style=\"font-family: 'Helvetica',sans-serif;\">Capacita\u00e7\u00e3o e conhecimento<\/span><\/b><span style=\"font-family: 'Helvetica',sans-serif;\"> &#8211; Na avalia\u00e7\u00e3o do presidente do CSP-MG, Jo\u00e3o Paulo Moreira de Mello, o projeto, que teve in\u00edcio em abril, cumpriu seu objetivo ao conseguir aproximadamente 800 participa\u00e7\u00f5es ao longo de cinco encontros. <\/span><\/p>\n<p class=\"ydp6de95fe5msonormal\" style=\"text-align: justify;\"><span style=\"font-family: 'Helvetica',sans-serif;\">\u201cReunimos corretores de Belo Horizonte e Regi\u00e3o Metropolitana e tamb\u00e9m do interior como Uberaba, Juiz de Fora, Montes Claros, Ipatinga, Jo\u00e3o Monlevade, Par\u00e1 de Minas, Divin\u00f3polis, Sete Lagoas, entre outras cidades. Prestigiaram o evento corretores rec\u00e9m-formados, em forma\u00e7\u00e3o, e outros j\u00e1 com grande experi\u00eancia. Foi bastante gratificante observar tantos profissionais em busca de se capacitar, ampliar seus conhecimentos em seguros de pessoas, para suprir as necessidades de um mercado consumidor cada vez mais exigente\u201d, ressaltou.<\/span><\/p>\n<p class=\"ydp6de95fe5msonormal\" style=\"text-align: justify;\"><span style=\"font-family: 'Helvetica',sans-serif;\">Quem participou do projeto aprovou a iniciativa. \u201cEstive presente em todos os workshops da s\u00e9rie Conhecer para Proteger. Uma grande iniciativa, muito bem organizada e estruturada. Destaco a participa\u00e7\u00e3o das maiores seguradoras do mercado mundial, nos mostrando solu\u00e7\u00f5es inovadoras para que possamos ter mais agilidade nas vendas. O CSP-MG est\u00e1 de parab\u00e9ns por esses eventos, que abriram um novo horizonte de conhecimento para os corretores\u201d, elogiou o corretor Leonardo Leal, do Grupo Positivo Seguros.<\/span><\/p>\n<p class=\"ydp6de95fe5msonormal\" style=\"text-align: justify;\"><span style=\"font-family: 'Helvetica',sans-serif;\">J\u00e1 a corretora Anesca Vilela, da AFV Seguros, disse que j\u00e1 est\u00e1 aplicando os conhecimentos adquiridos na sua empresa, com resultados positivos. Ela tamb\u00e9m participou de toda s\u00e9rie de workshops. \u201cRecebi dicas de vendas e prospec\u00e7\u00e3o de neg\u00f3cios, inclusive j\u00e1 apliquei no meu dia a dia e deu certo. O CSP-MG e as benem\u00e9ritas est\u00e3o de parab\u00e9ns, pois conseguiram apresentar as novidades das companhias, promovendo a intera\u00e7\u00e3o entre corretores e seguradoras\u201d.<\/span><\/p>\n<p class=\"ydp6de95fe5msonormal\" style=\"text-align: justify;\"><span style=\"font-family: 'Helvetica',sans-serif;\">Segundo o presidente Jo\u00e3o Paulo Mello, o CSP-MG j\u00e1 tem planejado mais tr\u00eas eventos de capacita\u00e7\u00e3o at\u00e9 o fim do ano, al\u00e9m da tradicional confraterniza\u00e7\u00e3o da entidade.<\/span><\/p>\n<p><strong>DG Comunica\u00e7\u00e3o<\/strong><\/p>\n<p>Foto:\u00a0Karina Paiva, especialista em Planejamento de Neg\u00f3cio Life da Zurich Minas Brasil<\/p>\n","protected":false},"excerpt":{"rendered":"<p>No dia 2 de julho, aconteceu o V Workshop Conhecer para Proteger, encerrando a s\u00e9rie de encontros realizados pelo Clube de Seguros de Pessoas de Minas Gerais (CSP-MG) com apoio das institui\u00e7\u00f5es benem\u00e9ritas. O \u00faltimo evento reuniu 180 pessoas na Escola Nacional de Seguros, em Belo Horizonte. Participaram do workshop os executivos Alexsander Kaufmann (MBM [&hellip;]<\/p>\n","protected":false},"author":2,"featured_media":9366,"comment_status":"open","ping_status":"open","sticky":false,"template":"","format":"standard","meta":[],"categories":[279],"tags":[],"jetpack_featured_media_url":"https:\/\/insurancecorp.com.br\/pt\/wp-content\/uploads\/2019\/07\/1-12.jpg","yoast_head":"<!-- This site is optimized with the Yoast SEO plugin v14.8 - https:\/\/yoast.com\/wordpress\/plugins\/seo\/ -->\n<title>CSP-MG encerra a s\u00e9rie de workshops Conhecer para Proteger | Revista Insurance Corp | PT-BR<\/title>\n<meta name=\"robots\" content=\"index, follow\" \/>\n<meta name=\"googlebot\" content=\"index, follow, max-snippet:-1, max-image-preview:large, max-video-preview:-1\" \/>\n<meta name=\"bingbot\" content=\"index, follow, max-snippet:-1, max-image-preview:large, max-video-preview:-1\" \/>\n<link rel=\"canonical\" href=\"https:\/\/insurancecorp.com.br\/pt\/2019\/07\/04\/csp-mg-encerra-a-serie-de-workshops-conhecer-para-proteger\/\" \/>\n<meta property=\"og:locale\" content=\"pt_BR\" \/>\n<meta property=\"og:type\" content=\"article\" \/>\n<meta property=\"og:title\" content=\"CSP-MG encerra a s\u00e9rie de workshops Conhecer para Proteger | Revista Insurance Corp | PT-BR\" \/>\n<meta property=\"og:description\" content=\"No dia 2 de julho, aconteceu o V Workshop Conhecer para Proteger, encerrando a s\u00e9rie de encontros realizados pelo Clube de Seguros de Pessoas de Minas Gerais (CSP-MG) com apoio das institui\u00e7\u00f5es benem\u00e9ritas. O \u00faltimo evento reuniu 180 pessoas na Escola Nacional de Seguros, em Belo Horizonte. Participaram do workshop os executivos Alexsander Kaufmann (MBM [&hellip;]\" \/>\n<meta property=\"og:url\" content=\"https:\/\/insurancecorp.com.br\/pt\/2019\/07\/04\/csp-mg-encerra-a-serie-de-workshops-conhecer-para-proteger\/\" \/>\n<meta property=\"og:site_name\" content=\"Revista Insurance Corp | PT-BR\" \/>\n<meta property=\"article:publisher\" content=\"https:\/\/www.facebook.com\/RevistaInsuranceCorp\/\" \/>\n<meta property=\"article:published_time\" content=\"2019-07-04T13:09:51+00:00\" \/>\n<meta property=\"article:modified_time\" content=\"2019-07-04T13:11:10+00:00\" \/>\n<meta property=\"og:image\" content=\"https:\/\/insurancecorp.com.br\/pt\/wp-content\/uploads\/2019\/07\/1-12.jpg\" \/>\n\t<meta property=\"og:image:width\" content=\"1200\" \/>\n\t<meta property=\"og:image:height\" content=\"601\" \/>\n<meta name=\"twitter:card\" content=\"summary\" \/>\n<script type=\"application\/ld+json\" class=\"yoast-schema-graph\">{\"@context\":\"https:\/\/schema.org\",\"@graph\":[{\"@type\":\"Organization\",\"@id\":\"https:\/\/insurancecorp.com.br\/pt\/#organization\",\"name\":\"Revista Insurance Corp\",\"url\":\"https:\/\/insurancecorp.com.br\/pt\/\",\"sameAs\":[\"https:\/\/www.facebook.com\/RevistaInsuranceCorp\/\"],\"logo\":{\"@type\":\"ImageObject\",\"@id\":\"https:\/\/insurancecorp.com.br\/pt\/#logo\",\"inLanguage\":\"pt-BR\",\"url\":\"\",\"caption\":\"Revista Insurance Corp\"},\"image\":{\"@id\":\"https:\/\/insurancecorp.com.br\/pt\/#logo\"}},{\"@type\":\"WebSite\",\"@id\":\"https:\/\/insurancecorp.com.br\/pt\/#website\",\"url\":\"https:\/\/insurancecorp.com.br\/pt\/\",\"name\":\"Revista Insurance Corp | PT-BR\",\"description\":\"A \\u00fanica revista bil\\u00edngue voltada ao mercado de seguro.\",\"publisher\":{\"@id\":\"https:\/\/insurancecorp.com.br\/pt\/#organization\"},\"potentialAction\":[{\"@type\":\"SearchAction\",\"target\":\"https:\/\/insurancecorp.com.br\/pt\/?s={search_term_string}\",\"query-input\":\"required name=search_term_string\"}],\"inLanguage\":\"pt-BR\"},{\"@type\":\"ImageObject\",\"@id\":\"https:\/\/insurancecorp.com.br\/pt\/2019\/07\/04\/csp-mg-encerra-a-serie-de-workshops-conhecer-para-proteger\/#primaryimage\",\"inLanguage\":\"pt-BR\",\"url\":\"https:\/\/insurancecorp.com.br\/pt\/wp-content\/uploads\/2019\/07\/1-12.jpg\",\"width\":1200,\"height\":601},{\"@type\":\"WebPage\",\"@id\":\"https:\/\/insurancecorp.com.br\/pt\/2019\/07\/04\/csp-mg-encerra-a-serie-de-workshops-conhecer-para-proteger\/#webpage\",\"url\":\"https:\/\/insurancecorp.com.br\/pt\/2019\/07\/04\/csp-mg-encerra-a-serie-de-workshops-conhecer-para-proteger\/\",\"name\":\"CSP-MG encerra a s\\u00e9rie de workshops Conhecer para Proteger | Revista Insurance Corp | PT-BR\",\"isPartOf\":{\"@id\":\"https:\/\/insurancecorp.com.br\/pt\/#website\"},\"primaryImageOfPage\":{\"@id\":\"https:\/\/insurancecorp.com.br\/pt\/2019\/07\/04\/csp-mg-encerra-a-serie-de-workshops-conhecer-para-proteger\/#primaryimage\"},\"datePublished\":\"2019-07-04T13:09:51+00:00\",\"dateModified\":\"2019-07-04T13:11:10+00:00\",\"inLanguage\":\"pt-BR\",\"potentialAction\":[{\"@type\":\"ReadAction\",\"target\":[\"https:\/\/insurancecorp.com.br\/pt\/2019\/07\/04\/csp-mg-encerra-a-serie-de-workshops-conhecer-para-proteger\/\"]}]},{\"@type\":\"Article\",\"@id\":\"https:\/\/insurancecorp.com.br\/pt\/2019\/07\/04\/csp-mg-encerra-a-serie-de-workshops-conhecer-para-proteger\/#article\",\"isPartOf\":{\"@id\":\"https:\/\/insurancecorp.com.br\/pt\/2019\/07\/04\/csp-mg-encerra-a-serie-de-workshops-conhecer-para-proteger\/#webpage\"},\"author\":{\"@id\":\"https:\/\/insurancecorp.com.br\/pt\/#\/schema\/person\/1b69c8cf325f0b7167f1b171f52df4af\"},\"headline\":\"CSP-MG encerra a s\\u00e9rie de workshops Conhecer para Proteger\",\"datePublished\":\"2019-07-04T13:09:51+00:00\",\"dateModified\":\"2019-07-04T13:11:10+00:00\",\"mainEntityOfPage\":{\"@id\":\"https:\/\/insurancecorp.com.br\/pt\/2019\/07\/04\/csp-mg-encerra-a-serie-de-workshops-conhecer-para-proteger\/#webpage\"},\"commentCount\":0,\"publisher\":{\"@id\":\"https:\/\/insurancecorp.com.br\/pt\/#organization\"},\"image\":{\"@id\":\"https:\/\/insurancecorp.com.br\/pt\/2019\/07\/04\/csp-mg-encerra-a-serie-de-workshops-conhecer-para-proteger\/#primaryimage\"},\"articleSection\":\"CCSP-MG\",\"inLanguage\":\"pt-BR\",\"potentialAction\":[{\"@type\":\"CommentAction\",\"name\":\"Comment\",\"target\":[\"https:\/\/insurancecorp.com.br\/pt\/2019\/07\/04\/csp-mg-encerra-a-serie-de-workshops-conhecer-para-proteger\/#respond\"]}]},{\"@type\":\"Person\",\"@id\":\"https:\/\/insurancecorp.com.br\/pt\/#\/schema\/person\/1b69c8cf325f0b7167f1b171f52df4af\",\"name\":\"Publica\\u00e7\\u00e3o\",\"image\":{\"@type\":\"ImageObject\",\"@id\":\"https:\/\/insurancecorp.com.br\/pt\/#personlogo\",\"inLanguage\":\"pt-BR\",\"url\":\"https:\/\/secure.gravatar.com\/avatar\/17226f1f60486eb25d4c6b301ffed37f?s=96&d=mm&r=g\",\"caption\":\"Publica\\u00e7\\u00e3o\"}}]}<\/script>\n<!-- \/ Yoast SEO plugin. -->","_links":{"self":[{"href":"https:\/\/insurancecorp.com.br\/pt\/wp-json\/wp\/v2\/posts\/9365"}],"collection":[{"href":"https:\/\/insurancecorp.com.br\/pt\/wp-json\/wp\/v2\/posts"}],"about":[{"href":"https:\/\/insurancecorp.com.br\/pt\/wp-json\/wp\/v2\/types\/post"}],"author":[{"embeddable":true,"href":"https:\/\/insurancecorp.com.br\/pt\/wp-json\/wp\/v2\/users\/2"}],"replies":[{"embeddable":true,"href":"https:\/\/insurancecorp.com.br\/pt\/wp-json\/wp\/v2\/comments?post=9365"}],"version-history":[{"count":2,"href":"https:\/\/insurancecorp.com.br\/pt\/wp-json\/wp\/v2\/posts\/9365\/revisions"}],"predecessor-version":[{"id":9368,"href":"https:\/\/insurancecorp.com.br\/pt\/wp-json\/wp\/v2\/posts\/9365\/revisions\/9368"}],"wp:featuredmedia":[{"embeddable":true,"href":"https:\/\/insurancecorp.com.br\/pt\/wp-json\/wp\/v2\/media\/9366"}],"wp:attachment":[{"href":"https:\/\/insurancecorp.com.br\/pt\/wp-json\/wp\/v2\/media?parent=9365"}],"wp:term":[{"taxonomy":"category","embeddable":true,"href":"https:\/\/insurancecorp.com.br\/pt\/wp-json\/wp\/v2\/categories?post=9365"},{"taxonomy":"post_tag","embeddable":true,"href":"https:\/\/insurancecorp.com.br\/pt\/wp-json\/wp\/v2\/tags?post=9365"}],"curies":[{"name":"wp","href":"https:\/\/api.w.org\/{rel}","templated":true}]}}