{"id":9284,"date":"2019-07-02T09:27:03","date_gmt":"2019-07-02T12:27:03","guid":{"rendered":"https:\/\/insurancecorp.com.br\/pt\/?p=9284"},"modified":"2019-07-02T09:27:15","modified_gmt":"2019-07-02T12:27:15","slug":"qualificacao-do-programa-recomeco-em-sao-paulo-chega-ao-fim","status":"publish","type":"post","link":"https:\/\/insurancecorp.com.br\/pt\/2019\/07\/02\/qualificacao-do-programa-recomeco-em-sao-paulo-chega-ao-fim\/","title":{"rendered":"Qualifica\u00e7\u00e3o do Programa Recome\u00e7o, em S\u00e3o Paulo, chega ao fim"},"content":{"rendered":"<form id=\"aspnetForm\" action=\"\/pages\/newsletter-detalhe.aspx?cid=332\" method=\"post\">\n<div id=\"s4-workspace\">\n<div id=\"s4-bodyContainer\">\n<div data-name=\"ContentPlaceHolderMain\">\n<div class=\"content-wrap\">\n<div class=\"container\">\n<div class=\"row\">\n<div id=\"ctl00_PlaceHolderMain_ctl02__ControlWrapper_RichHtmlField\" class=\"ms-rtestate-field\" aria-labelledby=\"ctl00_PlaceHolderMain_ctl02_label\">\n<div class=\"news-detalhe\">\n<div class=\"ms-rtestate-read ms-rte-wpbox\">\n<div id=\"div_2c43d65d-f183-487c-a5cb-77d6e5f6664a\" class=\"ms-rtestate-notify  ms-rtestate-read 2c43d65d-f183-487c-a5cb-77d6e5f6664a\">\n<div id=\"MSOZoneCell_WebPartctl00_ctl46_g_2c43d65d_f183_487c_a5cb_77d6e5f6664a\" class=\"s4-wpcell-plain ms-webpartzone-cell ms-webpart-cell-vertical ms-fullWidth \">\n<div class=\"ms-webpart-chrome ms-webpart-chrome-vertical ms-webpart-chrome-fullWidth \">\n<div id=\"WebPartctl00_ctl46_g_2c43d65d_f183_487c_a5cb_77d6e5f6664a\" class=\"ms-WPBody \">\n<div id=\"ctl00_ctl46_g_2c43d65d_f183_487c_a5cb_77d6e5f6664a\">\n<div class=\"ExternalClass616E181FD0BE4D34AED88877DBAE77DF\">\n<p>Nesta sexta-feira, dia 05\/07, a Seguradora L\u00edder celebra a conclus\u00e3o da segunda fase da qualifica\u00e7\u00e3o de benefici\u00e1rios do Seguro DPVAT por meio do Programa Recome\u00e7o. Como noticiado na <a href=\"https:\/\/www.seguradoralider.com.br\/pages\/newsletter-detalhe.aspx?cid=316\">83\u00aa edi\u00e7\u00e3o da newsletter L\u00edder Informa<\/a>, depois da turma-piloto no Rio de Janeiro, um novo grupo de benefici\u00e1rios entrou em sala de aula no \u00faltimo dia 03\/06, na Escola Nacional de Seguros (ENS), para um m\u00eas de aulas sobre temas como atendimento ao cliente; conceitos b\u00e1sicos de seguros; l\u00edngua portuguesa; orienta\u00e7\u00e3o profissional; matem\u00e1tica financeira; rotinas administrativas e informa\u00e7\u00e3o b\u00e1sica.<\/p>\n<p>Depois de sofrer um acidente de moto e ficar com sequelas neurol\u00f3gicas, Ana Claudia do Nascimento Marchi relata a dificuldade de conseguir uma nova oportunidade no mercado de trabalho, mas afirma que a experi\u00eancia na qualifica\u00e7\u00e3o \u00e9 um marco em sua vida. \u201c\u00c9 um recome\u00e7o mesmo! O aprendizado e o conhecimento s\u00e3o importantes. Mas o saber que algu\u00e9m se importa vale muito, muito mais!\u201d<\/p>\n<p>O Programa Recome\u00e7o conta com uma Plataforma Digital, dispon\u00edvel em <a href=\"https:\/\/www.seguradoralider.com.br\/recomeco\/Paginas\/home.aspx\">www.seguradoralider.com.br\/recomeco<\/a>, que permite a disponibiliza\u00e7\u00e3o de vagas pelas empresas parceiras e o cadastramento dos benefici\u00e1rios do Seguro DPVAT interessados em uma oportunidade. At\u00e9 o momento, h\u00e1 32 empresas cadastradas no Programa e mais de 250 benefici\u00e1rios com curr\u00edculo ativo na plataforma virtual do Recome\u00e7o. Para recrutar os candidatos que integram o Programa, as empresas devem enviar um e-mail para <a href=\"https:\/\/www.seguradoralider.com.br\/Lists\/Newsletters%20Artigos\/recomeco@seguradoralider.com.br\">recomeco@seguradoralider.com.br<\/a>, manifestando o desejo de se tornar parceira.<\/p>\n<p><strong>Newsletter &#8211; 01\/07\/2019 &#8211; 87\u00aa Edi\u00e7\u00e3o<\/strong><\/p>\n<\/div>\n<\/div>\n<\/div>\n<\/div>\n<\/div>\n<\/div>\n<\/div>\n<\/div>\n<\/div>\n<\/div>\n<\/div>\n<\/div>\n<\/div>\n<\/div>\n<\/div>\n<\/form>\n","protected":false},"excerpt":{"rendered":"<p>Nesta sexta-feira, dia 05\/07, a Seguradora L\u00edder celebra a conclus\u00e3o da segunda fase da qualifica\u00e7\u00e3o de benefici\u00e1rios do Seguro DPVAT por meio do Programa Recome\u00e7o. Como noticiado na 83\u00aa edi\u00e7\u00e3o da newsletter L\u00edder Informa, depois da turma-piloto no Rio de Janeiro, um novo grupo de benefici\u00e1rios entrou em sala de aula no \u00faltimo dia 03\/06, [&hellip;]<\/p>\n","protected":false},"author":2,"featured_media":9285,"comment_status":"open","ping_status":"open","sticky":false,"template":"","format":"standard","meta":[],"categories":[147],"tags":[],"jetpack_featured_media_url":"https:\/\/insurancecorp.com.br\/pt\/wp-content\/uploads\/2019\/07\/1-3.jpg","yoast_head":"<!-- This site is optimized with the Yoast SEO plugin v14.8 - https:\/\/yoast.com\/wordpress\/plugins\/seo\/ -->\n<title>Qualifica\u00e7\u00e3o do Programa Recome\u00e7o, em S\u00e3o Paulo, chega ao fim | Revista Insurance Corp | PT-BR<\/title>\n<meta name=\"robots\" content=\"index, follow\" \/>\n<meta name=\"googlebot\" content=\"index, follow, max-snippet:-1, max-image-preview:large, max-video-preview:-1\" \/>\n<meta name=\"bingbot\" content=\"index, follow, max-snippet:-1, max-image-preview:large, max-video-preview:-1\" \/>\n<link rel=\"canonical\" href=\"https:\/\/insurancecorp.com.br\/pt\/2019\/07\/02\/qualificacao-do-programa-recomeco-em-sao-paulo-chega-ao-fim\/\" \/>\n<meta property=\"og:locale\" content=\"pt_BR\" \/>\n<meta property=\"og:type\" content=\"article\" \/>\n<meta property=\"og:title\" content=\"Qualifica\u00e7\u00e3o do Programa Recome\u00e7o, em S\u00e3o Paulo, chega ao fim | Revista Insurance Corp | PT-BR\" \/>\n<meta property=\"og:description\" content=\"Nesta sexta-feira, dia 05\/07, a Seguradora L\u00edder celebra a conclus\u00e3o da segunda fase da qualifica\u00e7\u00e3o de benefici\u00e1rios do Seguro DPVAT por meio do Programa Recome\u00e7o. Como noticiado na 83\u00aa edi\u00e7\u00e3o da newsletter L\u00edder Informa, depois da turma-piloto no Rio de Janeiro, um novo grupo de benefici\u00e1rios entrou em sala de aula no \u00faltimo dia 03\/06, [&hellip;]\" \/>\n<meta property=\"og:url\" content=\"https:\/\/insurancecorp.com.br\/pt\/2019\/07\/02\/qualificacao-do-programa-recomeco-em-sao-paulo-chega-ao-fim\/\" \/>\n<meta property=\"og:site_name\" content=\"Revista Insurance Corp | PT-BR\" \/>\n<meta property=\"article:publisher\" content=\"https:\/\/www.facebook.com\/RevistaInsuranceCorp\/\" \/>\n<meta property=\"article:published_time\" content=\"2019-07-02T12:27:03+00:00\" \/>\n<meta property=\"article:modified_time\" content=\"2019-07-02T12:27:15+00:00\" \/>\n<meta property=\"og:image\" content=\"https:\/\/insurancecorp.com.br\/pt\/wp-content\/uploads\/2019\/07\/1-3.jpg\" \/>\n\t<meta property=\"og:image:width\" content=\"1000\" \/>\n\t<meta property=\"og:image:height\" content=\"355\" \/>\n<meta name=\"twitter:card\" content=\"summary\" \/>\n<script type=\"application\/ld+json\" class=\"yoast-schema-graph\">{\"@context\":\"https:\/\/schema.org\",\"@graph\":[{\"@type\":\"Organization\",\"@id\":\"https:\/\/insurancecorp.com.br\/pt\/#organization\",\"name\":\"Revista Insurance Corp\",\"url\":\"https:\/\/insurancecorp.com.br\/pt\/\",\"sameAs\":[\"https:\/\/www.facebook.com\/RevistaInsuranceCorp\/\"],\"logo\":{\"@type\":\"ImageObject\",\"@id\":\"https:\/\/insurancecorp.com.br\/pt\/#logo\",\"inLanguage\":\"pt-BR\",\"url\":\"\",\"caption\":\"Revista Insurance Corp\"},\"image\":{\"@id\":\"https:\/\/insurancecorp.com.br\/pt\/#logo\"}},{\"@type\":\"WebSite\",\"@id\":\"https:\/\/insurancecorp.com.br\/pt\/#website\",\"url\":\"https:\/\/insurancecorp.com.br\/pt\/\",\"name\":\"Revista Insurance Corp | PT-BR\",\"description\":\"A \\u00fanica revista bil\\u00edngue voltada ao mercado de seguro.\",\"publisher\":{\"@id\":\"https:\/\/insurancecorp.com.br\/pt\/#organization\"},\"potentialAction\":[{\"@type\":\"SearchAction\",\"target\":\"https:\/\/insurancecorp.com.br\/pt\/?s={search_term_string}\",\"query-input\":\"required name=search_term_string\"}],\"inLanguage\":\"pt-BR\"},{\"@type\":\"ImageObject\",\"@id\":\"https:\/\/insurancecorp.com.br\/pt\/2019\/07\/02\/qualificacao-do-programa-recomeco-em-sao-paulo-chega-ao-fim\/#primaryimage\",\"inLanguage\":\"pt-BR\",\"url\":\"https:\/\/insurancecorp.com.br\/pt\/wp-content\/uploads\/2019\/07\/1-3.jpg\",\"width\":1000,\"height\":355},{\"@type\":\"WebPage\",\"@id\":\"https:\/\/insurancecorp.com.br\/pt\/2019\/07\/02\/qualificacao-do-programa-recomeco-em-sao-paulo-chega-ao-fim\/#webpage\",\"url\":\"https:\/\/insurancecorp.com.br\/pt\/2019\/07\/02\/qualificacao-do-programa-recomeco-em-sao-paulo-chega-ao-fim\/\",\"name\":\"Qualifica\\u00e7\\u00e3o do Programa Recome\\u00e7o, em S\\u00e3o Paulo, chega ao fim | Revista Insurance Corp | PT-BR\",\"isPartOf\":{\"@id\":\"https:\/\/insurancecorp.com.br\/pt\/#website\"},\"primaryImageOfPage\":{\"@id\":\"https:\/\/insurancecorp.com.br\/pt\/2019\/07\/02\/qualificacao-do-programa-recomeco-em-sao-paulo-chega-ao-fim\/#primaryimage\"},\"datePublished\":\"2019-07-02T12:27:03+00:00\",\"dateModified\":\"2019-07-02T12:27:15+00:00\",\"inLanguage\":\"pt-BR\",\"potentialAction\":[{\"@type\":\"ReadAction\",\"target\":[\"https:\/\/insurancecorp.com.br\/pt\/2019\/07\/02\/qualificacao-do-programa-recomeco-em-sao-paulo-chega-ao-fim\/\"]}]},{\"@type\":\"Article\",\"@id\":\"https:\/\/insurancecorp.com.br\/pt\/2019\/07\/02\/qualificacao-do-programa-recomeco-em-sao-paulo-chega-ao-fim\/#article\",\"isPartOf\":{\"@id\":\"https:\/\/insurancecorp.com.br\/pt\/2019\/07\/02\/qualificacao-do-programa-recomeco-em-sao-paulo-chega-ao-fim\/#webpage\"},\"author\":{\"@id\":\"https:\/\/insurancecorp.com.br\/pt\/#\/schema\/person\/1b69c8cf325f0b7167f1b171f52df4af\"},\"headline\":\"Qualifica\\u00e7\\u00e3o do Programa Recome\\u00e7o, em S\\u00e3o Paulo, chega ao fim\",\"datePublished\":\"2019-07-02T12:27:03+00:00\",\"dateModified\":\"2019-07-02T12:27:15+00:00\",\"mainEntityOfPage\":{\"@id\":\"https:\/\/insurancecorp.com.br\/pt\/2019\/07\/02\/qualificacao-do-programa-recomeco-em-sao-paulo-chega-ao-fim\/#webpage\"},\"commentCount\":0,\"publisher\":{\"@id\":\"https:\/\/insurancecorp.com.br\/pt\/#organization\"},\"image\":{\"@id\":\"https:\/\/insurancecorp.com.br\/pt\/2019\/07\/02\/qualificacao-do-programa-recomeco-em-sao-paulo-chega-ao-fim\/#primaryimage\"},\"articleSection\":\"L\\u00edder\",\"inLanguage\":\"pt-BR\",\"potentialAction\":[{\"@type\":\"CommentAction\",\"name\":\"Comment\",\"target\":[\"https:\/\/insurancecorp.com.br\/pt\/2019\/07\/02\/qualificacao-do-programa-recomeco-em-sao-paulo-chega-ao-fim\/#respond\"]}]},{\"@type\":\"Person\",\"@id\":\"https:\/\/insurancecorp.com.br\/pt\/#\/schema\/person\/1b69c8cf325f0b7167f1b171f52df4af\",\"name\":\"Publica\\u00e7\\u00e3o\",\"image\":{\"@type\":\"ImageObject\",\"@id\":\"https:\/\/insurancecorp.com.br\/pt\/#personlogo\",\"inLanguage\":\"pt-BR\",\"url\":\"https:\/\/secure.gravatar.com\/avatar\/17226f1f60486eb25d4c6b301ffed37f?s=96&d=mm&r=g\",\"caption\":\"Publica\\u00e7\\u00e3o\"}}]}<\/script>\n<!-- \/ Yoast SEO plugin. -->","_links":{"self":[{"href":"https:\/\/insurancecorp.com.br\/pt\/wp-json\/wp\/v2\/posts\/9284"}],"collection":[{"href":"https:\/\/insurancecorp.com.br\/pt\/wp-json\/wp\/v2\/posts"}],"about":[{"href":"https:\/\/insurancecorp.com.br\/pt\/wp-json\/wp\/v2\/types\/post"}],"author":[{"embeddable":true,"href":"https:\/\/insurancecorp.com.br\/pt\/wp-json\/wp\/v2\/users\/2"}],"replies":[{"embeddable":true,"href":"https:\/\/insurancecorp.com.br\/pt\/wp-json\/wp\/v2\/comments?post=9284"}],"version-history":[{"count":1,"href":"https:\/\/insurancecorp.com.br\/pt\/wp-json\/wp\/v2\/posts\/9284\/revisions"}],"predecessor-version":[{"id":9286,"href":"https:\/\/insurancecorp.com.br\/pt\/wp-json\/wp\/v2\/posts\/9284\/revisions\/9286"}],"wp:featuredmedia":[{"embeddable":true,"href":"https:\/\/insurancecorp.com.br\/pt\/wp-json\/wp\/v2\/media\/9285"}],"wp:attachment":[{"href":"https:\/\/insurancecorp.com.br\/pt\/wp-json\/wp\/v2\/media?parent=9284"}],"wp:term":[{"taxonomy":"category","embeddable":true,"href":"https:\/\/insurancecorp.com.br\/pt\/wp-json\/wp\/v2\/categories?post=9284"},{"taxonomy":"post_tag","embeddable":true,"href":"https:\/\/insurancecorp.com.br\/pt\/wp-json\/wp\/v2\/tags?post=9284"}],"curies":[{"name":"wp","href":"https:\/\/api.w.org\/{rel}","templated":true}]}}