{"id":8675,"date":"2019-06-10T16:23:59","date_gmt":"2019-06-10T19:23:59","guid":{"rendered":"https:\/\/insurancecorp.com.br\/pt\/?p=8675"},"modified":"2019-06-10T22:51:22","modified_gmt":"2019-06-11T01:51:22","slug":"aon-revela-que-o-nivel-de-prontidao-para-gerenciamento-de-riscos-e-o-menor-em-12-anos","status":"publish","type":"post","link":"https:\/\/insurancecorp.com.br\/pt\/2019\/06\/10\/aon-revela-que-o-nivel-de-prontidao-para-gerenciamento-de-riscos-e-o-menor-em-12-anos\/","title":{"rendered":"Aon revela que o n\u00edvel  de gerenciamento de riscos"},"content":{"rendered":"<p style=\"font-weight: 400;\">Preocupa\u00e7\u00f5es econ\u00f4micas e globais est\u00e3o desafiando a capacidade das organiza\u00e7\u00f5es de investir adequadamente na prepara\u00e7\u00e3o e na prote\u00e7\u00e3o da continuidade de suas opera\u00e7\u00f5es, segundo os resultados da\u00a0<a href=\"https:\/\/drive.google.com\/file\/d\/1lsTGw7uA2ULlOxbenCo7U4jcJxbrTn9J\/view\">Pesquisa Global de Gerenciamento de Riscos 2019<\/a>, da Aon.<\/p>\n<p style=\"font-weight: 400;\">&#8220;Empresas de todos os portes est\u00e3o lutando para priorizar seus esfor\u00e7os de gerenciamento de riscos em meio aos per\u00edodos de tantas mudan\u00e7as e incertezas&#8221;, explica Rory Moloney, Diretor Executivo de Global Risk Consulting. &#8220;O que antes era uma estrat\u00e9gia testada e comprovada para a mitiga\u00e7\u00e3o de riscos &#8211; usando o passado para prever o futuro \u2013 se transformou em um desafio e, juntamente com uma economia global mais competitiva, est\u00e1 causando um baixo n\u00edvel de prontid\u00e3o de risco&#8221;. Como resultado, os planos de gerenciamento de riscos precisam adotar uma nova abordagem, diferente do que o mercado costumava praticar no passado&#8221;, completou.<\/p>\n<p style=\"font-weight: 400;\">A Aon plc, empresa l\u00edder global de servi\u00e7os profissionais, que fornece uma ampla gama de solu\u00e7\u00f5es de risco, aposentadoria e sa\u00fade, entrevista a cada dois anos milhares de gerentes de riscos de 60 pa\u00edses e avalia 33 setores da ind\u00fastria para identificar quais s\u00e3o principais riscos e desafios enfrentados pelas organiza\u00e7\u00f5es na atualidade.<\/p>\n<p>Na Pesquisa Global de Gerenciamento de Riscos 2019, os entrevistados classificaram a desacelera\u00e7\u00e3o econ\u00f4mica como o maior risco entre todos. Danos \u00e0 reputa\u00e7\u00e3o\/marca foram citados como a segunda maior preocupa\u00e7\u00e3o, refletindo o poder das redes sociais aliado ao fluxo intenso de not\u00edcias. \u00a0Mudan\u00e7as no mercado e o aumento acelerado de taxas em fun\u00e7\u00e3o de pol\u00edticas protecionistas do com\u00e9rcio internacional, que envolvem crescente atividade regulat\u00f3ria e tens\u00e3o geopol\u00edtica, saltaram da 38\u00aa coloca\u00e7\u00e3o na pesquisa de 2018 para figurar como a terceira maior preocupa\u00e7\u00e3o das empresas na lista deste ano.<\/p>\n<p>A Aon obteve respostas para a Pesquisa Global de Gerenciamento de Riscos de 2019 durante o ano passado, em um per\u00edodo repleto de enorme incerteza em todo o mundo, impulsionado por quedas no mercado de a\u00e7\u00f5es, disputas pol\u00edticas, a\u00e7\u00f5es regulat\u00f3rias agressivas, recalls maci\u00e7os por parte de grandes corpora\u00e7\u00f5es, al\u00e9m de um ciclo ativo de grandes desastres naturais. Outros epis\u00f3dios marcantes foram os ataques cibern\u00e9ticos de grande alcance e esc\u00e2ndalos corporativos. \u00a0Esses riscos macroecon\u00f4micos de maior alcance, combinados com a velocidade da mudan\u00e7a da tecnologia, est\u00e3o contribuindo para uma crescente proemin\u00eancia de novas amea\u00e7as que podem interromper as cadeias de suprimento e as opera\u00e7\u00f5es comerciais.<\/p>\n<p>Como resultado, um ter\u00e7o dos 15 principais riscos estreia na lista de 2019, incluindo taxas aceleradas de mudan\u00e7a nos fatores de mercado e tecnologias disruptivas.\u00a0De acordo com a pesquisa com gerentes de riscos, este \u00e9 o menor n\u00edvel de prontid\u00e3o de risco em 12 anos, j\u00e1 que muitos dos principais riscos, como a desacelera\u00e7\u00e3o econ\u00f4mica e a crescente concorr\u00eancia, n\u00e3o s\u00e3o segur\u00e1veis. Como resultado, os gerentes de riscos precisam adotar a\u00e7\u00f5es de gerenciamento em oposi\u00e7\u00e3o \u00e0 transfer\u00eancia de risco, a fim de mitigar essas amea\u00e7as e proteger suas organiza\u00e7\u00f5es contra a potencial volatilidade.<\/p>\n<p>&#8220;As mudan\u00e7as nos resultados da pesquisa deste ano indicam que a fun\u00e7\u00e3o de gerenciamento de riscos deve evoluir para o n\u00edvel empresarial&#8221;, acrescentou Moloney. &#8220;Isso, combinado com o uso de dados e an\u00e1lises preditivas que possam gerar insights acion\u00e1veis, ajudar\u00e1 as empresas a proteger seus resultados, ao mesmo tempo em que se adaptar\u00e3o a mudan\u00e7as aceleradas e flutua\u00e7\u00f5es econ\u00f4micas.&#8221;<\/p>\n<p><b><span lang=\"PT\">Descobertas Adicionais:<\/span><\/b><\/p>\n<p><span lang=\"PT\">\u00b7\u00a0\u00a0\u00a0\u00a0\u00a0\u00a0 <\/span><span lang=\"PT\">A for\u00e7a de trabalho envelhecida sobe de 37\u00ba (2017) para 20\u00ba (2019). Prev\u00ea-se que suba para 13\u00ba (2022). No geral, o envelhecimento das popula\u00e7\u00f5es em sintonia com a escassez de m\u00e3o de obra n\u00e3o apenas altera a trajet\u00f3ria social e econ\u00f4mica de um pa\u00eds, mas tamb\u00e9m gera volatilidade dentro das organiza\u00e7\u00f5es.<\/span><\/p>\n<p><span lang=\"PT\">\u00b7\u00a0\u00a0\u00a0\u00a0\u00a0\u00a0 <\/span><span lang=\"PT\">A mudan\u00e7a clim\u00e1tica saltou de um ranking de 45\u00ba (2017) para 31\u00ba (2019), j\u00e1 que a frequ\u00eancia e a gravidade das cat\u00e1strofes naturais contribuem para aumentar as preocupa\u00e7\u00f5es sobre o impacto que estes fatores causam na economia global.<\/span><\/p>\n<p><span lang=\"PT\">\u00b7\u00a0\u00a0\u00a0\u00a0\u00a0\u00a0 <\/span><span lang=\"PT\">Os ataques cibern\u00e9ticos\/viola\u00e7\u00f5es de dados est\u00e3o classificados como o risco n\u00famero 6 e espera-se que atinjam o top 3 (2022). Se fizemos um recorte sobre a Am\u00e9rica do Norte, os risco da \u00e1rea de cyber ??continua a ocupar o primeiro lugar entre os entrevistados da Am\u00e9rica do Norte. Pela primeira vez, prev\u00ea-se que o risco cibern\u00e9tico esteja na lista dos 10 principais para a Am\u00e9rica Latina. Prev\u00ea-se tamb\u00e9m que esta mesma preocupa\u00e7\u00e3o aumente na Europa, saindo da 8\u00aa para a 4\u00aa posi\u00e7\u00e3o, e no Oriente M\u00e9dio e \u00c1frica salte de 8\u00ba para 2\u00ba colocado.<\/span><\/p>\n<p><span lang=\"PT\">\u00b7\u00a0\u00a0\u00a0\u00a0\u00a0\u00a0 <\/span><span lang=\"PT\">Tecnologias disruptivas s\u00e3o uma preocupa\u00e7\u00e3o crescente no \u00e2mbito global, passando da 20\u00aa coloca\u00e7\u00e3o em 2017 para a 14\u00aa, em 2019. Essa tend\u00eancia \u00e9 citada como um dos 10 principais riscos para 50% de todos os setores da ind\u00fastria.<\/span><\/p>\n<p><span lang=\"PT\">Os perfis de participantes da Pesquisa Global de Gerenciamento de Riscos 2019, da Aon, englobaram organiza\u00e7\u00f5es pequenas (abaixo de US$ 1B), m\u00e9dias (US$ 1B &#8211; US$ 15B) e grandes (acima de US$ 15B), incluindo entrevistados de empresas privadas, organiza\u00e7\u00f5es p\u00fablicas, governos e entidades sem fins lucrativos. O relat\u00f3rio completo, em ingl\u00eas, pode ser acessado em <\/span><a href=\"file:\/\/\/C:\/Users\/Misasi01\/Downloads\/www.aon.com\/2019GlobalRisk\" target=\"_blank\" rel=\"noopener noreferrer\"><span lang=\"PT\">www.aon.com\/2019GlobalRisk<\/span><\/a><\/p>\n<p><strong>Guy Gandelman Assessoria de Imprensa<\/strong><\/p>\n<p>Foto: visualhunt.com<\/p>\n","protected":false},"excerpt":{"rendered":"<p>Preocupa\u00e7\u00f5es econ\u00f4micas e globais est\u00e3o desafiando a capacidade das organiza\u00e7\u00f5es de investir adequadamente na prepara\u00e7\u00e3o e na prote\u00e7\u00e3o da continuidade de suas opera\u00e7\u00f5es, segundo os resultados da\u00a0Pesquisa Global de Gerenciamento de Riscos 2019, da Aon. &#8220;Empresas de todos os portes est\u00e3o lutando para priorizar seus esfor\u00e7os de gerenciamento de riscos em meio aos per\u00edodos de [&hellip;]<\/p>\n","protected":false},"author":2,"featured_media":8705,"comment_status":"closed","ping_status":"closed","sticky":false,"template":"","format":"standard","meta":[],"categories":[153],"tags":[],"jetpack_featured_media_url":"https:\/\/insurancecorp.com.br\/pt\/wp-content\/uploads\/2019\/06\/69-7.jpg","yoast_head":"<!-- This site is optimized with the Yoast SEO plugin v14.8 - https:\/\/yoast.com\/wordpress\/plugins\/seo\/ -->\n<title>Aon revela que o n\u00edvel de gerenciamento de riscos | Revista Insurance Corp | PT-BR<\/title>\n<meta name=\"robots\" content=\"index, follow\" \/>\n<meta name=\"googlebot\" content=\"index, follow, max-snippet:-1, max-image-preview:large, max-video-preview:-1\" \/>\n<meta name=\"bingbot\" content=\"index, follow, max-snippet:-1, max-image-preview:large, max-video-preview:-1\" \/>\n<link rel=\"canonical\" href=\"https:\/\/insurancecorp.com.br\/pt\/2019\/06\/10\/aon-revela-que-o-nivel-de-prontidao-para-gerenciamento-de-riscos-e-o-menor-em-12-anos\/\" \/>\n<meta property=\"og:locale\" content=\"pt_BR\" \/>\n<meta property=\"og:type\" content=\"article\" \/>\n<meta property=\"og:title\" content=\"Aon revela que o n\u00edvel de gerenciamento de riscos | Revista Insurance Corp | PT-BR\" \/>\n<meta property=\"og:description\" content=\"Preocupa\u00e7\u00f5es econ\u00f4micas e globais est\u00e3o desafiando a capacidade das organiza\u00e7\u00f5es de investir adequadamente na prepara\u00e7\u00e3o e na prote\u00e7\u00e3o da continuidade de suas opera\u00e7\u00f5es, segundo os resultados da\u00a0Pesquisa Global de Gerenciamento de Riscos 2019, da Aon. &#8220;Empresas de todos os portes est\u00e3o lutando para priorizar seus esfor\u00e7os de gerenciamento de riscos em meio aos per\u00edodos de [&hellip;]\" \/>\n<meta property=\"og:url\" content=\"https:\/\/insurancecorp.com.br\/pt\/2019\/06\/10\/aon-revela-que-o-nivel-de-prontidao-para-gerenciamento-de-riscos-e-o-menor-em-12-anos\/\" \/>\n<meta property=\"og:site_name\" content=\"Revista Insurance Corp | PT-BR\" \/>\n<meta property=\"article:publisher\" content=\"https:\/\/www.facebook.com\/RevistaInsuranceCorp\/\" \/>\n<meta property=\"article:published_time\" content=\"2019-06-10T19:23:59+00:00\" \/>\n<meta property=\"article:modified_time\" content=\"2019-06-11T01:51:22+00:00\" \/>\n<meta property=\"og:image\" content=\"https:\/\/insurancecorp.com.br\/pt\/wp-content\/uploads\/2019\/06\/69-7.jpg\" \/>\n\t<meta property=\"og:image:width\" content=\"500\" \/>\n\t<meta property=\"og:image:height\" content=\"332\" \/>\n<meta name=\"twitter:card\" content=\"summary\" \/>\n<script type=\"application\/ld+json\" class=\"yoast-schema-graph\">{\"@context\":\"https:\/\/schema.org\",\"@graph\":[{\"@type\":\"Organization\",\"@id\":\"https:\/\/insurancecorp.com.br\/pt\/#organization\",\"name\":\"Revista Insurance Corp\",\"url\":\"https:\/\/insurancecorp.com.br\/pt\/\",\"sameAs\":[\"https:\/\/www.facebook.com\/RevistaInsuranceCorp\/\"],\"logo\":{\"@type\":\"ImageObject\",\"@id\":\"https:\/\/insurancecorp.com.br\/pt\/#logo\",\"inLanguage\":\"pt-BR\",\"url\":\"\",\"caption\":\"Revista Insurance Corp\"},\"image\":{\"@id\":\"https:\/\/insurancecorp.com.br\/pt\/#logo\"}},{\"@type\":\"WebSite\",\"@id\":\"https:\/\/insurancecorp.com.br\/pt\/#website\",\"url\":\"https:\/\/insurancecorp.com.br\/pt\/\",\"name\":\"Revista Insurance Corp | PT-BR\",\"description\":\"A \\u00fanica revista bil\\u00edngue voltada ao mercado de seguro.\",\"publisher\":{\"@id\":\"https:\/\/insurancecorp.com.br\/pt\/#organization\"},\"potentialAction\":[{\"@type\":\"SearchAction\",\"target\":\"https:\/\/insurancecorp.com.br\/pt\/?s={search_term_string}\",\"query-input\":\"required name=search_term_string\"}],\"inLanguage\":\"pt-BR\"},{\"@type\":\"ImageObject\",\"@id\":\"https:\/\/insurancecorp.com.br\/pt\/2019\/06\/10\/aon-revela-que-o-nivel-de-prontidao-para-gerenciamento-de-riscos-e-o-menor-em-12-anos\/#primaryimage\",\"inLanguage\":\"pt-BR\",\"url\":\"https:\/\/insurancecorp.com.br\/pt\/wp-content\/uploads\/2019\/06\/69-7.jpg\",\"width\":500,\"height\":332},{\"@type\":\"WebPage\",\"@id\":\"https:\/\/insurancecorp.com.br\/pt\/2019\/06\/10\/aon-revela-que-o-nivel-de-prontidao-para-gerenciamento-de-riscos-e-o-menor-em-12-anos\/#webpage\",\"url\":\"https:\/\/insurancecorp.com.br\/pt\/2019\/06\/10\/aon-revela-que-o-nivel-de-prontidao-para-gerenciamento-de-riscos-e-o-menor-em-12-anos\/\",\"name\":\"Aon revela que o n\\u00edvel de gerenciamento de riscos | Revista Insurance Corp | PT-BR\",\"isPartOf\":{\"@id\":\"https:\/\/insurancecorp.com.br\/pt\/#website\"},\"primaryImageOfPage\":{\"@id\":\"https:\/\/insurancecorp.com.br\/pt\/2019\/06\/10\/aon-revela-que-o-nivel-de-prontidao-para-gerenciamento-de-riscos-e-o-menor-em-12-anos\/#primaryimage\"},\"datePublished\":\"2019-06-10T19:23:59+00:00\",\"dateModified\":\"2019-06-11T01:51:22+00:00\",\"inLanguage\":\"pt-BR\",\"potentialAction\":[{\"@type\":\"ReadAction\",\"target\":[\"https:\/\/insurancecorp.com.br\/pt\/2019\/06\/10\/aon-revela-que-o-nivel-de-prontidao-para-gerenciamento-de-riscos-e-o-menor-em-12-anos\/\"]}]},{\"@type\":\"Article\",\"@id\":\"https:\/\/insurancecorp.com.br\/pt\/2019\/06\/10\/aon-revela-que-o-nivel-de-prontidao-para-gerenciamento-de-riscos-e-o-menor-em-12-anos\/#article\",\"isPartOf\":{\"@id\":\"https:\/\/insurancecorp.com.br\/pt\/2019\/06\/10\/aon-revela-que-o-nivel-de-prontidao-para-gerenciamento-de-riscos-e-o-menor-em-12-anos\/#webpage\"},\"author\":{\"@id\":\"https:\/\/insurancecorp.com.br\/pt\/#\/schema\/person\/1b69c8cf325f0b7167f1b171f52df4af\"},\"headline\":\"Aon revela que o n\\u00edvel de gerenciamento de riscos\",\"datePublished\":\"2019-06-10T19:23:59+00:00\",\"dateModified\":\"2019-06-11T01:51:22+00:00\",\"mainEntityOfPage\":{\"@id\":\"https:\/\/insurancecorp.com.br\/pt\/2019\/06\/10\/aon-revela-que-o-nivel-de-prontidao-para-gerenciamento-de-riscos-e-o-menor-em-12-anos\/#webpage\"},\"publisher\":{\"@id\":\"https:\/\/insurancecorp.com.br\/pt\/#organization\"},\"image\":{\"@id\":\"https:\/\/insurancecorp.com.br\/pt\/2019\/06\/10\/aon-revela-que-o-nivel-de-prontidao-para-gerenciamento-de-riscos-e-o-menor-em-12-anos\/#primaryimage\"},\"articleSection\":\"Interesse Mercado\",\"inLanguage\":\"pt-BR\"},{\"@type\":\"Person\",\"@id\":\"https:\/\/insurancecorp.com.br\/pt\/#\/schema\/person\/1b69c8cf325f0b7167f1b171f52df4af\",\"name\":\"Publica\\u00e7\\u00e3o\",\"image\":{\"@type\":\"ImageObject\",\"@id\":\"https:\/\/insurancecorp.com.br\/pt\/#personlogo\",\"inLanguage\":\"pt-BR\",\"url\":\"https:\/\/secure.gravatar.com\/avatar\/17226f1f60486eb25d4c6b301ffed37f?s=96&d=mm&r=g\",\"caption\":\"Publica\\u00e7\\u00e3o\"}}]}<\/script>\n<!-- \/ Yoast SEO plugin. -->","_links":{"self":[{"href":"https:\/\/insurancecorp.com.br\/pt\/wp-json\/wp\/v2\/posts\/8675"}],"collection":[{"href":"https:\/\/insurancecorp.com.br\/pt\/wp-json\/wp\/v2\/posts"}],"about":[{"href":"https:\/\/insurancecorp.com.br\/pt\/wp-json\/wp\/v2\/types\/post"}],"author":[{"embeddable":true,"href":"https:\/\/insurancecorp.com.br\/pt\/wp-json\/wp\/v2\/users\/2"}],"replies":[{"embeddable":true,"href":"https:\/\/insurancecorp.com.br\/pt\/wp-json\/wp\/v2\/comments?post=8675"}],"version-history":[{"count":5,"href":"https:\/\/insurancecorp.com.br\/pt\/wp-json\/wp\/v2\/posts\/8675\/revisions"}],"predecessor-version":[{"id":8712,"href":"https:\/\/insurancecorp.com.br\/pt\/wp-json\/wp\/v2\/posts\/8675\/revisions\/8712"}],"wp:featuredmedia":[{"embeddable":true,"href":"https:\/\/insurancecorp.com.br\/pt\/wp-json\/wp\/v2\/media\/8705"}],"wp:attachment":[{"href":"https:\/\/insurancecorp.com.br\/pt\/wp-json\/wp\/v2\/media?parent=8675"}],"wp:term":[{"taxonomy":"category","embeddable":true,"href":"https:\/\/insurancecorp.com.br\/pt\/wp-json\/wp\/v2\/categories?post=8675"},{"taxonomy":"post_tag","embeddable":true,"href":"https:\/\/insurancecorp.com.br\/pt\/wp-json\/wp\/v2\/tags?post=8675"}],"curies":[{"name":"wp","href":"https:\/\/api.w.org\/{rel}","templated":true}]}}