{"id":83125,"date":"2026-09-04T14:10:58","date_gmt":"2026-09-04T17:10:58","guid":{"rendered":"https:\/\/insurancecorp.com.br\/pt\/?p=83125"},"modified":"2026-09-04T14:12:09","modified_gmt":"2026-09-04T17:12:09","slug":"mapfre-promove-weder-muniz-a-superintendente-comercial-do-canal-parcerias","status":"publish","type":"post","link":"https:\/\/insurancecorp.com.br\/pt\/2026\/09\/04\/mapfre-promove-weder-muniz-a-superintendente-comercial-do-canal-parcerias\/","title":{"rendered":"Mapfre promove Weder Muniz a superintendente comercial do Canal Parcerias"},"content":{"rendered":"<p align=\"justify\">A Mapfre, companhia global de seguros e servi\u00e7os financeiros, anuncia a promo\u00e7\u00e3o de Weder Muniz ao cargo de superintendente comercial do Canal Parcerias, liderado pelo diretor Luciano Bezas. Na nova fun\u00e7\u00e3o, o executivo amplia sua atua\u00e7\u00e3o estrat\u00e9gica na condu\u00e7\u00e3o das iniciativas do canal.<\/p>\n<p align=\"justify\">Com mais de 18 anos de experi\u00eancia na \u00e1rea comercial, Weder atuava como gerente comercial na Mapfre desde setembro de 2022, sendo respons\u00e1vel pela lideran\u00e7a de estrat\u00e9gias de distribui\u00e7\u00e3o de seguros massificados no segmento B2B2C (<i>business to business to consumer<\/i>) com foco no desenvolvimento de parcerias estrat\u00e9gicas e na expans\u00e3o de canais de distribui\u00e7\u00e3o. Durante sua trajet\u00f3ria na companhia, destacou-se pela gest\u00e3o de contas de alta complexidade, implementa\u00e7\u00e3o de novos parceiros com foco na jornada do usu\u00e1rio, negocia\u00e7\u00e3o e otimiza\u00e7\u00e3o de carteiras via <i>cross-selling<\/i>.<\/p>\n<p align=\"justify\">&#8220;<i>Minha trajet\u00f3ria na \u00e1rea comercial sempre foi pautada pelo desafio de construir parcerias s\u00f3lidas, inova\u00e7\u00e3o e crescimento sustent\u00e1vel<\/i>&#8220;, afirma Muniz. &#8220;<i>Neste novo momento como superintendente, nosso foco \u00e9 continuar otimizando as opera\u00e7\u00f5es, aprimorando a jornada B2B2C e expandindo a presen\u00e7a do Canal Parcerias ao lado de grandes varejistas e distribuidores estrat\u00e9gicos, entregando valor tanto para a companhia quanto para nossos parceiros de neg\u00f3cios.<\/i>&#8220;<\/p>\n<p align=\"justify\"><strong>InPress Porter Novelli<\/strong><\/p>\n","protected":false},"excerpt":{"rendered":"<p>A Mapfre, companhia global de seguros e servi\u00e7os financeiros, anuncia a promo\u00e7\u00e3o de Weder Muniz ao cargo de superintendente comercial do Canal Parcerias, liderado pelo diretor Luciano Bezas. Na nova fun\u00e7\u00e3o, o executivo amplia sua atua\u00e7\u00e3o estrat\u00e9gica na condu\u00e7\u00e3o das iniciativas do canal. Com mais de 18 anos de experi\u00eancia na \u00e1rea comercial, Weder atuava [&hellip;]<\/p>\n","protected":false},"author":2,"featured_media":83126,"comment_status":"open","ping_status":"open","sticky":false,"template":"","format":"standard","meta":[],"categories":[123],"tags":[2381,3509,17679],"jetpack_featured_media_url":"https:\/\/insurancecorp.com.br\/pt\/wp-content\/uploads\/2026\/09\/3MjZ6U2M2YzYzojci5SbvNmLwJ3bjV2YuFmc1NnbpB0bhNWYkVmc6AjMxEzN2UTOzIjOn5GcuATM5IzY1UWMzEmYklDZkRjM4MzMmFjMhVGZ5MWYxgDOGJTJxgDOGJTJxATO3IjRyUSN0ADNx8VL1ETLf9VLwITLfpjM-e1788541702420.png","yoast_head":"<!-- This site is optimized with the Yoast SEO plugin v14.8 - https:\/\/yoast.com\/wordpress\/plugins\/seo\/ -->\n<title>Mapfre promove Weder Muniz a superintendente comercial do Canal Parcerias | Revista Insurance Corp | PT-BR<\/title>\n<meta name=\"robots\" content=\"index, follow\" \/>\n<meta name=\"googlebot\" content=\"index, follow, max-snippet:-1, max-image-preview:large, max-video-preview:-1\" \/>\n<meta name=\"bingbot\" content=\"index, follow, max-snippet:-1, max-image-preview:large, max-video-preview:-1\" \/>\n<link rel=\"canonical\" href=\"https:\/\/insurancecorp.com.br\/pt\/2026\/09\/04\/mapfre-promove-weder-muniz-a-superintendente-comercial-do-canal-parcerias\/\" \/>\n<meta property=\"og:locale\" content=\"pt_BR\" \/>\n<meta property=\"og:type\" content=\"article\" \/>\n<meta property=\"og:title\" content=\"Mapfre promove Weder Muniz a superintendente comercial do Canal Parcerias | Revista Insurance Corp | PT-BR\" \/>\n<meta property=\"og:description\" content=\"A Mapfre, companhia global de seguros e servi\u00e7os financeiros, anuncia a promo\u00e7\u00e3o de Weder Muniz ao cargo de superintendente comercial do Canal Parcerias, liderado pelo diretor Luciano Bezas. Na nova fun\u00e7\u00e3o, o executivo amplia sua atua\u00e7\u00e3o estrat\u00e9gica na condu\u00e7\u00e3o das iniciativas do canal. Com mais de 18 anos de experi\u00eancia na \u00e1rea comercial, Weder atuava [&hellip;]\" \/>\n<meta property=\"og:url\" content=\"https:\/\/insurancecorp.com.br\/pt\/2026\/09\/04\/mapfre-promove-weder-muniz-a-superintendente-comercial-do-canal-parcerias\/\" \/>\n<meta property=\"og:site_name\" content=\"Revista Insurance Corp | PT-BR\" \/>\n<meta property=\"article:publisher\" content=\"https:\/\/www.facebook.com\/RevistaInsuranceCorp\/\" \/>\n<meta property=\"article:published_time\" content=\"2026-09-04T17:10:58+00:00\" \/>\n<meta property=\"article:modified_time\" content=\"2026-09-04T17:12:09+00:00\" \/>\n<meta property=\"og:image\" content=\"https:\/\/insurancecorp.com.br\/pt\/wp-content\/uploads\/2026\/09\/3MjZ6U2M2YzYzojci5SbvNmLwJ3bjV2YuFmc1NnbpB0bhNWYkVmc6AjMxEzN2UTOzIjOn5GcuATM5IzY1UWMzEmYklDZkRjM4MzMmFjMhVGZ5MWYxgDOGJTJxgDOGJTJxATO3IjRyUSN0ADNx8VL1ETLf9VLwITLfpjM-e1788541702420.png\" \/>\n\t<meta property=\"og:image:width\" content=\"735\" \/>\n\t<meta property=\"og:image:height\" content=\"312\" \/>\n<meta name=\"twitter:card\" content=\"summary\" \/>\n<script type=\"application\/ld+json\" class=\"yoast-schema-graph\">{\"@context\":\"https:\/\/schema.org\",\"@graph\":[{\"@type\":\"Organization\",\"@id\":\"https:\/\/insurancecorp.com.br\/pt\/#organization\",\"name\":\"Revista Insurance Corp\",\"url\":\"https:\/\/insurancecorp.com.br\/pt\/\",\"sameAs\":[\"https:\/\/www.facebook.com\/RevistaInsuranceCorp\/\"],\"logo\":{\"@type\":\"ImageObject\",\"@id\":\"https:\/\/insurancecorp.com.br\/pt\/#logo\",\"inLanguage\":\"pt-BR\",\"url\":\"\",\"caption\":\"Revista Insurance Corp\"},\"image\":{\"@id\":\"https:\/\/insurancecorp.com.br\/pt\/#logo\"}},{\"@type\":\"WebSite\",\"@id\":\"https:\/\/insurancecorp.com.br\/pt\/#website\",\"url\":\"https:\/\/insurancecorp.com.br\/pt\/\",\"name\":\"Revista Insurance Corp | PT-BR\",\"description\":\"A \\u00fanica revista bil\\u00edngue voltada ao mercado de seguro.\",\"publisher\":{\"@id\":\"https:\/\/insurancecorp.com.br\/pt\/#organization\"},\"potentialAction\":[{\"@type\":\"SearchAction\",\"target\":\"https:\/\/insurancecorp.com.br\/pt\/?s={search_term_string}\",\"query-input\":\"required name=search_term_string\"}],\"inLanguage\":\"pt-BR\"},{\"@type\":\"ImageObject\",\"@id\":\"https:\/\/insurancecorp.com.br\/pt\/2026\/09\/04\/mapfre-promove-weder-muniz-a-superintendente-comercial-do-canal-parcerias\/#primaryimage\",\"inLanguage\":\"pt-BR\",\"url\":\"https:\/\/insurancecorp.com.br\/pt\/wp-content\/uploads\/2026\/09\/3MjZ6U2M2YzYzojci5SbvNmLwJ3bjV2YuFmc1NnbpB0bhNWYkVmc6AjMxEzN2UTOzIjOn5GcuATM5IzY1UWMzEmYklDZkRjM4MzMmFjMhVGZ5MWYxgDOGJTJxgDOGJTJxATO3IjRyUSN0ADNx8VL1ETLf9VLwITLfpjM-e1788541702420.png\",\"width\":735,\"height\":312},{\"@type\":\"WebPage\",\"@id\":\"https:\/\/insurancecorp.com.br\/pt\/2026\/09\/04\/mapfre-promove-weder-muniz-a-superintendente-comercial-do-canal-parcerias\/#webpage\",\"url\":\"https:\/\/insurancecorp.com.br\/pt\/2026\/09\/04\/mapfre-promove-weder-muniz-a-superintendente-comercial-do-canal-parcerias\/\",\"name\":\"Mapfre promove Weder Muniz a superintendente comercial do Canal Parcerias | Revista Insurance Corp | PT-BR\",\"isPartOf\":{\"@id\":\"https:\/\/insurancecorp.com.br\/pt\/#website\"},\"primaryImageOfPage\":{\"@id\":\"https:\/\/insurancecorp.com.br\/pt\/2026\/09\/04\/mapfre-promove-weder-muniz-a-superintendente-comercial-do-canal-parcerias\/#primaryimage\"},\"datePublished\":\"2026-09-04T17:10:58+00:00\",\"dateModified\":\"2026-09-04T17:12:09+00:00\",\"inLanguage\":\"pt-BR\",\"potentialAction\":[{\"@type\":\"ReadAction\",\"target\":[\"https:\/\/insurancecorp.com.br\/pt\/2026\/09\/04\/mapfre-promove-weder-muniz-a-superintendente-comercial-do-canal-parcerias\/\"]}]},{\"@type\":\"Article\",\"@id\":\"https:\/\/insurancecorp.com.br\/pt\/2026\/09\/04\/mapfre-promove-weder-muniz-a-superintendente-comercial-do-canal-parcerias\/#article\",\"isPartOf\":{\"@id\":\"https:\/\/insurancecorp.com.br\/pt\/2026\/09\/04\/mapfre-promove-weder-muniz-a-superintendente-comercial-do-canal-parcerias\/#webpage\"},\"author\":{\"@id\":\"https:\/\/insurancecorp.com.br\/pt\/#\/schema\/person\/1b69c8cf325f0b7167f1b171f52df4af\"},\"headline\":\"Mapfre promove Weder Muniz a superintendente comercial do Canal Parcerias\",\"datePublished\":\"2026-09-04T17:10:58+00:00\",\"dateModified\":\"2026-09-04T17:12:09+00:00\",\"mainEntityOfPage\":{\"@id\":\"https:\/\/insurancecorp.com.br\/pt\/2026\/09\/04\/mapfre-promove-weder-muniz-a-superintendente-comercial-do-canal-parcerias\/#webpage\"},\"commentCount\":0,\"publisher\":{\"@id\":\"https:\/\/insurancecorp.com.br\/pt\/#organization\"},\"image\":{\"@id\":\"https:\/\/insurancecorp.com.br\/pt\/2026\/09\/04\/mapfre-promove-weder-muniz-a-superintendente-comercial-do-canal-parcerias\/#primaryimage\"},\"keywords\":\"Mapfre,promove,Weder Muniz\",\"articleSection\":\"Mapfre\",\"inLanguage\":\"pt-BR\",\"potentialAction\":[{\"@type\":\"CommentAction\",\"name\":\"Comment\",\"target\":[\"https:\/\/insurancecorp.com.br\/pt\/2026\/09\/04\/mapfre-promove-weder-muniz-a-superintendente-comercial-do-canal-parcerias\/#respond\"]}]},{\"@type\":\"Person\",\"@id\":\"https:\/\/insurancecorp.com.br\/pt\/#\/schema\/person\/1b69c8cf325f0b7167f1b171f52df4af\",\"name\":\"Publica\\u00e7\\u00e3o\",\"image\":{\"@type\":\"ImageObject\",\"@id\":\"https:\/\/insurancecorp.com.br\/pt\/#personlogo\",\"inLanguage\":\"pt-BR\",\"url\":\"https:\/\/secure.gravatar.com\/avatar\/17226f1f60486eb25d4c6b301ffed37f?s=96&d=mm&r=g\",\"caption\":\"Publica\\u00e7\\u00e3o\"}}]}<\/script>\n<!-- \/ Yoast SEO plugin. -->","_links":{"self":[{"href":"https:\/\/insurancecorp.com.br\/pt\/wp-json\/wp\/v2\/posts\/83125"}],"collection":[{"href":"https:\/\/insurancecorp.com.br\/pt\/wp-json\/wp\/v2\/posts"}],"about":[{"href":"https:\/\/insurancecorp.com.br\/pt\/wp-json\/wp\/v2\/types\/post"}],"author":[{"embeddable":true,"href":"https:\/\/insurancecorp.com.br\/pt\/wp-json\/wp\/v2\/users\/2"}],"replies":[{"embeddable":true,"href":"https:\/\/insurancecorp.com.br\/pt\/wp-json\/wp\/v2\/comments?post=83125"}],"version-history":[{"count":2,"href":"https:\/\/insurancecorp.com.br\/pt\/wp-json\/wp\/v2\/posts\/83125\/revisions"}],"predecessor-version":[{"id":83128,"href":"https:\/\/insurancecorp.com.br\/pt\/wp-json\/wp\/v2\/posts\/83125\/revisions\/83128"}],"wp:featuredmedia":[{"embeddable":true,"href":"https:\/\/insurancecorp.com.br\/pt\/wp-json\/wp\/v2\/media\/83126"}],"wp:attachment":[{"href":"https:\/\/insurancecorp.com.br\/pt\/wp-json\/wp\/v2\/media?parent=83125"}],"wp:term":[{"taxonomy":"category","embeddable":true,"href":"https:\/\/insurancecorp.com.br\/pt\/wp-json\/wp\/v2\/categories?post=83125"},{"taxonomy":"post_tag","embeddable":true,"href":"https:\/\/insurancecorp.com.br\/pt\/wp-json\/wp\/v2\/tags?post=83125"}],"curies":[{"name":"wp","href":"https:\/\/api.w.org\/{rel}","templated":true}]}}