{"id":83119,"date":"2026-09-04T14:05:13","date_gmt":"2026-09-04T17:05:13","guid":{"rendered":"https:\/\/insurancecorp.com.br\/pt\/?p=83119"},"modified":"2026-09-04T14:05:44","modified_gmt":"2026-09-04T17:05:44","slug":"setor-de-seguros-e-resseguros-tem-desempenho-em-esg-aferido-em-anuario-nacional-sobre-o-tema","status":"publish","type":"post","link":"https:\/\/insurancecorp.com.br\/pt\/2026\/09\/04\/setor-de-seguros-e-resseguros-tem-desempenho-em-esg-aferido-em-anuario-nacional-sobre-o-tema\/","title":{"rendered":"Setor de seguros e resseguros tem desempenho em ESG aferido em anu\u00e1rio nacional sobre o tema"},"content":{"rendered":"<p align=\"justify\">Pela primeira vez, as a\u00e7\u00f5es ESG de empresas do mercado segurador passaram a compor o Anu\u00e1rio Integridade ESG 2026, cujo \u00edndice (iESG) mede a visibilidade das iniciativas das companhias nos tr\u00eas pilares dessa agenda \u2013 meio ambiente, social e governan\u00e7a. O ranking setorial \u00e9 liderado pelo Bradesco Seguros, seguido por MAPFRE, Porto e Allianz.<\/p>\n<p align=\"justify\">No detalhamento do ranking do segmento, o Bradesco Seguros, l\u00edder setorial, destacou-se por zerar suas emiss\u00f5es por meio de cr\u00e9ditos de carbono e investir R$ 87 milh\u00f5es em programas sociais. &#8220;<i>\u00c9 um desafio todo dia refor\u00e7ar as pr\u00e1ticas de sustentabilidade. E o seguro fecha a ponta da sustentabilidade no sentido de que mais pessoas tiverem seguros, a gente vai ter um fortalecimento da economia diante de cat\u00e1strofes clim\u00e1ticas, problemas sociais, porque o segurado n\u00e3o \u00e9 pego desprevenido quando acontece isso. Consegue ter condi\u00e7\u00f5es para um recome\u00e7o de vida.<\/i>&#8220;, comenta Ivani Benazi, superintendente de Sustentabilidade do grupo Bradesco Seguros.<\/p>\n<p align=\"justify\">Na segunda posi\u00e7\u00e3o do ranking, a MAPFRE lan\u00e7ou o Biosseguro, voltado \u00e0 prote\u00e7\u00e3o de projetos de restaura\u00e7\u00e3o ambiental contra eventos clim\u00e1ticos extremos, al\u00e9m de manter forte atua\u00e7\u00e3o social via Fundaci\u00f3n MAPFRE. Na sequ\u00eancia, a Porto implementou o Plano Regenera, com metas socioambientais, uso de energia renov\u00e1vel, compensa\u00e7\u00e3o de CO\u2082 e a\u00e7\u00f5es de inclus\u00e3o social. Fechando a lista, a Allianz avan\u00e7ou na certifica\u00e7\u00e3o de produtos sustent\u00e1veis, expandiu coberturas para riscos emergentes e promoveu iniciativas nas \u00e1reas de sa\u00fade mental e reciclagem de ve\u00edculos.<\/p>\n<p align=\"justify\">De acordo com o levantamento, que \u00e9 publicado pela Insight Comunica\u00e7\u00e3o, a cria\u00e7\u00e3o de produtos e pr\u00e1ticas baseados em crit\u00e9rios ambientais, sociais e clim\u00e1ticos, e o lan\u00e7amento de solu\u00e7\u00f5es voltadas \u00e0 adapta\u00e7\u00e3o, \u00e0 preven\u00e7\u00e3o e \u00e0 prote\u00e7\u00e3o contra eventos clim\u00e1ticos contribu\u00edram para colocar o mercado segurador no radar da agenda ESG brasileira. O relat\u00f3rio destaca ainda a estrat\u00e9gia ESG como o principal assunto tratado pelo setor de seguros, acompanhada por inova\u00e7\u00e3o, educa\u00e7\u00e3o financeira, sa\u00fade mental, diversidade, prote\u00e7\u00e3o de dados, lideran\u00e7a feminina e reciclagem.<\/p>\n<p align=\"justify\">Para chegar aos resultados, o InsightLab, bra\u00e7o de pesquisa e dados da Insight, partiu de uma base de mais de 2.700 empresas que atuam no Brasil. Destas, 1.360 divulgam pr\u00e1ticas efetivamente integradas nos tr\u00eas pilares ESG \u2013 Ambiental, Social e Governan\u00e7a. Todo o conjunto de a\u00e7\u00f5es tornadas p\u00fablicas, de balan\u00e7os a relat\u00f3rios de sustentabilidade, m\u00eddia e redes sociais, foi mapeado e qualificado por algoritmos e sistemas de IA do InsightLab, com revis\u00e3o de especialistas do setor. Este ano, as empresas que comp\u00f5em o Top 5 do ranking geral s\u00e3o Vivo, em 1\u00ba. lugar, seguida por Banco do Brasil, na vice-lideran\u00e7a, Natura, Bradesco e CPFL Energia.<\/p>\n<p align=\"justify\"><strong>Insight Net<\/strong><\/p>\n","protected":false},"excerpt":{"rendered":"<p>Pela primeira vez, as a\u00e7\u00f5es ESG de empresas do mercado segurador passaram a compor o Anu\u00e1rio Integridade ESG 2026, cujo \u00edndice (iESG) mede a visibilidade das iniciativas das companhias nos tr\u00eas pilares dessa agenda \u2013 meio ambiente, social e governan\u00e7a. O ranking setorial \u00e9 liderado pelo Bradesco Seguros, seguido por MAPFRE, Porto e Allianz. No [&hellip;]<\/p>\n","protected":false},"author":2,"featured_media":83121,"comment_status":"open","ping_status":"open","sticky":false,"template":"","format":"standard","meta":[],"categories":[153],"tags":[3568,17677],"jetpack_featured_media_url":"https:\/\/insurancecorp.com.br\/pt\/wp-content\/uploads\/2026\/09\/Captura-de-Tela-2026-09-04-as-14.00.26.png","yoast_head":"<!-- This site is optimized with the Yoast SEO plugin v14.8 - https:\/\/yoast.com\/wordpress\/plugins\/seo\/ -->\n<title>Setor de seguros e resseguros tem desempenho em ESG aferido em anu\u00e1rio nacional sobre o tema | Revista Insurance Corp | PT-BR<\/title>\n<meta name=\"robots\" content=\"index, follow\" \/>\n<meta name=\"googlebot\" content=\"index, follow, max-snippet:-1, max-image-preview:large, max-video-preview:-1\" \/>\n<meta name=\"bingbot\" content=\"index, follow, max-snippet:-1, max-image-preview:large, max-video-preview:-1\" \/>\n<link rel=\"canonical\" href=\"https:\/\/insurancecorp.com.br\/pt\/2026\/09\/04\/setor-de-seguros-e-resseguros-tem-desempenho-em-esg-aferido-em-anuario-nacional-sobre-o-tema\/\" \/>\n<meta property=\"og:locale\" content=\"pt_BR\" \/>\n<meta property=\"og:type\" content=\"article\" \/>\n<meta property=\"og:title\" content=\"Setor de seguros e resseguros tem desempenho em ESG aferido em anu\u00e1rio nacional sobre o tema | Revista Insurance Corp | PT-BR\" \/>\n<meta property=\"og:description\" content=\"Pela primeira vez, as a\u00e7\u00f5es ESG de empresas do mercado segurador passaram a compor o Anu\u00e1rio Integridade ESG 2026, cujo \u00edndice (iESG) mede a visibilidade das iniciativas das companhias nos tr\u00eas pilares dessa agenda \u2013 meio ambiente, social e governan\u00e7a. O ranking setorial \u00e9 liderado pelo Bradesco Seguros, seguido por MAPFRE, Porto e Allianz. No [&hellip;]\" \/>\n<meta property=\"og:url\" content=\"https:\/\/insurancecorp.com.br\/pt\/2026\/09\/04\/setor-de-seguros-e-resseguros-tem-desempenho-em-esg-aferido-em-anuario-nacional-sobre-o-tema\/\" \/>\n<meta property=\"og:site_name\" content=\"Revista Insurance Corp | PT-BR\" \/>\n<meta property=\"article:publisher\" content=\"https:\/\/www.facebook.com\/RevistaInsuranceCorp\/\" \/>\n<meta property=\"article:published_time\" content=\"2026-09-04T17:05:13+00:00\" \/>\n<meta property=\"article:modified_time\" content=\"2026-09-04T17:05:44+00:00\" \/>\n<meta property=\"og:image\" content=\"https:\/\/insurancecorp.com.br\/pt\/wp-content\/uploads\/2026\/09\/Captura-de-Tela-2026-09-04-as-14.00.26.png\" \/>\n\t<meta property=\"og:image:width\" content=\"622\" \/>\n\t<meta property=\"og:image:height\" content=\"194\" \/>\n<meta name=\"twitter:card\" content=\"summary\" \/>\n<script type=\"application\/ld+json\" class=\"yoast-schema-graph\">{\"@context\":\"https:\/\/schema.org\",\"@graph\":[{\"@type\":\"Organization\",\"@id\":\"https:\/\/insurancecorp.com.br\/pt\/#organization\",\"name\":\"Revista Insurance Corp\",\"url\":\"https:\/\/insurancecorp.com.br\/pt\/\",\"sameAs\":[\"https:\/\/www.facebook.com\/RevistaInsuranceCorp\/\"],\"logo\":{\"@type\":\"ImageObject\",\"@id\":\"https:\/\/insurancecorp.com.br\/pt\/#logo\",\"inLanguage\":\"pt-BR\",\"url\":\"\",\"caption\":\"Revista Insurance Corp\"},\"image\":{\"@id\":\"https:\/\/insurancecorp.com.br\/pt\/#logo\"}},{\"@type\":\"WebSite\",\"@id\":\"https:\/\/insurancecorp.com.br\/pt\/#website\",\"url\":\"https:\/\/insurancecorp.com.br\/pt\/\",\"name\":\"Revista Insurance Corp | PT-BR\",\"description\":\"A \\u00fanica revista bil\\u00edngue voltada ao mercado de seguro.\",\"publisher\":{\"@id\":\"https:\/\/insurancecorp.com.br\/pt\/#organization\"},\"potentialAction\":[{\"@type\":\"SearchAction\",\"target\":\"https:\/\/insurancecorp.com.br\/pt\/?s={search_term_string}\",\"query-input\":\"required name=search_term_string\"}],\"inLanguage\":\"pt-BR\"},{\"@type\":\"ImageObject\",\"@id\":\"https:\/\/insurancecorp.com.br\/pt\/2026\/09\/04\/setor-de-seguros-e-resseguros-tem-desempenho-em-esg-aferido-em-anuario-nacional-sobre-o-tema\/#primaryimage\",\"inLanguage\":\"pt-BR\",\"url\":\"https:\/\/insurancecorp.com.br\/pt\/wp-content\/uploads\/2026\/09\/Captura-de-Tela-2026-09-04-as-14.00.26.png\",\"width\":622,\"height\":194},{\"@type\":\"WebPage\",\"@id\":\"https:\/\/insurancecorp.com.br\/pt\/2026\/09\/04\/setor-de-seguros-e-resseguros-tem-desempenho-em-esg-aferido-em-anuario-nacional-sobre-o-tema\/#webpage\",\"url\":\"https:\/\/insurancecorp.com.br\/pt\/2026\/09\/04\/setor-de-seguros-e-resseguros-tem-desempenho-em-esg-aferido-em-anuario-nacional-sobre-o-tema\/\",\"name\":\"Setor de seguros e resseguros tem desempenho em ESG aferido em anu\\u00e1rio nacional sobre o tema | Revista Insurance Corp | PT-BR\",\"isPartOf\":{\"@id\":\"https:\/\/insurancecorp.com.br\/pt\/#website\"},\"primaryImageOfPage\":{\"@id\":\"https:\/\/insurancecorp.com.br\/pt\/2026\/09\/04\/setor-de-seguros-e-resseguros-tem-desempenho-em-esg-aferido-em-anuario-nacional-sobre-o-tema\/#primaryimage\"},\"datePublished\":\"2026-09-04T17:05:13+00:00\",\"dateModified\":\"2026-09-04T17:05:44+00:00\",\"inLanguage\":\"pt-BR\",\"potentialAction\":[{\"@type\":\"ReadAction\",\"target\":[\"https:\/\/insurancecorp.com.br\/pt\/2026\/09\/04\/setor-de-seguros-e-resseguros-tem-desempenho-em-esg-aferido-em-anuario-nacional-sobre-o-tema\/\"]}]},{\"@type\":\"Article\",\"@id\":\"https:\/\/insurancecorp.com.br\/pt\/2026\/09\/04\/setor-de-seguros-e-resseguros-tem-desempenho-em-esg-aferido-em-anuario-nacional-sobre-o-tema\/#article\",\"isPartOf\":{\"@id\":\"https:\/\/insurancecorp.com.br\/pt\/2026\/09\/04\/setor-de-seguros-e-resseguros-tem-desempenho-em-esg-aferido-em-anuario-nacional-sobre-o-tema\/#webpage\"},\"author\":{\"@id\":\"https:\/\/insurancecorp.com.br\/pt\/#\/schema\/person\/1b69c8cf325f0b7167f1b171f52df4af\"},\"headline\":\"Setor de seguros e resseguros tem desempenho em ESG aferido em anu\\u00e1rio nacional sobre o tema\",\"datePublished\":\"2026-09-04T17:05:13+00:00\",\"dateModified\":\"2026-09-04T17:05:44+00:00\",\"mainEntityOfPage\":{\"@id\":\"https:\/\/insurancecorp.com.br\/pt\/2026\/09\/04\/setor-de-seguros-e-resseguros-tem-desempenho-em-esg-aferido-em-anuario-nacional-sobre-o-tema\/#webpage\"},\"commentCount\":1,\"publisher\":{\"@id\":\"https:\/\/insurancecorp.com.br\/pt\/#organization\"},\"image\":{\"@id\":\"https:\/\/insurancecorp.com.br\/pt\/2026\/09\/04\/setor-de-seguros-e-resseguros-tem-desempenho-em-esg-aferido-em-anuario-nacional-sobre-o-tema\/#primaryimage\"},\"keywords\":\"ESG,Setor de seguros e resseguros\",\"articleSection\":\"Interesse Mercado\",\"inLanguage\":\"pt-BR\",\"potentialAction\":[{\"@type\":\"CommentAction\",\"name\":\"Comment\",\"target\":[\"https:\/\/insurancecorp.com.br\/pt\/2026\/09\/04\/setor-de-seguros-e-resseguros-tem-desempenho-em-esg-aferido-em-anuario-nacional-sobre-o-tema\/#respond\"]}]},{\"@type\":\"Person\",\"@id\":\"https:\/\/insurancecorp.com.br\/pt\/#\/schema\/person\/1b69c8cf325f0b7167f1b171f52df4af\",\"name\":\"Publica\\u00e7\\u00e3o\",\"image\":{\"@type\":\"ImageObject\",\"@id\":\"https:\/\/insurancecorp.com.br\/pt\/#personlogo\",\"inLanguage\":\"pt-BR\",\"url\":\"https:\/\/secure.gravatar.com\/avatar\/17226f1f60486eb25d4c6b301ffed37f?s=96&d=mm&r=g\",\"caption\":\"Publica\\u00e7\\u00e3o\"}}]}<\/script>\n<!-- \/ Yoast SEO plugin. -->","_links":{"self":[{"href":"https:\/\/insurancecorp.com.br\/pt\/wp-json\/wp\/v2\/posts\/83119"}],"collection":[{"href":"https:\/\/insurancecorp.com.br\/pt\/wp-json\/wp\/v2\/posts"}],"about":[{"href":"https:\/\/insurancecorp.com.br\/pt\/wp-json\/wp\/v2\/types\/post"}],"author":[{"embeddable":true,"href":"https:\/\/insurancecorp.com.br\/pt\/wp-json\/wp\/v2\/users\/2"}],"replies":[{"embeddable":true,"href":"https:\/\/insurancecorp.com.br\/pt\/wp-json\/wp\/v2\/comments?post=83119"}],"version-history":[{"count":1,"href":"https:\/\/insurancecorp.com.br\/pt\/wp-json\/wp\/v2\/posts\/83119\/revisions"}],"predecessor-version":[{"id":83123,"href":"https:\/\/insurancecorp.com.br\/pt\/wp-json\/wp\/v2\/posts\/83119\/revisions\/83123"}],"wp:featuredmedia":[{"embeddable":true,"href":"https:\/\/insurancecorp.com.br\/pt\/wp-json\/wp\/v2\/media\/83121"}],"wp:attachment":[{"href":"https:\/\/insurancecorp.com.br\/pt\/wp-json\/wp\/v2\/media?parent=83119"}],"wp:term":[{"taxonomy":"category","embeddable":true,"href":"https:\/\/insurancecorp.com.br\/pt\/wp-json\/wp\/v2\/categories?post=83119"},{"taxonomy":"post_tag","embeddable":true,"href":"https:\/\/insurancecorp.com.br\/pt\/wp-json\/wp\/v2\/tags?post=83119"}],"curies":[{"name":"wp","href":"https:\/\/api.w.org\/{rel}","templated":true}]}}