{"id":83112,"date":"2026-09-04T11:49:04","date_gmt":"2026-09-04T14:49:04","guid":{"rendered":"https:\/\/insurancecorp.com.br\/pt\/?p=83112"},"modified":"2026-09-04T11:49:04","modified_gmt":"2026-09-04T14:49:04","slug":"seguro-de-vida-individual-pode-ampliar-negocios-e-diversificar-carteira-de-corretores-aponta-estudo-apoiado-pela-mag-seguros","status":"publish","type":"post","link":"https:\/\/insurancecorp.com.br\/pt\/2026\/09\/04\/seguro-de-vida-individual-pode-ampliar-negocios-e-diversificar-carteira-de-corretores-aponta-estudo-apoiado-pela-mag-seguros\/","title":{"rendered":"Seguro de vida individual pode ampliar neg\u00f3cios e diversificar carteira de corretores, aponta estudo apoiado pela MAG Seguros"},"content":{"rendered":"<p align=\"justify\">O seguro de vida individual pode representar uma alternativa estrat\u00e9gica para corretores que buscam diversificar a carteira e ampliar as oportunidades de neg\u00f3cios nos m\u00e9dio e longo prazos. Essa \u00e9 a principal reflex\u00e3o do estudo &#8220;Seguro de Vida Individual: Uma Estrat\u00e9gia para os Corretores&#8221;, desenvolvido pelo economista Francisco Galiza com apoio da MAG Seguros. O levantamento foi apresentado pelo especialista em um painel realizado na Matriz S\u00e3o Paulo do Grupo MAG, que reuniu corretores e outros profissionais do setor. Tamb\u00e9m estiveram no palco Nilton Molina (Presidente do Instituto de Longevidade MAG), Waldemir Fiorio (Diretor de Mercado da MAG Seguros) e Karina Castro (Superintendente de Neg\u00f3cios da MAG), que contribu\u00edram com reflex\u00f5es valiosas acerca dos indicadores.<\/p>\n<p align=\"justify\">O trabalho re\u00fane refer\u00eancias nacionais e internacionais, an\u00e1lises econ\u00f4micas e estrat\u00e9gicas e modelos te\u00f3ricos para avaliar as condi\u00e7\u00f5es atuais e as perspectivas desse mercado no pa\u00eds. Entre os aspectos abordados est\u00e3o o comportamento do consumidor, os canais de distribui\u00e7\u00e3o, a venda cruzada e a diversifica\u00e7\u00e3o da carteira como caminho para ampliar a atua\u00e7\u00e3o dos corretores.<\/p>\n<p align=\"justify\">Uma das principais reflex\u00f5es apresentadas pelo estudo est\u00e1 na possibilidade de os corretores ampliarem sua atua\u00e7\u00e3o para al\u00e9m dos ramos em que tradicionalmente concentram seus neg\u00f3cios. A an\u00e1lise destaca o seguro de vida individual como uma alternativa para aproveitar o relacionamento j\u00e1 estabelecido com os clientes, ampliar a oferta de solu\u00e7\u00f5es de prote\u00e7\u00e3o e reduzir a depend\u00eancia de uma carteira concentrada em poucos segmentos.<\/p>\n<p align=\"justify\">Nesse contexto, a venda cruzada aparece como um dos caminhos para o desenvolvimento dos neg\u00f3cios. O estudo aponta que o corretor pode utilizar sua pr\u00f3pria base de clientes para identificar novas necessidades de prote\u00e7\u00e3o e ampliar sua atua\u00e7\u00e3o. Tamb\u00e9m destaca a import\u00e2ncia da qualifica\u00e7\u00e3o dos profissionais e de uma atua\u00e7\u00e3o pr\u00f3xima das seguradoras, com solu\u00e7\u00f5es e tecnologia que contribuam para o desenvolvimento desse mercado.<\/p>\n<p align=\"justify\">O trabalho apresenta ainda uma simula\u00e7\u00e3o te\u00f3rica para avaliar, nos m\u00e9dio e longo prazos, os poss\u00edveis efeitos da inclus\u00e3o do seguro de pessoas em uma corretora inicialmente concentrada no ramo autom\u00f3vel. O exerc\u00edcio busca demonstrar como uma carteira mais diversificada pode contribuir para a constru\u00e7\u00e3o de novas fontes de receita e para uma maior estabilidade dos neg\u00f3cios ao longo do tempo.<\/p>\n<p align=\"justify\">&#8220;<i>O seguro de vida individual ainda tem um importante espa\u00e7o de desenvolvimento no Brasil, e o corretor ocupa uma posi\u00e7\u00e3o fundamental nesse processo, pela proximidade e pelo conhecimento que possui de seus clientes. Apoiar um estudo como este \u00e9 uma forma de contribuir para ampliar o conhecimento sobre o segmento e oferecer aos profissionais novas refer\u00eancias para diversificar sua atua\u00e7\u00e3o, fortalecer seus neg\u00f3cios e levar prote\u00e7\u00e3o financeira a mais pessoas<\/i>&#8220;, afirma Waldemir Fiorio, diretor de Mercado da MAG Seguros.<\/p>\n<p align=\"justify\">Embora o segmento tenha avan\u00e7ado nos \u00faltimos anos, o estudo identifica espa\u00e7o para seu desenvolvimento no pa\u00eds. Entre os pontos destacados est\u00e3o a amplia\u00e7\u00e3o da cultura do seguro, o fortalecimento dos canais de distribui\u00e7\u00e3o e uma atua\u00e7\u00e3o mais ativa dos corretores na oferta de solu\u00e7\u00f5es de vida, aproveitando inclusive o relacionamento j\u00e1 constru\u00eddo com sua base de clientes.<\/p>\n<p align=\"justify\">Consultor da Rating de Seguros Consultoria, Francisco Galiza \u00e9 mestre em Economia e especialista no mercado de seguros.<\/p>\n<p align=\"justify\">O estudo completo pode ser acessado <a id=\"v1OWAa3058c89-b22d-9efd-4234-6a67a3c6cf9e\" class=\"v1Hyperlink v1SCXW154484565 v1BCX8 v1OWAAutoLink\" href=\"https:\/\/gr.tv.br\/wp-content\/uploads\/2026\/08\/VidaIndividualCorretorMAG.pdf?utm_source=chatgpt.com\" target=\"_blank\" rel=\"noopener noreferrer\"><u>aqui.<\/u><\/a><\/p>\n<p align=\"justify\"><a href=\"https:\/\/gr.tv.br\/wp-content\/uploads\/2026\/08\/VidaIndividualCorretorMAG.pdf?utm_source=chatgpt.com\" target=\"_blank\" rel=\"noopener noreferrer\">https:\/\/gr.tv.br\/wp-content\/uploads\/2026\/08\/VidaIndividualCorretorMAG.pdf?utm_source=chatgpt.com<\/a><\/p>\n<p align=\"justify\"><strong>GBR Comunica\u00e7\u00e3o<\/strong><\/p>\n","protected":false},"excerpt":{"rendered":"<p>O seguro de vida individual pode representar uma alternativa estrat\u00e9gica para corretores que buscam diversificar a carteira e ampliar as oportunidades de neg\u00f3cios nos m\u00e9dio e longo prazos. Essa \u00e9 a principal reflex\u00e3o do estudo &#8220;Seguro de Vida Individual: Uma Estrat\u00e9gia para os Corretores&#8221;, desenvolvido pelo economista Francisco Galiza com apoio da MAG Seguros. O [&hellip;]<\/p>\n","protected":false},"author":2,"featured_media":83113,"comment_status":"open","ping_status":"open","sticky":false,"template":"","format":"standard","meta":[],"categories":[515],"tags":[17676,578,5046],"jetpack_featured_media_url":"https:\/\/insurancecorp.com.br\/pt\/wp-content\/uploads\/2026\/09\/image.png","yoast_head":"<!-- This site is optimized with the Yoast SEO plugin v14.8 - https:\/\/yoast.com\/wordpress\/plugins\/seo\/ -->\n<title>Seguro de vida individual pode ampliar neg\u00f3cios e diversificar carteira de corretores, aponta estudo apoiado pela MAG Seguros | Revista Insurance Corp | PT-BR<\/title>\n<meta name=\"robots\" content=\"index, follow\" \/>\n<meta name=\"googlebot\" content=\"index, follow, max-snippet:-1, max-image-preview:large, max-video-preview:-1\" \/>\n<meta name=\"bingbot\" content=\"index, follow, max-snippet:-1, max-image-preview:large, max-video-preview:-1\" \/>\n<link rel=\"canonical\" href=\"https:\/\/insurancecorp.com.br\/pt\/2026\/09\/04\/seguro-de-vida-individual-pode-ampliar-negocios-e-diversificar-carteira-de-corretores-aponta-estudo-apoiado-pela-mag-seguros\/\" \/>\n<meta property=\"og:locale\" content=\"pt_BR\" \/>\n<meta property=\"og:type\" content=\"article\" \/>\n<meta property=\"og:title\" content=\"Seguro de vida individual pode ampliar neg\u00f3cios e diversificar carteira de corretores, aponta estudo apoiado pela MAG Seguros | Revista Insurance Corp | PT-BR\" \/>\n<meta property=\"og:description\" content=\"O seguro de vida individual pode representar uma alternativa estrat\u00e9gica para corretores que buscam diversificar a carteira e ampliar as oportunidades de neg\u00f3cios nos m\u00e9dio e longo prazos. Essa \u00e9 a principal reflex\u00e3o do estudo &#8220;Seguro de Vida Individual: Uma Estrat\u00e9gia para os Corretores&#8221;, desenvolvido pelo economista Francisco Galiza com apoio da MAG Seguros. O [&hellip;]\" \/>\n<meta property=\"og:url\" content=\"https:\/\/insurancecorp.com.br\/pt\/2026\/09\/04\/seguro-de-vida-individual-pode-ampliar-negocios-e-diversificar-carteira-de-corretores-aponta-estudo-apoiado-pela-mag-seguros\/\" \/>\n<meta property=\"og:site_name\" content=\"Revista Insurance Corp | PT-BR\" \/>\n<meta property=\"article:publisher\" content=\"https:\/\/www.facebook.com\/RevistaInsuranceCorp\/\" \/>\n<meta property=\"article:published_time\" content=\"2026-09-04T14:49:04+00:00\" \/>\n<meta property=\"og:image\" content=\"https:\/\/insurancecorp.com.br\/pt\/wp-content\/uploads\/2026\/09\/image.png\" \/>\n\t<meta property=\"og:image:width\" content=\"828\" \/>\n\t<meta property=\"og:image:height\" content=\"552\" \/>\n<meta name=\"twitter:card\" content=\"summary\" \/>\n<script type=\"application\/ld+json\" class=\"yoast-schema-graph\">{\"@context\":\"https:\/\/schema.org\",\"@graph\":[{\"@type\":\"Organization\",\"@id\":\"https:\/\/insurancecorp.com.br\/pt\/#organization\",\"name\":\"Revista Insurance Corp\",\"url\":\"https:\/\/insurancecorp.com.br\/pt\/\",\"sameAs\":[\"https:\/\/www.facebook.com\/RevistaInsuranceCorp\/\"],\"logo\":{\"@type\":\"ImageObject\",\"@id\":\"https:\/\/insurancecorp.com.br\/pt\/#logo\",\"inLanguage\":\"pt-BR\",\"url\":\"\",\"caption\":\"Revista Insurance Corp\"},\"image\":{\"@id\":\"https:\/\/insurancecorp.com.br\/pt\/#logo\"}},{\"@type\":\"WebSite\",\"@id\":\"https:\/\/insurancecorp.com.br\/pt\/#website\",\"url\":\"https:\/\/insurancecorp.com.br\/pt\/\",\"name\":\"Revista Insurance Corp | PT-BR\",\"description\":\"A \\u00fanica revista bil\\u00edngue voltada ao mercado de seguro.\",\"publisher\":{\"@id\":\"https:\/\/insurancecorp.com.br\/pt\/#organization\"},\"potentialAction\":[{\"@type\":\"SearchAction\",\"target\":\"https:\/\/insurancecorp.com.br\/pt\/?s={search_term_string}\",\"query-input\":\"required name=search_term_string\"}],\"inLanguage\":\"pt-BR\"},{\"@type\":\"ImageObject\",\"@id\":\"https:\/\/insurancecorp.com.br\/pt\/2026\/09\/04\/seguro-de-vida-individual-pode-ampliar-negocios-e-diversificar-carteira-de-corretores-aponta-estudo-apoiado-pela-mag-seguros\/#primaryimage\",\"inLanguage\":\"pt-BR\",\"url\":\"https:\/\/insurancecorp.com.br\/pt\/wp-content\/uploads\/2026\/09\/image.png\",\"width\":828,\"height\":552},{\"@type\":\"WebPage\",\"@id\":\"https:\/\/insurancecorp.com.br\/pt\/2026\/09\/04\/seguro-de-vida-individual-pode-ampliar-negocios-e-diversificar-carteira-de-corretores-aponta-estudo-apoiado-pela-mag-seguros\/#webpage\",\"url\":\"https:\/\/insurancecorp.com.br\/pt\/2026\/09\/04\/seguro-de-vida-individual-pode-ampliar-negocios-e-diversificar-carteira-de-corretores-aponta-estudo-apoiado-pela-mag-seguros\/\",\"name\":\"Seguro de vida individual pode ampliar neg\\u00f3cios e diversificar carteira de corretores, aponta estudo apoiado pela MAG Seguros | Revista Insurance Corp | PT-BR\",\"isPartOf\":{\"@id\":\"https:\/\/insurancecorp.com.br\/pt\/#website\"},\"primaryImageOfPage\":{\"@id\":\"https:\/\/insurancecorp.com.br\/pt\/2026\/09\/04\/seguro-de-vida-individual-pode-ampliar-negocios-e-diversificar-carteira-de-corretores-aponta-estudo-apoiado-pela-mag-seguros\/#primaryimage\"},\"datePublished\":\"2026-09-04T14:49:04+00:00\",\"dateModified\":\"2026-09-04T14:49:04+00:00\",\"inLanguage\":\"pt-BR\",\"potentialAction\":[{\"@type\":\"ReadAction\",\"target\":[\"https:\/\/insurancecorp.com.br\/pt\/2026\/09\/04\/seguro-de-vida-individual-pode-ampliar-negocios-e-diversificar-carteira-de-corretores-aponta-estudo-apoiado-pela-mag-seguros\/\"]}]},{\"@type\":\"Article\",\"@id\":\"https:\/\/insurancecorp.com.br\/pt\/2026\/09\/04\/seguro-de-vida-individual-pode-ampliar-negocios-e-diversificar-carteira-de-corretores-aponta-estudo-apoiado-pela-mag-seguros\/#article\",\"isPartOf\":{\"@id\":\"https:\/\/insurancecorp.com.br\/pt\/2026\/09\/04\/seguro-de-vida-individual-pode-ampliar-negocios-e-diversificar-carteira-de-corretores-aponta-estudo-apoiado-pela-mag-seguros\/#webpage\"},\"author\":{\"@id\":\"https:\/\/insurancecorp.com.br\/pt\/#\/schema\/person\/1b69c8cf325f0b7167f1b171f52df4af\"},\"headline\":\"Seguro de vida individual pode ampliar neg\\u00f3cios e diversificar carteira de corretores, aponta estudo apoiado pela MAG Seguros\",\"datePublished\":\"2026-09-04T14:49:04+00:00\",\"dateModified\":\"2026-09-04T14:49:04+00:00\",\"mainEntityOfPage\":{\"@id\":\"https:\/\/insurancecorp.com.br\/pt\/2026\/09\/04\/seguro-de-vida-individual-pode-ampliar-negocios-e-diversificar-carteira-de-corretores-aponta-estudo-apoiado-pela-mag-seguros\/#webpage\"},\"commentCount\":1,\"publisher\":{\"@id\":\"https:\/\/insurancecorp.com.br\/pt\/#organization\"},\"image\":{\"@id\":\"https:\/\/insurancecorp.com.br\/pt\/2026\/09\/04\/seguro-de-vida-individual-pode-ampliar-negocios-e-diversificar-carteira-de-corretores-aponta-estudo-apoiado-pela-mag-seguros\/#primaryimage\"},\"keywords\":\"diversificar carteira de corretores,mag seguros,seguro de vida individual\",\"articleSection\":\"MAG\",\"inLanguage\":\"pt-BR\",\"potentialAction\":[{\"@type\":\"CommentAction\",\"name\":\"Comment\",\"target\":[\"https:\/\/insurancecorp.com.br\/pt\/2026\/09\/04\/seguro-de-vida-individual-pode-ampliar-negocios-e-diversificar-carteira-de-corretores-aponta-estudo-apoiado-pela-mag-seguros\/#respond\"]}]},{\"@type\":\"Person\",\"@id\":\"https:\/\/insurancecorp.com.br\/pt\/#\/schema\/person\/1b69c8cf325f0b7167f1b171f52df4af\",\"name\":\"Publica\\u00e7\\u00e3o\",\"image\":{\"@type\":\"ImageObject\",\"@id\":\"https:\/\/insurancecorp.com.br\/pt\/#personlogo\",\"inLanguage\":\"pt-BR\",\"url\":\"https:\/\/secure.gravatar.com\/avatar\/17226f1f60486eb25d4c6b301ffed37f?s=96&d=mm&r=g\",\"caption\":\"Publica\\u00e7\\u00e3o\"}}]}<\/script>\n<!-- \/ Yoast SEO plugin. -->","_links":{"self":[{"href":"https:\/\/insurancecorp.com.br\/pt\/wp-json\/wp\/v2\/posts\/83112"}],"collection":[{"href":"https:\/\/insurancecorp.com.br\/pt\/wp-json\/wp\/v2\/posts"}],"about":[{"href":"https:\/\/insurancecorp.com.br\/pt\/wp-json\/wp\/v2\/types\/post"}],"author":[{"embeddable":true,"href":"https:\/\/insurancecorp.com.br\/pt\/wp-json\/wp\/v2\/users\/2"}],"replies":[{"embeddable":true,"href":"https:\/\/insurancecorp.com.br\/pt\/wp-json\/wp\/v2\/comments?post=83112"}],"version-history":[{"count":1,"href":"https:\/\/insurancecorp.com.br\/pt\/wp-json\/wp\/v2\/posts\/83112\/revisions"}],"predecessor-version":[{"id":83114,"href":"https:\/\/insurancecorp.com.br\/pt\/wp-json\/wp\/v2\/posts\/83112\/revisions\/83114"}],"wp:featuredmedia":[{"embeddable":true,"href":"https:\/\/insurancecorp.com.br\/pt\/wp-json\/wp\/v2\/media\/83113"}],"wp:attachment":[{"href":"https:\/\/insurancecorp.com.br\/pt\/wp-json\/wp\/v2\/media?parent=83112"}],"wp:term":[{"taxonomy":"category","embeddable":true,"href":"https:\/\/insurancecorp.com.br\/pt\/wp-json\/wp\/v2\/categories?post=83112"},{"taxonomy":"post_tag","embeddable":true,"href":"https:\/\/insurancecorp.com.br\/pt\/wp-json\/wp\/v2\/tags?post=83112"}],"curies":[{"name":"wp","href":"https:\/\/api.w.org\/{rel}","templated":true}]}}