{"id":83108,"date":"2026-09-04T11:31:25","date_gmt":"2026-09-04T14:31:25","guid":{"rendered":"https:\/\/insurancecorp.com.br\/pt\/?p=83108"},"modified":"2026-09-04T11:44:42","modified_gmt":"2026-09-04T14:44:42","slug":"grupo-bradesco-seguros-e-lider-da-categoria-seguros-e-resseguros-no-premio-destaques-esg-2026","status":"publish","type":"post","link":"https:\/\/insurancecorp.com.br\/pt\/2026\/09\/04\/grupo-bradesco-seguros-e-lider-da-categoria-seguros-e-resseguros-no-premio-destaques-esg-2026\/","title":{"rendered":"Grupo Bradesco Seguros \u00e9 l\u00edder da categoria Seguros e Resseguros no Pr\u00eamio Destaques ESG 2026"},"content":{"rendered":"<p align=\"justify\">O Grupo Bradesco Seguros foi reconhecido como l\u00edder setorial do Anu\u00e1rio Integridade ESG, na categoria Seguros e Resseguros, do Pr\u00eamio Destaques ESG 2026. A iniciativa reconhece empresas, institui\u00e7\u00f5es e lideran\u00e7as que transformam desafios ambientais, sociais e de governan\u00e7a em oportunidades de impacto positivo para a sociedade. A cerim\u00f4nia de premia\u00e7\u00e3o foi realizada no \u00faltimo dia 2 de setembro, na Funda\u00e7\u00e3o Get\u00falio Vargas (FGV), no Rio de Janeiro.<\/p>\n<p align=\"justify\">O pr\u00eamio refor\u00e7a uma atua\u00e7\u00e3o que busca integrar os crit\u00e9rios ESG \u00e0s decis\u00f5es de neg\u00f3cio, ao desenvolvimento de produtos e servi\u00e7os e \u00e0 gest\u00e3o de investimentos. A estrat\u00e9gia considera o papel do setor segurador na amplia\u00e7\u00e3o da prote\u00e7\u00e3o da sociedade e na constru\u00e7\u00e3o de respostas aos desafios ambientais e sociais contempor\u00e2neos.<\/p>\n<p align=\"justify\">Entre as iniciativas da companhia, est\u00e3o solu\u00e7\u00f5es voltadas \u00e0 inclus\u00e3o financeira, produtos de previd\u00eancia que incorporam crit\u00e9rios ESG e seguros e assist\u00eancias com atributos socioambientais. O Grupo tamb\u00e9m vem direcionando aten\u00e7\u00e3o aos efeitos das mudan\u00e7as clim\u00e1ticas e \u00e0 necessidade de ampliar a capacidade de prote\u00e7\u00e3o diante de eventos extremos.<\/p>\n<p align=\"justify\">&#8220;<i>Este reconhecimento refor\u00e7a a import\u00e2ncia de incorporarmos a sustentabilidade de forma transversal \u00e0 nossa atua\u00e7\u00e3o. O setor de seguros exerce um papel relevante na gest\u00e3o de riscos e na prote\u00e7\u00e3o de pessoas, empresas e patrim\u00f4nios. Integrar aspectos ambientais, sociais e de governan\u00e7a \u00e0s decis\u00f5es de neg\u00f3cio contribui para ampliar nossa capacidade de responder \u00e0s transforma\u00e7\u00f5es da sociedade e gerar valor no longo prazo<\/i>&#8220;, afirma Ivani Benazzi de Andrade, Superintendente de Sustentabilidade do Grupo Bradesco Seguros.<\/p>\n<p align=\"justify\">No contexto de inclus\u00e3o financeira, a companhia atua para ampliar o acesso a mecanismos de prote\u00e7\u00e3o por meio de solu\u00e7\u00f5es adequadas a diferentes perfis e necessidades, al\u00e9m de iniciativas de educa\u00e7\u00e3o em seguros. A estrat\u00e9gia parte do entendimento de que ampliar a cultura de prote\u00e7\u00e3o contribui para fortalecer a resili\u00eancia financeira das pessoas e das organiza\u00e7\u00f5es.<\/p>\n<p align=\"justify\">Na agenda ambiental, a atua\u00e7\u00e3o considera a crescente relev\u00e2ncia dos riscos clim\u00e1ticos para o setor segurador. O Grupo vem incorporando esses fatores \u00e0 an\u00e1lise de riscos emergentes e \u00e0 revis\u00e3o cont\u00ednua de modelos, apoiado por intelig\u00eancia de dados e ferramentas preditivas. A companhia tamb\u00e9m desenvolve solu\u00e7\u00f5es relacionadas aos efeitos de eventos extremos e mant\u00e9m crit\u00e9rios ambientais, sociais e de governan\u00e7a em sua estrat\u00e9gia de investimentos.<\/p>\n<p align=\"justify\">Para o Grupo Bradesco Seguros, o setor tem potencial para contribuir de maneira relevante para o desenvolvimento sustent\u00e1vel ao reunir sua experi\u00eancia em gest\u00e3o de riscos, capacidade de prote\u00e7\u00e3o e atua\u00e7\u00e3o como investidor institucional. Nesse contexto, sustentabilidade, inclus\u00e3o e inova\u00e7\u00e3o integram uma agenda voltada \u00e0 constru\u00e7\u00e3o de uma sociedade mais preparada para desafios de longo prazo.<\/p>\n","protected":false},"excerpt":{"rendered":"<p>O Grupo Bradesco Seguros foi reconhecido como l\u00edder setorial do Anu\u00e1rio Integridade ESG, na categoria Seguros e Resseguros, do Pr\u00eamio Destaques ESG 2026. A iniciativa reconhece empresas, institui\u00e7\u00f5es e lideran\u00e7as que transformam desafios ambientais, sociais e de governan\u00e7a em oportunidades de impacto positivo para a sociedade. A cerim\u00f4nia de premia\u00e7\u00e3o foi realizada no \u00faltimo dia [&hellip;]<\/p>\n","protected":false},"author":2,"featured_media":83109,"comment_status":"open","ping_status":"open","sticky":false,"template":"","format":"standard","meta":[],"categories":[413],"tags":[762,17675],"jetpack_featured_media_url":"https:\/\/insurancecorp.com.br\/pt\/wp-content\/uploads\/2026\/09\/WhatsApp-Image-2026-09-04-at-10.44.58.jpg","yoast_head":"<!-- This site is optimized with the Yoast SEO plugin v14.8 - https:\/\/yoast.com\/wordpress\/plugins\/seo\/ -->\n<title>Grupo Bradesco Seguros \u00e9 l\u00edder da categoria Seguros e Resseguros no Pr\u00eamio Destaques ESG 2026 | Revista Insurance Corp | PT-BR<\/title>\n<meta name=\"robots\" content=\"index, follow\" \/>\n<meta name=\"googlebot\" content=\"index, follow, max-snippet:-1, max-image-preview:large, max-video-preview:-1\" \/>\n<meta name=\"bingbot\" content=\"index, follow, max-snippet:-1, max-image-preview:large, max-video-preview:-1\" \/>\n<link rel=\"canonical\" href=\"https:\/\/insurancecorp.com.br\/pt\/2026\/09\/04\/grupo-bradesco-seguros-e-lider-da-categoria-seguros-e-resseguros-no-premio-destaques-esg-2026\/\" \/>\n<meta property=\"og:locale\" content=\"pt_BR\" \/>\n<meta property=\"og:type\" content=\"article\" \/>\n<meta property=\"og:title\" content=\"Grupo Bradesco Seguros \u00e9 l\u00edder da categoria Seguros e Resseguros no Pr\u00eamio Destaques ESG 2026 | Revista Insurance Corp | PT-BR\" \/>\n<meta property=\"og:description\" content=\"O Grupo Bradesco Seguros foi reconhecido como l\u00edder setorial do Anu\u00e1rio Integridade ESG, na categoria Seguros e Resseguros, do Pr\u00eamio Destaques ESG 2026. A iniciativa reconhece empresas, institui\u00e7\u00f5es e lideran\u00e7as que transformam desafios ambientais, sociais e de governan\u00e7a em oportunidades de impacto positivo para a sociedade. A cerim\u00f4nia de premia\u00e7\u00e3o foi realizada no \u00faltimo dia [&hellip;]\" \/>\n<meta property=\"og:url\" content=\"https:\/\/insurancecorp.com.br\/pt\/2026\/09\/04\/grupo-bradesco-seguros-e-lider-da-categoria-seguros-e-resseguros-no-premio-destaques-esg-2026\/\" \/>\n<meta property=\"og:site_name\" content=\"Revista Insurance Corp | PT-BR\" \/>\n<meta property=\"article:publisher\" content=\"https:\/\/www.facebook.com\/RevistaInsuranceCorp\/\" \/>\n<meta property=\"article:published_time\" content=\"2026-09-04T14:31:25+00:00\" \/>\n<meta property=\"article:modified_time\" content=\"2026-09-04T14:44:42+00:00\" \/>\n<meta property=\"og:image\" content=\"https:\/\/insurancecorp.com.br\/pt\/wp-content\/uploads\/2026\/09\/WhatsApp-Image-2026-09-04-at-10.44.58.jpg\" \/>\n\t<meta property=\"og:image:width\" content=\"1200\" \/>\n\t<meta property=\"og:image:height\" content=\"1600\" \/>\n<meta name=\"twitter:card\" content=\"summary\" \/>\n<script type=\"application\/ld+json\" class=\"yoast-schema-graph\">{\"@context\":\"https:\/\/schema.org\",\"@graph\":[{\"@type\":\"Organization\",\"@id\":\"https:\/\/insurancecorp.com.br\/pt\/#organization\",\"name\":\"Revista Insurance Corp\",\"url\":\"https:\/\/insurancecorp.com.br\/pt\/\",\"sameAs\":[\"https:\/\/www.facebook.com\/RevistaInsuranceCorp\/\"],\"logo\":{\"@type\":\"ImageObject\",\"@id\":\"https:\/\/insurancecorp.com.br\/pt\/#logo\",\"inLanguage\":\"pt-BR\",\"url\":\"\",\"caption\":\"Revista Insurance Corp\"},\"image\":{\"@id\":\"https:\/\/insurancecorp.com.br\/pt\/#logo\"}},{\"@type\":\"WebSite\",\"@id\":\"https:\/\/insurancecorp.com.br\/pt\/#website\",\"url\":\"https:\/\/insurancecorp.com.br\/pt\/\",\"name\":\"Revista Insurance Corp | PT-BR\",\"description\":\"A \\u00fanica revista bil\\u00edngue voltada ao mercado de seguro.\",\"publisher\":{\"@id\":\"https:\/\/insurancecorp.com.br\/pt\/#organization\"},\"potentialAction\":[{\"@type\":\"SearchAction\",\"target\":\"https:\/\/insurancecorp.com.br\/pt\/?s={search_term_string}\",\"query-input\":\"required name=search_term_string\"}],\"inLanguage\":\"pt-BR\"},{\"@type\":\"ImageObject\",\"@id\":\"https:\/\/insurancecorp.com.br\/pt\/2026\/09\/04\/grupo-bradesco-seguros-e-lider-da-categoria-seguros-e-resseguros-no-premio-destaques-esg-2026\/#primaryimage\",\"inLanguage\":\"pt-BR\",\"url\":\"https:\/\/insurancecorp.com.br\/pt\/wp-content\/uploads\/2026\/09\/WhatsApp-Image-2026-09-04-at-10.44.58.jpg\",\"width\":1200,\"height\":1600},{\"@type\":\"WebPage\",\"@id\":\"https:\/\/insurancecorp.com.br\/pt\/2026\/09\/04\/grupo-bradesco-seguros-e-lider-da-categoria-seguros-e-resseguros-no-premio-destaques-esg-2026\/#webpage\",\"url\":\"https:\/\/insurancecorp.com.br\/pt\/2026\/09\/04\/grupo-bradesco-seguros-e-lider-da-categoria-seguros-e-resseguros-no-premio-destaques-esg-2026\/\",\"name\":\"Grupo Bradesco Seguros \\u00e9 l\\u00edder da categoria Seguros e Resseguros no Pr\\u00eamio Destaques ESG 2026 | Revista Insurance Corp | PT-BR\",\"isPartOf\":{\"@id\":\"https:\/\/insurancecorp.com.br\/pt\/#website\"},\"primaryImageOfPage\":{\"@id\":\"https:\/\/insurancecorp.com.br\/pt\/2026\/09\/04\/grupo-bradesco-seguros-e-lider-da-categoria-seguros-e-resseguros-no-premio-destaques-esg-2026\/#primaryimage\"},\"datePublished\":\"2026-09-04T14:31:25+00:00\",\"dateModified\":\"2026-09-04T14:44:42+00:00\",\"inLanguage\":\"pt-BR\",\"potentialAction\":[{\"@type\":\"ReadAction\",\"target\":[\"https:\/\/insurancecorp.com.br\/pt\/2026\/09\/04\/grupo-bradesco-seguros-e-lider-da-categoria-seguros-e-resseguros-no-premio-destaques-esg-2026\/\"]}]},{\"@type\":\"Article\",\"@id\":\"https:\/\/insurancecorp.com.br\/pt\/2026\/09\/04\/grupo-bradesco-seguros-e-lider-da-categoria-seguros-e-resseguros-no-premio-destaques-esg-2026\/#article\",\"isPartOf\":{\"@id\":\"https:\/\/insurancecorp.com.br\/pt\/2026\/09\/04\/grupo-bradesco-seguros-e-lider-da-categoria-seguros-e-resseguros-no-premio-destaques-esg-2026\/#webpage\"},\"author\":{\"@id\":\"https:\/\/insurancecorp.com.br\/pt\/#\/schema\/person\/1b69c8cf325f0b7167f1b171f52df4af\"},\"headline\":\"Grupo Bradesco Seguros \\u00e9 l\\u00edder da categoria Seguros e Resseguros no Pr\\u00eamio Destaques ESG 2026\",\"datePublished\":\"2026-09-04T14:31:25+00:00\",\"dateModified\":\"2026-09-04T14:44:42+00:00\",\"mainEntityOfPage\":{\"@id\":\"https:\/\/insurancecorp.com.br\/pt\/2026\/09\/04\/grupo-bradesco-seguros-e-lider-da-categoria-seguros-e-resseguros-no-premio-destaques-esg-2026\/#webpage\"},\"commentCount\":1,\"publisher\":{\"@id\":\"https:\/\/insurancecorp.com.br\/pt\/#organization\"},\"image\":{\"@id\":\"https:\/\/insurancecorp.com.br\/pt\/2026\/09\/04\/grupo-bradesco-seguros-e-lider-da-categoria-seguros-e-resseguros-no-premio-destaques-esg-2026\/#primaryimage\"},\"keywords\":\"Grupo Bradesco Seguros,Pr\\u00eamio Destaques ESG 2026\",\"articleSection\":\"Bradesco Seguros\",\"inLanguage\":\"pt-BR\",\"potentialAction\":[{\"@type\":\"CommentAction\",\"name\":\"Comment\",\"target\":[\"https:\/\/insurancecorp.com.br\/pt\/2026\/09\/04\/grupo-bradesco-seguros-e-lider-da-categoria-seguros-e-resseguros-no-premio-destaques-esg-2026\/#respond\"]}]},{\"@type\":\"Person\",\"@id\":\"https:\/\/insurancecorp.com.br\/pt\/#\/schema\/person\/1b69c8cf325f0b7167f1b171f52df4af\",\"name\":\"Publica\\u00e7\\u00e3o\",\"image\":{\"@type\":\"ImageObject\",\"@id\":\"https:\/\/insurancecorp.com.br\/pt\/#personlogo\",\"inLanguage\":\"pt-BR\",\"url\":\"https:\/\/secure.gravatar.com\/avatar\/17226f1f60486eb25d4c6b301ffed37f?s=96&d=mm&r=g\",\"caption\":\"Publica\\u00e7\\u00e3o\"}}]}<\/script>\n<!-- \/ Yoast SEO plugin. -->","_links":{"self":[{"href":"https:\/\/insurancecorp.com.br\/pt\/wp-json\/wp\/v2\/posts\/83108"}],"collection":[{"href":"https:\/\/insurancecorp.com.br\/pt\/wp-json\/wp\/v2\/posts"}],"about":[{"href":"https:\/\/insurancecorp.com.br\/pt\/wp-json\/wp\/v2\/types\/post"}],"author":[{"embeddable":true,"href":"https:\/\/insurancecorp.com.br\/pt\/wp-json\/wp\/v2\/users\/2"}],"replies":[{"embeddable":true,"href":"https:\/\/insurancecorp.com.br\/pt\/wp-json\/wp\/v2\/comments?post=83108"}],"version-history":[{"count":1,"href":"https:\/\/insurancecorp.com.br\/pt\/wp-json\/wp\/v2\/posts\/83108\/revisions"}],"predecessor-version":[{"id":83110,"href":"https:\/\/insurancecorp.com.br\/pt\/wp-json\/wp\/v2\/posts\/83108\/revisions\/83110"}],"wp:featuredmedia":[{"embeddable":true,"href":"https:\/\/insurancecorp.com.br\/pt\/wp-json\/wp\/v2\/media\/83109"}],"wp:attachment":[{"href":"https:\/\/insurancecorp.com.br\/pt\/wp-json\/wp\/v2\/media?parent=83108"}],"wp:term":[{"taxonomy":"category","embeddable":true,"href":"https:\/\/insurancecorp.com.br\/pt\/wp-json\/wp\/v2\/categories?post=83108"},{"taxonomy":"post_tag","embeddable":true,"href":"https:\/\/insurancecorp.com.br\/pt\/wp-json\/wp\/v2\/tags?post=83108"}],"curies":[{"name":"wp","href":"https:\/\/api.w.org\/{rel}","templated":true}]}}