{"id":83106,"date":"2026-09-04T11:28:23","date_gmt":"2026-09-04T14:28:23","guid":{"rendered":"https:\/\/insurancecorp.com.br\/pt\/?p=83106"},"modified":"2026-09-04T11:28:23","modified_gmt":"2026-09-04T14:28:23","slug":"profissoes-ligadas-ao-cuidado-multiprofissional-ganham-espaco-na-saude","status":"publish","type":"post","link":"https:\/\/insurancecorp.com.br\/pt\/2026\/09\/04\/profissoes-ligadas-ao-cuidado-multiprofissional-ganham-espaco-na-saude\/","title":{"rendered":"Profiss\u00f5es ligadas ao cuidado multiprofissional ganham espa\u00e7o na sa\u00fade"},"content":{"rendered":"<p align=\"justify\">O mercado formal de trabalho da sa\u00fade registrou forte expans\u00e3o de categorias ligadas \u00e0 sa\u00fade mental, ao diagn\u00f3stico, \u00e0 reabilita\u00e7\u00e3o e a outras formas de cuidado entre 2019 e 2025. Os v\u00ednculos de psic\u00f3logos cresceram 151,1% no per\u00edodo \u2013 o maior avan\u00e7o entre as principais ocupa\u00e7\u00f5es analisadas \u2013, seguidos por t\u00e9cnicos em terapias complementares (141,3%), biom\u00e9dicos (121,8%), nutricionistas (103%) e assistentes sociais (100%). O avan\u00e7o simult\u00e2neo dessas categorias aponta para uma diversifica\u00e7\u00e3o da for\u00e7a de trabalho da sa\u00fade, embora as profiss\u00f5es que tradicionalmente formam a base do setor ainda concentrem a maior parte dos v\u00ednculos.<\/p>\n<p align=\"justify\">Os dados s\u00e3o da nova edi\u00e7\u00e3o do Monitor de Emprego na Sa\u00fade Privada (MESP), do Instituto de Estudos de Sa\u00fade Suplementar (IESS), que analisou a Rela\u00e7\u00e3o Anual de Informa\u00e7\u00f5es Sociais (RAIS) para entender a estrutura do emprego formal da cadeia produtiva do setor, incluindo v\u00ednculos do setor privado, de entidades sem fins lucrativos e da administra\u00e7\u00e3o p\u00fablica.\u00a0<a title=\"Download do relat\u00f3rio\" href=\"https:\/\/s7500831.sendpul.se\/sl\/MzY0NTA1MzY6NzUwMDgzMQ==\/a4962e004889703479d168fc4150b975524b7s4\" target=\"_blank\" rel=\"noopener noreferrer\">Clique aqui e fa\u00e7a o download<\/a>\u00a0do relat\u00f3rio ou acesse\u00a0<a href=\"https:\/\/s7500831.sendpul.se\/sl\/MzY0NTA1Mzc6NzUwMDgzMQ==\/a4962e004889703479d168fc4150b975524b7s4\" target=\"_blank\" rel=\"noopener noreferrer\">www.iess.org.br<\/a>.<\/p>\n<p align=\"justify\">Apesar das altas taxas de crescimento, essas profiss\u00f5es ainda representam parcelas menores do emprego formal analisado. Os psic\u00f3logos passaram de 13,5 mil v\u00ednculos em 2019 para 33,9 mil em 2025, elevando sua participa\u00e7\u00e3o de 0,9% para 1,4%. Entre os biom\u00e9dicos, o estoque avan\u00e7ou de 15,4 mil para 34,1 mil v\u00ednculos, com a participa\u00e7\u00e3o tamb\u00e9m passando de 1,1% para 1,4%.<\/p>\n<p align=\"justify\">Entre as ocupa\u00e7\u00f5es com maior n\u00famero de v\u00ednculos formais, destaca-se o avan\u00e7o dos enfermeiros: 82,1% de crescimento, de 217,1 mil v\u00ednculos em 2019 para 395,4 mil em 2025, elevando sua participa\u00e7\u00e3o de 15% para 16,7%. T\u00e9cnicos e auxiliares de enfermagem, maior categoria em n\u00fameros absolutos, cresceram 57,4%, de 676,9 mil para 1,07 milh\u00e3o de v\u00ednculos. Os n\u00fameros se referem aos v\u00ednculos formais registrados na RAIS e n\u00e3o ao total de profissionais dessas categorias no Pa\u00eds. Em 2025, por exemplo, os 395,4 mil v\u00ednculos de enfermeiros correspondiam a aproximadamente 49,7% dos registros profissionais ativos considerados pelo MESP.<\/p>\n<p align=\"justify\">&#8220;O crescimento dos v\u00ednculos de psic\u00f3logos pode estar relacionado a uma converg\u00eancia de fatores. A partir da pandemia de Covid-19, cresceu a compreens\u00e3o sobre a relev\u00e2ncia da sa\u00fade mental para o cuidado e os riscos \u00e0 sa\u00fade; desde 2022, a ANS tamb\u00e9m flexibilizou o volume de consultas anuais com psic\u00f3logos, expandindo a demanda por esses profissionais&#8221;, analisa Denizar Vianna, superintendente executivo do IESS. &#8220;O avan\u00e7o de ocupa\u00e7\u00f5es ligadas ao diagn\u00f3stico, \u00e0 reabilita\u00e7\u00e3o, \u00e0 nutri\u00e7\u00e3o e a outras formas de aten\u00e7\u00e3o mostra a diversifica\u00e7\u00e3o do cuidado, com maior participa\u00e7\u00e3o de atividades fora dos hospitais e de cuidados integrados&#8221;, acrescenta.<\/p>\n<p align=\"justify\">O emprego formal permanece concentrado na enfermagem. Em 2025, t\u00e9cnicos e auxiliares somavam 1,07 milh\u00e3o de v\u00ednculos, 45% do total entre as principais ocupa\u00e7\u00f5es; enfermeiros respondiam por outros 16,7% (395,4 mil). Juntas, as duas categorias concentravam mais de 60% dos v\u00ednculos. Na sequ\u00eancia aparecem farmac\u00eauticos, com 244,2 mil v\u00ednculos (10,3%); t\u00e9cnicos e auxiliares em sa\u00fade bucal, com 122,1 mil (5,2%); e m\u00e9dicos, com 110,3 mil (4,7%). As quatro primeiras ocupa\u00e7\u00f5es concentram 77,1% dos v\u00ednculos considerados na an\u00e1lise.<\/p>\n<p align=\"justify\"><strong>Emprego cresce, mas remunera\u00e7\u00e3o real recua<\/strong><\/p>\n<p align=\"justify\">O MESP tamb\u00e9m mostra que o emprego formal da cadeia produtiva da sa\u00fade continuou em expans\u00e3o: o estoque passou de 2,24 milh\u00f5es de v\u00ednculos em 2024 para 2,37 milh\u00f5es em 2025, alta de 5,7% (cerca de 128 mil v\u00ednculos a mais). Em rela\u00e7\u00e3o a 2019, o aumento foi de 63,1%.<\/p>\n<p align=\"justify\">&#8220;Uma das causas desse crescimento \u00e9 o envelhecimento da popula\u00e7\u00e3o brasileira e o consequente aumento na demanda por servi\u00e7os de sa\u00fade. \u00c9 por isso que temos enfatizado a import\u00e2ncia de priorizar a\u00e7\u00f5es de promo\u00e7\u00e3o \u00e0 sa\u00fade: o Brasil precisa ficar atento ao envelhecimento saud\u00e1vel. N\u00e3o basta viver mais, \u00e9 preciso viver bem e com sa\u00fade&#8221;, analisa Denizar Vianna.<\/p>\n<p align=\"justify\">A expans\u00e3o de empregos ocorreu simultaneamente \u00e0 redu\u00e7\u00e3o da remunera\u00e7\u00e3o m\u00e9dia real: entre 2024 e 2025, houve recuo de 3,5% nas operadoras, 2,3% entre prestadores de servi\u00e7os de sa\u00fade e 1% entre fornecedores. A din\u00e2mica, por\u00e9m, foi desigual pelo Pa\u00eds: o Norte apresentou crescimento de 15,7% no n\u00famero de v\u00ednculos \u2013 quase tr\u00eas vezes a m\u00e9dia nacional \u2013 e foi a \u00fanica regi\u00e3o a registrar alta na remunera\u00e7\u00e3o m\u00e9dia real, de 5,7%.<\/p>\n<p align=\"justify\">&#8220;\u00c9 preciso ter cuidado para n\u00e3o interpretar a queda da remunera\u00e7\u00e3o m\u00e9dia como uma perda geral entre os trabalhadores. Uma hip\u00f3tese \u00e9 o crescimento de ocupa\u00e7\u00f5es em regi\u00f5es com sal\u00e1rios m\u00e9dios menores. A pr\u00f3pria mudan\u00e7a na composi\u00e7\u00e3o dessa base pode influenciar a remunera\u00e7\u00e3o m\u00e9dia: se a expans\u00e3o ocorre com maior intensidade em ocupa\u00e7\u00f5es de menor remunera\u00e7\u00e3o, a m\u00e9dia pode ser puxada para baixo. Portanto, n\u00e3o \u00e9 poss\u00edvel atribuir a redu\u00e7\u00e3o a um \u00fanico fator, por se tratar de um processo bastante heterog\u00eaneo&#8221;, acrescenta.<\/p>\n<p align=\"justify\"><strong>LetraCerta Intelig\u00eancia em Comunica\u00e7\u00e3o<\/strong><\/p>\n","protected":false},"excerpt":{"rendered":"<p>O mercado formal de trabalho da sa\u00fade registrou forte expans\u00e3o de categorias ligadas \u00e0 sa\u00fade mental, ao diagn\u00f3stico, \u00e0 reabilita\u00e7\u00e3o e a outras formas de cuidado entre 2019 e 2025. Os v\u00ednculos de psic\u00f3logos cresceram 151,1% no per\u00edodo \u2013 o maior avan\u00e7o entre as principais ocupa\u00e7\u00f5es analisadas \u2013, seguidos por t\u00e9cnicos em terapias complementares (141,3%), [&hellip;]<\/p>\n","protected":false},"author":2,"featured_media":78668,"comment_status":"open","ping_status":"open","sticky":false,"template":"","format":"standard","meta":[],"categories":[577],"tags":[17672,17674,17673,17671],"jetpack_featured_media_url":"https:\/\/insurancecorp.com.br\/pt\/wp-content\/uploads\/2026\/04\/Design-sem-nome-40.png","yoast_head":"<!-- This site is optimized with the Yoast SEO plugin v14.8 - https:\/\/yoast.com\/wordpress\/plugins\/seo\/ -->\n<title>Profiss\u00f5es ligadas ao cuidado multiprofissional ganham espa\u00e7o na sa\u00fade | Revista Insurance Corp | PT-BR<\/title>\n<meta name=\"robots\" content=\"index, follow\" \/>\n<meta name=\"googlebot\" content=\"index, follow, max-snippet:-1, max-image-preview:large, max-video-preview:-1\" \/>\n<meta name=\"bingbot\" content=\"index, follow, max-snippet:-1, max-image-preview:large, max-video-preview:-1\" \/>\n<link rel=\"canonical\" href=\"https:\/\/insurancecorp.com.br\/pt\/2026\/09\/04\/profissoes-ligadas-ao-cuidado-multiprofissional-ganham-espaco-na-saude\/\" \/>\n<meta property=\"og:locale\" content=\"pt_BR\" \/>\n<meta property=\"og:type\" content=\"article\" \/>\n<meta property=\"og:title\" content=\"Profiss\u00f5es ligadas ao cuidado multiprofissional ganham espa\u00e7o na sa\u00fade | Revista Insurance Corp | PT-BR\" \/>\n<meta property=\"og:description\" content=\"O mercado formal de trabalho da sa\u00fade registrou forte expans\u00e3o de categorias ligadas \u00e0 sa\u00fade mental, ao diagn\u00f3stico, \u00e0 reabilita\u00e7\u00e3o e a outras formas de cuidado entre 2019 e 2025. Os v\u00ednculos de psic\u00f3logos cresceram 151,1% no per\u00edodo \u2013 o maior avan\u00e7o entre as principais ocupa\u00e7\u00f5es analisadas \u2013, seguidos por t\u00e9cnicos em terapias complementares (141,3%), [&hellip;]\" \/>\n<meta property=\"og:url\" content=\"https:\/\/insurancecorp.com.br\/pt\/2026\/09\/04\/profissoes-ligadas-ao-cuidado-multiprofissional-ganham-espaco-na-saude\/\" \/>\n<meta property=\"og:site_name\" content=\"Revista Insurance Corp | PT-BR\" \/>\n<meta property=\"article:publisher\" content=\"https:\/\/www.facebook.com\/RevistaInsuranceCorp\/\" \/>\n<meta property=\"article:published_time\" content=\"2026-09-04T14:28:23+00:00\" \/>\n<meta property=\"og:image\" content=\"https:\/\/insurancecorp.com.br\/pt\/wp-content\/uploads\/2026\/04\/Design-sem-nome-40.png\" \/>\n\t<meta property=\"og:image:width\" content=\"1366\" \/>\n\t<meta property=\"og:image:height\" content=\"610\" \/>\n<meta name=\"twitter:card\" content=\"summary\" \/>\n<script type=\"application\/ld+json\" class=\"yoast-schema-graph\">{\"@context\":\"https:\/\/schema.org\",\"@graph\":[{\"@type\":\"Organization\",\"@id\":\"https:\/\/insurancecorp.com.br\/pt\/#organization\",\"name\":\"Revista Insurance Corp\",\"url\":\"https:\/\/insurancecorp.com.br\/pt\/\",\"sameAs\":[\"https:\/\/www.facebook.com\/RevistaInsuranceCorp\/\"],\"logo\":{\"@type\":\"ImageObject\",\"@id\":\"https:\/\/insurancecorp.com.br\/pt\/#logo\",\"inLanguage\":\"pt-BR\",\"url\":\"\",\"caption\":\"Revista Insurance Corp\"},\"image\":{\"@id\":\"https:\/\/insurancecorp.com.br\/pt\/#logo\"}},{\"@type\":\"WebSite\",\"@id\":\"https:\/\/insurancecorp.com.br\/pt\/#website\",\"url\":\"https:\/\/insurancecorp.com.br\/pt\/\",\"name\":\"Revista Insurance Corp | PT-BR\",\"description\":\"A \\u00fanica revista bil\\u00edngue voltada ao mercado de seguro.\",\"publisher\":{\"@id\":\"https:\/\/insurancecorp.com.br\/pt\/#organization\"},\"potentialAction\":[{\"@type\":\"SearchAction\",\"target\":\"https:\/\/insurancecorp.com.br\/pt\/?s={search_term_string}\",\"query-input\":\"required name=search_term_string\"}],\"inLanguage\":\"pt-BR\"},{\"@type\":\"ImageObject\",\"@id\":\"https:\/\/insurancecorp.com.br\/pt\/2026\/09\/04\/profissoes-ligadas-ao-cuidado-multiprofissional-ganham-espaco-na-saude\/#primaryimage\",\"inLanguage\":\"pt-BR\",\"url\":\"https:\/\/insurancecorp.com.br\/pt\/wp-content\/uploads\/2026\/04\/Design-sem-nome-40.png\",\"width\":1366,\"height\":610},{\"@type\":\"WebPage\",\"@id\":\"https:\/\/insurancecorp.com.br\/pt\/2026\/09\/04\/profissoes-ligadas-ao-cuidado-multiprofissional-ganham-espaco-na-saude\/#webpage\",\"url\":\"https:\/\/insurancecorp.com.br\/pt\/2026\/09\/04\/profissoes-ligadas-ao-cuidado-multiprofissional-ganham-espaco-na-saude\/\",\"name\":\"Profiss\\u00f5es ligadas ao cuidado multiprofissional ganham espa\\u00e7o na sa\\u00fade | Revista Insurance Corp | PT-BR\",\"isPartOf\":{\"@id\":\"https:\/\/insurancecorp.com.br\/pt\/#website\"},\"primaryImageOfPage\":{\"@id\":\"https:\/\/insurancecorp.com.br\/pt\/2026\/09\/04\/profissoes-ligadas-ao-cuidado-multiprofissional-ganham-espaco-na-saude\/#primaryimage\"},\"datePublished\":\"2026-09-04T14:28:23+00:00\",\"dateModified\":\"2026-09-04T14:28:23+00:00\",\"inLanguage\":\"pt-BR\",\"potentialAction\":[{\"@type\":\"ReadAction\",\"target\":[\"https:\/\/insurancecorp.com.br\/pt\/2026\/09\/04\/profissoes-ligadas-ao-cuidado-multiprofissional-ganham-espaco-na-saude\/\"]}]},{\"@type\":\"Article\",\"@id\":\"https:\/\/insurancecorp.com.br\/pt\/2026\/09\/04\/profissoes-ligadas-ao-cuidado-multiprofissional-ganham-espaco-na-saude\/#article\",\"isPartOf\":{\"@id\":\"https:\/\/insurancecorp.com.br\/pt\/2026\/09\/04\/profissoes-ligadas-ao-cuidado-multiprofissional-ganham-espaco-na-saude\/#webpage\"},\"author\":{\"@id\":\"https:\/\/insurancecorp.com.br\/pt\/#\/schema\/person\/1b69c8cf325f0b7167f1b171f52df4af\"},\"headline\":\"Profiss\\u00f5es ligadas ao cuidado multiprofissional ganham espa\\u00e7o na sa\\u00fade\",\"datePublished\":\"2026-09-04T14:28:23+00:00\",\"dateModified\":\"2026-09-04T14:28:23+00:00\",\"mainEntityOfPage\":{\"@id\":\"https:\/\/insurancecorp.com.br\/pt\/2026\/09\/04\/profissoes-ligadas-ao-cuidado-multiprofissional-ganham-espaco-na-saude\/#webpage\"},\"commentCount\":0,\"publisher\":{\"@id\":\"https:\/\/insurancecorp.com.br\/pt\/#organization\"},\"image\":{\"@id\":\"https:\/\/insurancecorp.com.br\/pt\/2026\/09\/04\/profissoes-ligadas-ao-cuidado-multiprofissional-ganham-espaco-na-saude\/#primaryimage\"},\"keywords\":\"cuidado multiprofissional,ganham espa\\u00e7o na sa\\u00fade,ligadas,Profiss\\u00f5es\",\"articleSection\":\"IESS\",\"inLanguage\":\"pt-BR\",\"potentialAction\":[{\"@type\":\"CommentAction\",\"name\":\"Comment\",\"target\":[\"https:\/\/insurancecorp.com.br\/pt\/2026\/09\/04\/profissoes-ligadas-ao-cuidado-multiprofissional-ganham-espaco-na-saude\/#respond\"]}]},{\"@type\":\"Person\",\"@id\":\"https:\/\/insurancecorp.com.br\/pt\/#\/schema\/person\/1b69c8cf325f0b7167f1b171f52df4af\",\"name\":\"Publica\\u00e7\\u00e3o\",\"image\":{\"@type\":\"ImageObject\",\"@id\":\"https:\/\/insurancecorp.com.br\/pt\/#personlogo\",\"inLanguage\":\"pt-BR\",\"url\":\"https:\/\/secure.gravatar.com\/avatar\/17226f1f60486eb25d4c6b301ffed37f?s=96&d=mm&r=g\",\"caption\":\"Publica\\u00e7\\u00e3o\"}}]}<\/script>\n<!-- \/ Yoast SEO plugin. -->","_links":{"self":[{"href":"https:\/\/insurancecorp.com.br\/pt\/wp-json\/wp\/v2\/posts\/83106"}],"collection":[{"href":"https:\/\/insurancecorp.com.br\/pt\/wp-json\/wp\/v2\/posts"}],"about":[{"href":"https:\/\/insurancecorp.com.br\/pt\/wp-json\/wp\/v2\/types\/post"}],"author":[{"embeddable":true,"href":"https:\/\/insurancecorp.com.br\/pt\/wp-json\/wp\/v2\/users\/2"}],"replies":[{"embeddable":true,"href":"https:\/\/insurancecorp.com.br\/pt\/wp-json\/wp\/v2\/comments?post=83106"}],"version-history":[{"count":1,"href":"https:\/\/insurancecorp.com.br\/pt\/wp-json\/wp\/v2\/posts\/83106\/revisions"}],"predecessor-version":[{"id":83107,"href":"https:\/\/insurancecorp.com.br\/pt\/wp-json\/wp\/v2\/posts\/83106\/revisions\/83107"}],"wp:featuredmedia":[{"embeddable":true,"href":"https:\/\/insurancecorp.com.br\/pt\/wp-json\/wp\/v2\/media\/78668"}],"wp:attachment":[{"href":"https:\/\/insurancecorp.com.br\/pt\/wp-json\/wp\/v2\/media?parent=83106"}],"wp:term":[{"taxonomy":"category","embeddable":true,"href":"https:\/\/insurancecorp.com.br\/pt\/wp-json\/wp\/v2\/categories?post=83106"},{"taxonomy":"post_tag","embeddable":true,"href":"https:\/\/insurancecorp.com.br\/pt\/wp-json\/wp\/v2\/tags?post=83106"}],"curies":[{"name":"wp","href":"https:\/\/api.w.org\/{rel}","templated":true}]}}