{"id":83103,"date":"2026-09-04T10:56:10","date_gmt":"2026-09-04T13:56:10","guid":{"rendered":"https:\/\/insurancecorp.com.br\/pt\/?p=83103"},"modified":"2026-09-04T10:56:10","modified_gmt":"2026-09-04T13:56:10","slug":"allseg-consolida-aproximacao-com-corretores-e-apresenta-expansao-do-portfolio-no-24o-congresso","status":"publish","type":"post","link":"https:\/\/insurancecorp.com.br\/pt\/2026\/09\/04\/allseg-consolida-aproximacao-com-corretores-e-apresenta-expansao-do-portfolio-no-24o-congresso\/","title":{"rendered":"Allseg consolida aproxima\u00e7\u00e3o com corretores e apresenta expans\u00e3o do portf\u00f3lio no 24\u00ba Congresso"},"content":{"rendered":"<p align=\"justify\">A allseg seguradora encerrou sua participa\u00e7\u00e3o no 24\u00ba Congresso Brasileiro dos Corretores de Seguros com foco no relacionamento com os canais de distribui\u00e7\u00e3o. Realizado pela Fenacor no Rio de Janeiro, entre 27 e 29 de agosto, o evento marcou a apresenta\u00e7\u00e3o de um espa\u00e7o robusto da companhia no f\u00f3rum, voltado exclusivamente ao atendimento de parceiros e \u00e0 gera\u00e7\u00e3o de neg\u00f3cios.<\/p>\n<p align=\"justify\">Durante os tr\u00eas dias de programa\u00e7\u00e3o, o estande da seguradora recebeu Corretores, Representantes e Assessorias de diversas regi\u00f5es do pa\u00eds. O ambiente foi concebido alinhado ao mote &#8220;Aqui voc\u00ea fala com quem decide&#8221;, com presen\u00e7a de equipes comerciais, especialistas t\u00e9cnicos e diretores para atendimento direto ao p\u00fablico.<\/p>\n<p align=\"justify\">O diretor de Opera\u00e7\u00f5es da allseg, Marcelo de Freitas, avalia que a presen\u00e7a no Congresso acompanhou o momento de crescimento da empresa, fundamentado em investimentos tecnol\u00f3gicos, diversifica\u00e7\u00e3o de portf\u00f3lio e atendimento humanizado.<\/p>\n<p align=\"justify\">&#8220;<i>O resultado da participa\u00e7\u00e3o no Congresso atendeu \u00e0s expectativas. Tivemos fluxo cont\u00ednuo de parceiros em nosso estande em busca de informa\u00e7\u00f5es sobre solu\u00e7\u00f5es que v\u00e3o das linhas especializadas \u00e0s ferramentas digitais. O mercado presenciou a reafirma\u00e7\u00e3o de uma seguradora com mais de 30 anos de atua\u00e7\u00e3o, dedicada a simplificar processos e entregar a agilidade e a tecnologia necess\u00e1rias para a opera\u00e7\u00e3o da ponta<\/i>&#8220;, afirmou Freitas.<\/p>\n<p align=\"justify\">Al\u00e9m da a\u00e7\u00e3o institucional, a seguradora apresentou atualiza\u00e7\u00f5es em seu portf\u00f3lio. O destaque ficou para os produtos de Responsabilidade Civil (D&amp;O e E&amp;O), o segmento de RC \u00d4nibus e o ramo de seguros aeron\u00e1uticos, que ampara opera\u00e7\u00f5es de RETA e conta com cobertura de Casco voltada especificamente para aeronaves n\u00e3o tripuladas, somando uma base superior a 10 mil equipamentos comerciais j\u00e1 protegidos.<\/p>\n<p align=\"justify\">A empresa reafirmou ainda o sucesso do Auto Probo, produto que incorpora o conceito do &#8220;Carinho da Vov\u00f3&#8221; para simbolizar o atendimento caloroso, acolhedor e pr\u00f3ximo do segurado nos momentos de sinistro e assist\u00eancia.<\/p>\n<p align=\"justify\">Para o diretor da Unidade de Neg\u00f3cios, Valmir Rodrigues, o grande diferencial da companhia ao longo do evento foi transformar a escuta ativa do mercado em neg\u00f3cios concretos, impulsionados pela presen\u00e7a das lideran\u00e7as.<\/p>\n<p align=\"justify\">&#8220;<i>Colocamos no Congresso toda a nossa estrutura executiva e comercial com um \u00fanico prop\u00f3sito: ouvir o Corretor e fechar neg\u00f3cios. Nossos parceiros puderam sentar-se \u00e0 mesa com quem decide a opera\u00e7\u00e3o de ponta a ponta. Apresentamos solu\u00e7\u00f5es completas para a diversifica\u00e7\u00e3o de carteiras e sentimos uma receptividade extraordin\u00e1ria quanto \u00e0 flexibilidade das nossas condi\u00e7\u00f5es comerciais e ao rigor t\u00e9cnico dos nossos produtos<\/i>&#8220;, enfatizou Rodrigues.<\/p>\n<p align=\"justify\">A allseg tamb\u00e9m utilizou o evento para detalhar os projetos de capacita\u00e7\u00e3o planejados para o ciclo atual e os pr\u00f3ximos anos. O plano prev\u00ea a distribui\u00e7\u00e3o de materiais did\u00e1ticos de vendas, conte\u00fados pr\u00e1ticos e treinamentos gravados para suporte \u00e0s atividades comerciais de Corretores e Assessorias.<\/p>\n<p align=\"justify\">Com registro de R$ 829 milh\u00f5es em pr\u00eamios emitidos no \u00faltimo exerc\u00edcio, a seguradora consolida a solidez financeira que chancela sua estrat\u00e9gia de expans\u00e3o no mercado nacional. \u00c9 respaldada por esse desempenho que a companhia encerrou sua agenda no 24\u00ba Congresso Brasileiro dos Corretores, reafirmando o compromisso com a agilidade operacional e o suporte cont\u00ednuo ao mercado distribuidor de seguros.<\/p>\n<p align=\"justify\"><strong>DG Comunica\u00e7\u00e3o<\/strong><\/p>\n","protected":false},"excerpt":{"rendered":"<p>A allseg seguradora encerrou sua participa\u00e7\u00e3o no 24\u00ba Congresso Brasileiro dos Corretores de Seguros com foco no relacionamento com os canais de distribui\u00e7\u00e3o. Realizado pela Fenacor no Rio de Janeiro, entre 27 e 29 de agosto, o evento marcou a apresenta\u00e7\u00e3o de um espa\u00e7o robusto da companhia no f\u00f3rum, voltado exclusivamente ao atendimento de parceiros [&hellip;]<\/p>\n","protected":false},"author":2,"featured_media":83104,"comment_status":"open","ping_status":"open","sticky":false,"template":"","format":"standard","meta":[],"categories":[16897],"tags":[16950,11127,5097,7190,7808,2295],"jetpack_featured_media_url":"https:\/\/insurancecorp.com.br\/pt\/wp-content\/uploads\/2026\/09\/Foto-1-scaled.jpg","yoast_head":"<!-- This site is optimized with the Yoast SEO plugin v14.8 - https:\/\/yoast.com\/wordpress\/plugins\/seo\/ -->\n<title>Allseg consolida aproxima\u00e7\u00e3o com corretores e apresenta expans\u00e3o do portf\u00f3lio no 24\u00ba Congresso | Revista Insurance Corp | PT-BR<\/title>\n<meta name=\"robots\" content=\"index, follow\" \/>\n<meta name=\"googlebot\" content=\"index, follow, max-snippet:-1, max-image-preview:large, max-video-preview:-1\" \/>\n<meta name=\"bingbot\" content=\"index, follow, max-snippet:-1, max-image-preview:large, max-video-preview:-1\" \/>\n<link rel=\"canonical\" href=\"https:\/\/insurancecorp.com.br\/pt\/2026\/09\/04\/allseg-consolida-aproximacao-com-corretores-e-apresenta-expansao-do-portfolio-no-24o-congresso\/\" \/>\n<meta property=\"og:locale\" content=\"pt_BR\" \/>\n<meta property=\"og:type\" content=\"article\" \/>\n<meta property=\"og:title\" content=\"Allseg consolida aproxima\u00e7\u00e3o com corretores e apresenta expans\u00e3o do portf\u00f3lio no 24\u00ba Congresso | Revista Insurance Corp | PT-BR\" \/>\n<meta property=\"og:description\" content=\"A allseg seguradora encerrou sua participa\u00e7\u00e3o no 24\u00ba Congresso Brasileiro dos Corretores de Seguros com foco no relacionamento com os canais de distribui\u00e7\u00e3o. Realizado pela Fenacor no Rio de Janeiro, entre 27 e 29 de agosto, o evento marcou a apresenta\u00e7\u00e3o de um espa\u00e7o robusto da companhia no f\u00f3rum, voltado exclusivamente ao atendimento de parceiros [&hellip;]\" \/>\n<meta property=\"og:url\" content=\"https:\/\/insurancecorp.com.br\/pt\/2026\/09\/04\/allseg-consolida-aproximacao-com-corretores-e-apresenta-expansao-do-portfolio-no-24o-congresso\/\" \/>\n<meta property=\"og:site_name\" content=\"Revista Insurance Corp | PT-BR\" \/>\n<meta property=\"article:publisher\" content=\"https:\/\/www.facebook.com\/RevistaInsuranceCorp\/\" \/>\n<meta property=\"article:published_time\" content=\"2026-09-04T13:56:10+00:00\" \/>\n<meta property=\"og:image\" content=\"https:\/\/insurancecorp.com.br\/pt\/wp-content\/uploads\/2026\/09\/Foto-1-scaled.jpg\" \/>\n\t<meta property=\"og:image:width\" content=\"2560\" \/>\n\t<meta property=\"og:image:height\" content=\"1707\" \/>\n<meta name=\"twitter:card\" content=\"summary\" \/>\n<script type=\"application\/ld+json\" class=\"yoast-schema-graph\">{\"@context\":\"https:\/\/schema.org\",\"@graph\":[{\"@type\":\"Organization\",\"@id\":\"https:\/\/insurancecorp.com.br\/pt\/#organization\",\"name\":\"Revista Insurance Corp\",\"url\":\"https:\/\/insurancecorp.com.br\/pt\/\",\"sameAs\":[\"https:\/\/www.facebook.com\/RevistaInsuranceCorp\/\"],\"logo\":{\"@type\":\"ImageObject\",\"@id\":\"https:\/\/insurancecorp.com.br\/pt\/#logo\",\"inLanguage\":\"pt-BR\",\"url\":\"\",\"caption\":\"Revista Insurance Corp\"},\"image\":{\"@id\":\"https:\/\/insurancecorp.com.br\/pt\/#logo\"}},{\"@type\":\"WebSite\",\"@id\":\"https:\/\/insurancecorp.com.br\/pt\/#website\",\"url\":\"https:\/\/insurancecorp.com.br\/pt\/\",\"name\":\"Revista Insurance Corp | PT-BR\",\"description\":\"A \\u00fanica revista bil\\u00edngue voltada ao mercado de seguro.\",\"publisher\":{\"@id\":\"https:\/\/insurancecorp.com.br\/pt\/#organization\"},\"potentialAction\":[{\"@type\":\"SearchAction\",\"target\":\"https:\/\/insurancecorp.com.br\/pt\/?s={search_term_string}\",\"query-input\":\"required name=search_term_string\"}],\"inLanguage\":\"pt-BR\"},{\"@type\":\"ImageObject\",\"@id\":\"https:\/\/insurancecorp.com.br\/pt\/2026\/09\/04\/allseg-consolida-aproximacao-com-corretores-e-apresenta-expansao-do-portfolio-no-24o-congresso\/#primaryimage\",\"inLanguage\":\"pt-BR\",\"url\":\"https:\/\/insurancecorp.com.br\/pt\/wp-content\/uploads\/2026\/09\/Foto-1-scaled.jpg\",\"width\":2560,\"height\":1707},{\"@type\":\"WebPage\",\"@id\":\"https:\/\/insurancecorp.com.br\/pt\/2026\/09\/04\/allseg-consolida-aproximacao-com-corretores-e-apresenta-expansao-do-portfolio-no-24o-congresso\/#webpage\",\"url\":\"https:\/\/insurancecorp.com.br\/pt\/2026\/09\/04\/allseg-consolida-aproximacao-com-corretores-e-apresenta-expansao-do-portfolio-no-24o-congresso\/\",\"name\":\"Allseg consolida aproxima\\u00e7\\u00e3o com corretores e apresenta expans\\u00e3o do portf\\u00f3lio no 24\\u00ba Congresso | Revista Insurance Corp | PT-BR\",\"isPartOf\":{\"@id\":\"https:\/\/insurancecorp.com.br\/pt\/#website\"},\"primaryImageOfPage\":{\"@id\":\"https:\/\/insurancecorp.com.br\/pt\/2026\/09\/04\/allseg-consolida-aproximacao-com-corretores-e-apresenta-expansao-do-portfolio-no-24o-congresso\/#primaryimage\"},\"datePublished\":\"2026-09-04T13:56:10+00:00\",\"dateModified\":\"2026-09-04T13:56:10+00:00\",\"inLanguage\":\"pt-BR\",\"potentialAction\":[{\"@type\":\"ReadAction\",\"target\":[\"https:\/\/insurancecorp.com.br\/pt\/2026\/09\/04\/allseg-consolida-aproximacao-com-corretores-e-apresenta-expansao-do-portfolio-no-24o-congresso\/\"]}]},{\"@type\":\"Article\",\"@id\":\"https:\/\/insurancecorp.com.br\/pt\/2026\/09\/04\/allseg-consolida-aproximacao-com-corretores-e-apresenta-expansao-do-portfolio-no-24o-congresso\/#article\",\"isPartOf\":{\"@id\":\"https:\/\/insurancecorp.com.br\/pt\/2026\/09\/04\/allseg-consolida-aproximacao-com-corretores-e-apresenta-expansao-do-portfolio-no-24o-congresso\/#webpage\"},\"author\":{\"@id\":\"https:\/\/insurancecorp.com.br\/pt\/#\/schema\/person\/1b69c8cf325f0b7167f1b171f52df4af\"},\"headline\":\"Allseg consolida aproxima\\u00e7\\u00e3o com corretores e apresenta expans\\u00e3o do portf\\u00f3lio no 24\\u00ba Congresso\",\"datePublished\":\"2026-09-04T13:56:10+00:00\",\"dateModified\":\"2026-09-04T13:56:10+00:00\",\"mainEntityOfPage\":{\"@id\":\"https:\/\/insurancecorp.com.br\/pt\/2026\/09\/04\/allseg-consolida-aproximacao-com-corretores-e-apresenta-expansao-do-portfolio-no-24o-congresso\/#webpage\"},\"commentCount\":1,\"publisher\":{\"@id\":\"https:\/\/insurancecorp.com.br\/pt\/#organization\"},\"image\":{\"@id\":\"https:\/\/insurancecorp.com.br\/pt\/2026\/09\/04\/allseg-consolida-aproximacao-com-corretores-e-apresenta-expansao-do-portfolio-no-24o-congresso\/#primaryimage\"},\"keywords\":\"24\\u00ba Congresso,allseg,apresenta,aproxima\\u00e7\\u00e3o,consolida,corretores\",\"articleSection\":\"Allseg\",\"inLanguage\":\"pt-BR\",\"potentialAction\":[{\"@type\":\"CommentAction\",\"name\":\"Comment\",\"target\":[\"https:\/\/insurancecorp.com.br\/pt\/2026\/09\/04\/allseg-consolida-aproximacao-com-corretores-e-apresenta-expansao-do-portfolio-no-24o-congresso\/#respond\"]}]},{\"@type\":\"Person\",\"@id\":\"https:\/\/insurancecorp.com.br\/pt\/#\/schema\/person\/1b69c8cf325f0b7167f1b171f52df4af\",\"name\":\"Publica\\u00e7\\u00e3o\",\"image\":{\"@type\":\"ImageObject\",\"@id\":\"https:\/\/insurancecorp.com.br\/pt\/#personlogo\",\"inLanguage\":\"pt-BR\",\"url\":\"https:\/\/secure.gravatar.com\/avatar\/17226f1f60486eb25d4c6b301ffed37f?s=96&d=mm&r=g\",\"caption\":\"Publica\\u00e7\\u00e3o\"}}]}<\/script>\n<!-- \/ Yoast SEO plugin. -->","_links":{"self":[{"href":"https:\/\/insurancecorp.com.br\/pt\/wp-json\/wp\/v2\/posts\/83103"}],"collection":[{"href":"https:\/\/insurancecorp.com.br\/pt\/wp-json\/wp\/v2\/posts"}],"about":[{"href":"https:\/\/insurancecorp.com.br\/pt\/wp-json\/wp\/v2\/types\/post"}],"author":[{"embeddable":true,"href":"https:\/\/insurancecorp.com.br\/pt\/wp-json\/wp\/v2\/users\/2"}],"replies":[{"embeddable":true,"href":"https:\/\/insurancecorp.com.br\/pt\/wp-json\/wp\/v2\/comments?post=83103"}],"version-history":[{"count":1,"href":"https:\/\/insurancecorp.com.br\/pt\/wp-json\/wp\/v2\/posts\/83103\/revisions"}],"predecessor-version":[{"id":83105,"href":"https:\/\/insurancecorp.com.br\/pt\/wp-json\/wp\/v2\/posts\/83103\/revisions\/83105"}],"wp:featuredmedia":[{"embeddable":true,"href":"https:\/\/insurancecorp.com.br\/pt\/wp-json\/wp\/v2\/media\/83104"}],"wp:attachment":[{"href":"https:\/\/insurancecorp.com.br\/pt\/wp-json\/wp\/v2\/media?parent=83103"}],"wp:term":[{"taxonomy":"category","embeddable":true,"href":"https:\/\/insurancecorp.com.br\/pt\/wp-json\/wp\/v2\/categories?post=83103"},{"taxonomy":"post_tag","embeddable":true,"href":"https:\/\/insurancecorp.com.br\/pt\/wp-json\/wp\/v2\/tags?post=83103"}],"curies":[{"name":"wp","href":"https:\/\/api.w.org\/{rel}","templated":true}]}}