{"id":83098,"date":"2026-09-04T10:14:47","date_gmt":"2026-09-04T13:14:47","guid":{"rendered":"https:\/\/insurancecorp.com.br\/pt\/?p=83098"},"modified":"2026-09-04T10:14:47","modified_gmt":"2026-09-04T13:14:47","slug":"fenaber-marca-presenca-no-ii-seminario-juridico-de-seguros","status":"publish","type":"post","link":"https:\/\/insurancecorp.com.br\/pt\/2026\/09\/04\/fenaber-marca-presenca-no-ii-seminario-juridico-de-seguros\/","title":{"rendered":"Fenaber marca presen\u00e7a no II Semin\u00e1rio Jur\u00eddico de Seguros"},"content":{"rendered":"<p align=\"justify\">A Federa\u00e7\u00e3o Nacional das Empresas de Resseguros (Fenaber) participar\u00e1 do II Semin\u00e1rio Jur\u00eddico de Seguros, que ser\u00e1 realizado no dia 17 de setembro, das 9h \u00e0s 18h15, na Faculdade de Direito da Universidade de S\u00e3o Paulo (USP). A presidente da entidade, Rafaela Barreda, integrar\u00e1 a mesa de abertura do encontro, que reunir\u00e1 representantes da academia, do mercado e do poder p\u00fablico para debater temas jur\u00eddicos e regulat\u00f3rios relacionados aos setores de seguros e resseguros. As inscri\u00e7\u00f5es para o Semin\u00e1rio est\u00e3o abertas e s\u00e3o gratuitas.<\/p>\n<p align=\"justify\">A executiva acredita que o desenvolvimento do mercado de seguros e resseguros passa tamb\u00e9m pela constru\u00e7\u00e3o de um ambiente jur\u00eddico e regulat\u00f3rio cada vez mais claro e adequado \u00e0 complexidade dos riscos. &#8220;<i>Reunir academia, reguladores e representantes do setor \u00e9 importante para aprofundar esse di\u00e1logo e discutir caminhos que contribuam para a seguran\u00e7a jur\u00eddica e para o desenvolvimento sustent\u00e1vel do mercado brasileiro<\/i>&#8220;, afirma.<\/p>\n<p align=\"justify\">Na mesa de abertura, Rafaela Barreda estar\u00e1 ao lado dos professores Paula Forgioni e Marcelo von Adamek, ambos da USP; Glauce Carvalhal, diretora Jur\u00eddica da Confedera\u00e7\u00e3o Nacional das Seguradoras (CNseg); Carlos Queiroz, diretor de Organiza\u00e7\u00e3o de Mercado e Regula\u00e7\u00e3o de Conduta (DIORE) da Superintend\u00eancia de Seguros Privados (Susep), e do professor Ilan Goldberg, da FGV Direito Rio.<\/p>\n<p align=\"justify\">Ao longo do dia, a programa\u00e7\u00e3o ser\u00e1 dividida em cinco pain\u00e9is: &#8220;Sa\u00fade Suplementar&#8221;, &#8220;Seguro de Vida e Integridade F\u00edsica&#8221;, &#8216;Regula\u00e7\u00e3o e Concorr\u00eancia&#8221;, &#8220;Seguro de Danos e Responsabilidade Civil&#8221; e &#8220;Seguros para Grandes Riscos e Resseguro&#8221;.<\/p>\n<p align=\"justify\">O \u00faltimo painel, voltado ao mercado ressegurador, ter\u00e1 in\u00edcio a partir das 16h30. Participam do debate o diretor Jur\u00eddico e Compliance da Zurich Seguros, Washington Luiz Bezerra da Silva, e os professores Ruy Camilo (Faculdade de Direito da USP), Maria Elisabete Gomes Ramos (Universidade de Coimbra) e Guadalupe Nascimento (Escola de Neg\u00f3cios e Seguros &#8211; ENS), esta \u00faltima respons\u00e1vel pela modera\u00e7\u00e3o.<\/p>\n<p align=\"justify\">O II Semin\u00e1rio Jur\u00eddico de Seguros \u00e9 organizado pelos professores Marcelo von Adamek, da Faculdade de Direito da USP, e Ilan Goldberg, da FGV Direito Rio e em est\u00e1gio p\u00f3s-doutoral em Direito Comercial na Faculdade de Direito da USP.<\/p>\n<h4 align=\"justify\">II Semin\u00e1rio Jur\u00eddico de Seguros<\/h4>\n<p align=\"justify\"><b>Data:<\/b> 17 de setembro<br \/>\n<b>Hor\u00e1rio:<\/b> das 9h \u00e0s 18h15<br \/>\n<b>Local:<\/b> Faculdade de Direito da USP<br \/>\n<b>Inscri\u00e7\u00f5es gratuitas:<\/b> <a id=\"v1OWA0a1f351d-2ad1-1a60-59de-f9aae2fb81b3\" class=\"v1OWAAutoLink\" href=\"https:\/\/docs.google.com\/forms\/d\/e\/1FAIpQLSeVvb331CSwq-tkMIOmv0rHvzAfnehyiLtQcP6lRSn_dPHekQ\/viewform\" target=\"_blank\" rel=\"noopener noreferrer\"><u>https:\/\/docs.google.com\/forms\/d\/e\/1FAIpQLSeVvb331CSwq-tkMIOmv0rHvzAfnehyiLtQcP6lRSn_dPHekQ\/viewform<\/u><\/a><\/p>\n<p align=\"justify\"><strong>Comunica\u00e7\u00e3o Fenaber<\/strong><\/p>\n","protected":false},"excerpt":{"rendered":"<p>A Federa\u00e7\u00e3o Nacional das Empresas de Resseguros (Fenaber) participar\u00e1 do II Semin\u00e1rio Jur\u00eddico de Seguros, que ser\u00e1 realizado no dia 17 de setembro, das 9h \u00e0s 18h15, na Faculdade de Direito da Universidade de S\u00e3o Paulo (USP). A presidente da entidade, Rafaela Barreda, integrar\u00e1 a mesa de abertura do encontro, que reunir\u00e1 representantes da academia, [&hellip;]<\/p>\n","protected":false},"author":2,"featured_media":83099,"comment_status":"open","ping_status":"open","sticky":false,"template":"","format":"standard","meta":[],"categories":[17046],"tags":[8065,17670,6112,3918],"jetpack_featured_media_url":"https:\/\/insurancecorp.com.br\/pt\/wp-content\/uploads\/2026\/09\/download-e1788527667932.png","yoast_head":"<!-- This site is optimized with the Yoast SEO plugin v14.8 - https:\/\/yoast.com\/wordpress\/plugins\/seo\/ -->\n<title>Fenaber marca presen\u00e7a no II Semin\u00e1rio Jur\u00eddico de Seguros | Revista Insurance Corp | PT-BR<\/title>\n<meta name=\"robots\" content=\"index, follow\" \/>\n<meta name=\"googlebot\" content=\"index, follow, max-snippet:-1, max-image-preview:large, max-video-preview:-1\" \/>\n<meta name=\"bingbot\" content=\"index, follow, max-snippet:-1, max-image-preview:large, max-video-preview:-1\" \/>\n<link rel=\"canonical\" href=\"https:\/\/insurancecorp.com.br\/pt\/2026\/09\/04\/fenaber-marca-presenca-no-ii-seminario-juridico-de-seguros\/\" \/>\n<meta property=\"og:locale\" content=\"pt_BR\" \/>\n<meta property=\"og:type\" content=\"article\" \/>\n<meta property=\"og:title\" content=\"Fenaber marca presen\u00e7a no II Semin\u00e1rio Jur\u00eddico de Seguros | Revista Insurance Corp | PT-BR\" \/>\n<meta property=\"og:description\" content=\"A Federa\u00e7\u00e3o Nacional das Empresas de Resseguros (Fenaber) participar\u00e1 do II Semin\u00e1rio Jur\u00eddico de Seguros, que ser\u00e1 realizado no dia 17 de setembro, das 9h \u00e0s 18h15, na Faculdade de Direito da Universidade de S\u00e3o Paulo (USP). A presidente da entidade, Rafaela Barreda, integrar\u00e1 a mesa de abertura do encontro, que reunir\u00e1 representantes da academia, [&hellip;]\" \/>\n<meta property=\"og:url\" content=\"https:\/\/insurancecorp.com.br\/pt\/2026\/09\/04\/fenaber-marca-presenca-no-ii-seminario-juridico-de-seguros\/\" \/>\n<meta property=\"og:site_name\" content=\"Revista Insurance Corp | PT-BR\" \/>\n<meta property=\"article:publisher\" content=\"https:\/\/www.facebook.com\/RevistaInsuranceCorp\/\" \/>\n<meta property=\"article:published_time\" content=\"2026-09-04T13:14:47+00:00\" \/>\n<meta property=\"og:image\" content=\"https:\/\/insurancecorp.com.br\/pt\/wp-content\/uploads\/2026\/09\/download-e1788527667932.png\" \/>\n\t<meta property=\"og:image:width\" content=\"476\" \/>\n\t<meta property=\"og:image:height\" content=\"116\" \/>\n<meta name=\"twitter:card\" content=\"summary\" \/>\n<script type=\"application\/ld+json\" class=\"yoast-schema-graph\">{\"@context\":\"https:\/\/schema.org\",\"@graph\":[{\"@type\":\"Organization\",\"@id\":\"https:\/\/insurancecorp.com.br\/pt\/#organization\",\"name\":\"Revista Insurance Corp\",\"url\":\"https:\/\/insurancecorp.com.br\/pt\/\",\"sameAs\":[\"https:\/\/www.facebook.com\/RevistaInsuranceCorp\/\"],\"logo\":{\"@type\":\"ImageObject\",\"@id\":\"https:\/\/insurancecorp.com.br\/pt\/#logo\",\"inLanguage\":\"pt-BR\",\"url\":\"\",\"caption\":\"Revista Insurance Corp\"},\"image\":{\"@id\":\"https:\/\/insurancecorp.com.br\/pt\/#logo\"}},{\"@type\":\"WebSite\",\"@id\":\"https:\/\/insurancecorp.com.br\/pt\/#website\",\"url\":\"https:\/\/insurancecorp.com.br\/pt\/\",\"name\":\"Revista Insurance Corp | PT-BR\",\"description\":\"A \\u00fanica revista bil\\u00edngue voltada ao mercado de seguro.\",\"publisher\":{\"@id\":\"https:\/\/insurancecorp.com.br\/pt\/#organization\"},\"potentialAction\":[{\"@type\":\"SearchAction\",\"target\":\"https:\/\/insurancecorp.com.br\/pt\/?s={search_term_string}\",\"query-input\":\"required name=search_term_string\"}],\"inLanguage\":\"pt-BR\"},{\"@type\":\"ImageObject\",\"@id\":\"https:\/\/insurancecorp.com.br\/pt\/2026\/09\/04\/fenaber-marca-presenca-no-ii-seminario-juridico-de-seguros\/#primaryimage\",\"inLanguage\":\"pt-BR\",\"url\":\"https:\/\/insurancecorp.com.br\/pt\/wp-content\/uploads\/2026\/09\/download-e1788527667932.png\",\"width\":476,\"height\":116},{\"@type\":\"WebPage\",\"@id\":\"https:\/\/insurancecorp.com.br\/pt\/2026\/09\/04\/fenaber-marca-presenca-no-ii-seminario-juridico-de-seguros\/#webpage\",\"url\":\"https:\/\/insurancecorp.com.br\/pt\/2026\/09\/04\/fenaber-marca-presenca-no-ii-seminario-juridico-de-seguros\/\",\"name\":\"Fenaber marca presen\\u00e7a no II Semin\\u00e1rio Jur\\u00eddico de Seguros | Revista Insurance Corp | PT-BR\",\"isPartOf\":{\"@id\":\"https:\/\/insurancecorp.com.br\/pt\/#website\"},\"primaryImageOfPage\":{\"@id\":\"https:\/\/insurancecorp.com.br\/pt\/2026\/09\/04\/fenaber-marca-presenca-no-ii-seminario-juridico-de-seguros\/#primaryimage\"},\"datePublished\":\"2026-09-04T13:14:47+00:00\",\"dateModified\":\"2026-09-04T13:14:47+00:00\",\"inLanguage\":\"pt-BR\",\"potentialAction\":[{\"@type\":\"ReadAction\",\"target\":[\"https:\/\/insurancecorp.com.br\/pt\/2026\/09\/04\/fenaber-marca-presenca-no-ii-seminario-juridico-de-seguros\/\"]}]},{\"@type\":\"Article\",\"@id\":\"https:\/\/insurancecorp.com.br\/pt\/2026\/09\/04\/fenaber-marca-presenca-no-ii-seminario-juridico-de-seguros\/#article\",\"isPartOf\":{\"@id\":\"https:\/\/insurancecorp.com.br\/pt\/2026\/09\/04\/fenaber-marca-presenca-no-ii-seminario-juridico-de-seguros\/#webpage\"},\"author\":{\"@id\":\"https:\/\/insurancecorp.com.br\/pt\/#\/schema\/person\/1b69c8cf325f0b7167f1b171f52df4af\"},\"headline\":\"Fenaber marca presen\\u00e7a no II Semin\\u00e1rio Jur\\u00eddico de Seguros\",\"datePublished\":\"2026-09-04T13:14:47+00:00\",\"dateModified\":\"2026-09-04T13:14:47+00:00\",\"mainEntityOfPage\":{\"@id\":\"https:\/\/insurancecorp.com.br\/pt\/2026\/09\/04\/fenaber-marca-presenca-no-ii-seminario-juridico-de-seguros\/#webpage\"},\"commentCount\":1,\"publisher\":{\"@id\":\"https:\/\/insurancecorp.com.br\/pt\/#organization\"},\"image\":{\"@id\":\"https:\/\/insurancecorp.com.br\/pt\/2026\/09\/04\/fenaber-marca-presenca-no-ii-seminario-juridico-de-seguros\/#primaryimage\"},\"keywords\":\"Fenaber,II Semin\\u00e1rio Jur\\u00eddico de Seguros,marca,presen\\u00e7a\",\"articleSection\":\"Fenaber\",\"inLanguage\":\"pt-BR\",\"potentialAction\":[{\"@type\":\"CommentAction\",\"name\":\"Comment\",\"target\":[\"https:\/\/insurancecorp.com.br\/pt\/2026\/09\/04\/fenaber-marca-presenca-no-ii-seminario-juridico-de-seguros\/#respond\"]}]},{\"@type\":\"Person\",\"@id\":\"https:\/\/insurancecorp.com.br\/pt\/#\/schema\/person\/1b69c8cf325f0b7167f1b171f52df4af\",\"name\":\"Publica\\u00e7\\u00e3o\",\"image\":{\"@type\":\"ImageObject\",\"@id\":\"https:\/\/insurancecorp.com.br\/pt\/#personlogo\",\"inLanguage\":\"pt-BR\",\"url\":\"https:\/\/secure.gravatar.com\/avatar\/17226f1f60486eb25d4c6b301ffed37f?s=96&d=mm&r=g\",\"caption\":\"Publica\\u00e7\\u00e3o\"}}]}<\/script>\n<!-- \/ Yoast SEO plugin. -->","_links":{"self":[{"href":"https:\/\/insurancecorp.com.br\/pt\/wp-json\/wp\/v2\/posts\/83098"}],"collection":[{"href":"https:\/\/insurancecorp.com.br\/pt\/wp-json\/wp\/v2\/posts"}],"about":[{"href":"https:\/\/insurancecorp.com.br\/pt\/wp-json\/wp\/v2\/types\/post"}],"author":[{"embeddable":true,"href":"https:\/\/insurancecorp.com.br\/pt\/wp-json\/wp\/v2\/users\/2"}],"replies":[{"embeddable":true,"href":"https:\/\/insurancecorp.com.br\/pt\/wp-json\/wp\/v2\/comments?post=83098"}],"version-history":[{"count":1,"href":"https:\/\/insurancecorp.com.br\/pt\/wp-json\/wp\/v2\/posts\/83098\/revisions"}],"predecessor-version":[{"id":83100,"href":"https:\/\/insurancecorp.com.br\/pt\/wp-json\/wp\/v2\/posts\/83098\/revisions\/83100"}],"wp:featuredmedia":[{"embeddable":true,"href":"https:\/\/insurancecorp.com.br\/pt\/wp-json\/wp\/v2\/media\/83099"}],"wp:attachment":[{"href":"https:\/\/insurancecorp.com.br\/pt\/wp-json\/wp\/v2\/media?parent=83098"}],"wp:term":[{"taxonomy":"category","embeddable":true,"href":"https:\/\/insurancecorp.com.br\/pt\/wp-json\/wp\/v2\/categories?post=83098"},{"taxonomy":"post_tag","embeddable":true,"href":"https:\/\/insurancecorp.com.br\/pt\/wp-json\/wp\/v2\/tags?post=83098"}],"curies":[{"name":"wp","href":"https:\/\/api.w.org\/{rel}","templated":true}]}}