{"id":83088,"date":"2026-09-04T09:59:03","date_gmt":"2026-09-04T12:59:03","guid":{"rendered":"https:\/\/insurancecorp.com.br\/pt\/?p=83088"},"modified":"2026-09-04T09:59:03","modified_gmt":"2026-09-04T12:59:03","slug":"justos-entra-no-segmento-de-veiculos-de-uso-comercial-e-abre-nova-frente-de-negocios-para-corretores","status":"publish","type":"post","link":"https:\/\/insurancecorp.com.br\/pt\/2026\/09\/04\/justos-entra-no-segmento-de-veiculos-de-uso-comercial-e-abre-nova-frente-de-negocios-para-corretores\/","title":{"rendered":"Justos entra no segmento de ve\u00edculos de uso comercial e abre nova frente de neg\u00f3cios para corretores"},"content":{"rendered":"<p align=\"justify\">A <strong>Justos<\/strong>, seguradora auto digital que usa intelig\u00eancia artificial e tecnologia para recompensar motoristas conscientes, anuncia sobre a entrada no segmento de ve\u00edculos de uso profissional. A mudan\u00e7a marca a expans\u00e3o da Justos para al\u00e9m do uso pessoal e amplia as possibilidades de atua\u00e7\u00e3o dos corretores.<\/p>\n<p align=\"justify\">A nova pol\u00edtica contempla situa\u00e7\u00f5es em que o ve\u00edculo \u00e9 utilizado tamb\u00e9m como ferramenta de trabalho, incluindo a situa\u00e7\u00e3o de profissionais liberais, representantes comerciais e prestadores de servi\u00e7o. Por enquanto, apenas ve\u00edculos destinados ao transporte de passageiros e\/ou mercadorias seguem fora da pol\u00edtica de aceita\u00e7\u00e3o da companhia.<\/p>\n<p align=\"justify\">Para o corretor, a experi\u00eancia permanece simples: a cota\u00e7\u00e3o \u00e9 feita normalmente, sem nenhuma etapa adicional. A an\u00e1lise acontece dentro do pr\u00f3prio fluxo da Justos e combina diferentes crit\u00e9rios de subscri\u00e7\u00e3o.<\/p>\n<p align=\"justify\">Na pr\u00e1tica, a mudan\u00e7a abre uma nova possibilidade de contrata\u00e7\u00e3o para uma demanda que j\u00e1 chegava \u00e0 Justos e a seus corretores, mas n\u00e3o conseguia avan\u00e7ar. Assim, a seguradora amplia o universo de pessoas que podem encontrar uma op\u00e7\u00e3o de cobertura e, ao mesmo tempo, cria novas oportunidades de neg\u00f3cio para os corretores.<\/p>\n<p align=\"justify\">&#8220;<i>A entrada no uso comercial \u00e9 um passo natural da nossa evolu\u00e7\u00e3o. Existia uma parcela relevante de clientes que chegava at\u00e9 a Justos por meio dos corretores com um perfil de risco compat\u00edvel, mas que n\u00e3o conseguia avan\u00e7ar por usar o ve\u00edculo profissionalmente. Agora conseguimos avaliar esses casos com precis\u00e3o e ampliar as possibilidades de neg\u00f3cio para o corretor sem abrir m\u00e3o dos nossos crit\u00e9rios de subscri\u00e7\u00e3o<\/i>&#8220;, afirma Felipe Genovesi, Head Comercial da Justos.<\/p>\n<p align=\"justify\">A novidade integra a evolu\u00e7\u00e3o constante do produto da Justos voltada ao canal de corretores. A companhia vem ampliando cen\u00e1rios de contrata\u00e7\u00e3o e substituindo recusas autom\u00e1ticas por avalia\u00e7\u00f5es do risco de forma mais individualizada, apoiadas em dados e intelig\u00eancia artificial.<\/p>\n<p align=\"justify\"><strong>BEET House<\/strong><\/p>\n","protected":false},"excerpt":{"rendered":"<p>A Justos, seguradora auto digital que usa intelig\u00eancia artificial e tecnologia para recompensar motoristas conscientes, anuncia sobre a entrada no segmento de ve\u00edculos de uso profissional. A mudan\u00e7a marca a expans\u00e3o da Justos para al\u00e9m do uso pessoal e amplia as possibilidades de atua\u00e7\u00e3o dos corretores. A nova pol\u00edtica contempla situa\u00e7\u00f5es em que o ve\u00edculo [&hellip;]<\/p>\n","protected":false},"author":2,"featured_media":61055,"comment_status":"open","ping_status":"open","sticky":false,"template":"","format":"standard","meta":[],"categories":[10961],"tags":[8697,2295,10353,2832],"jetpack_featured_media_url":"https:\/\/insurancecorp.com.br\/pt\/wp-content\/uploads\/2024\/11\/Loures-Comunicacao-6.png","yoast_head":"<!-- This site is optimized with the Yoast SEO plugin v14.8 - https:\/\/yoast.com\/wordpress\/plugins\/seo\/ -->\n<title>Justos entra no segmento de ve\u00edculos de uso comercial e abre nova frente de neg\u00f3cios para corretores | Revista Insurance Corp | PT-BR<\/title>\n<meta name=\"robots\" content=\"index, follow\" \/>\n<meta name=\"googlebot\" content=\"index, follow, max-snippet:-1, max-image-preview:large, max-video-preview:-1\" \/>\n<meta name=\"bingbot\" content=\"index, follow, max-snippet:-1, max-image-preview:large, max-video-preview:-1\" \/>\n<link rel=\"canonical\" href=\"https:\/\/insurancecorp.com.br\/pt\/2026\/09\/04\/justos-entra-no-segmento-de-veiculos-de-uso-comercial-e-abre-nova-frente-de-negocios-para-corretores\/\" \/>\n<meta property=\"og:locale\" content=\"pt_BR\" \/>\n<meta property=\"og:type\" content=\"article\" \/>\n<meta property=\"og:title\" content=\"Justos entra no segmento de ve\u00edculos de uso comercial e abre nova frente de neg\u00f3cios para corretores | Revista Insurance Corp | PT-BR\" \/>\n<meta property=\"og:description\" content=\"A Justos, seguradora auto digital que usa intelig\u00eancia artificial e tecnologia para recompensar motoristas conscientes, anuncia sobre a entrada no segmento de ve\u00edculos de uso profissional. A mudan\u00e7a marca a expans\u00e3o da Justos para al\u00e9m do uso pessoal e amplia as possibilidades de atua\u00e7\u00e3o dos corretores. A nova pol\u00edtica contempla situa\u00e7\u00f5es em que o ve\u00edculo [&hellip;]\" \/>\n<meta property=\"og:url\" content=\"https:\/\/insurancecorp.com.br\/pt\/2026\/09\/04\/justos-entra-no-segmento-de-veiculos-de-uso-comercial-e-abre-nova-frente-de-negocios-para-corretores\/\" \/>\n<meta property=\"og:site_name\" content=\"Revista Insurance Corp | PT-BR\" \/>\n<meta property=\"article:publisher\" content=\"https:\/\/www.facebook.com\/RevistaInsuranceCorp\/\" \/>\n<meta property=\"article:published_time\" content=\"2026-09-04T12:59:03+00:00\" \/>\n<meta property=\"og:image\" content=\"https:\/\/insurancecorp.com.br\/pt\/wp-content\/uploads\/2024\/11\/Loures-Comunicacao-6.png\" \/>\n\t<meta property=\"og:image:width\" content=\"1366\" \/>\n\t<meta property=\"og:image:height\" content=\"768\" \/>\n<meta name=\"twitter:card\" content=\"summary\" \/>\n<script type=\"application\/ld+json\" class=\"yoast-schema-graph\">{\"@context\":\"https:\/\/schema.org\",\"@graph\":[{\"@type\":\"Organization\",\"@id\":\"https:\/\/insurancecorp.com.br\/pt\/#organization\",\"name\":\"Revista Insurance Corp\",\"url\":\"https:\/\/insurancecorp.com.br\/pt\/\",\"sameAs\":[\"https:\/\/www.facebook.com\/RevistaInsuranceCorp\/\"],\"logo\":{\"@type\":\"ImageObject\",\"@id\":\"https:\/\/insurancecorp.com.br\/pt\/#logo\",\"inLanguage\":\"pt-BR\",\"url\":\"\",\"caption\":\"Revista Insurance Corp\"},\"image\":{\"@id\":\"https:\/\/insurancecorp.com.br\/pt\/#logo\"}},{\"@type\":\"WebSite\",\"@id\":\"https:\/\/insurancecorp.com.br\/pt\/#website\",\"url\":\"https:\/\/insurancecorp.com.br\/pt\/\",\"name\":\"Revista Insurance Corp | PT-BR\",\"description\":\"A \\u00fanica revista bil\\u00edngue voltada ao mercado de seguro.\",\"publisher\":{\"@id\":\"https:\/\/insurancecorp.com.br\/pt\/#organization\"},\"potentialAction\":[{\"@type\":\"SearchAction\",\"target\":\"https:\/\/insurancecorp.com.br\/pt\/?s={search_term_string}\",\"query-input\":\"required name=search_term_string\"}],\"inLanguage\":\"pt-BR\"},{\"@type\":\"ImageObject\",\"@id\":\"https:\/\/insurancecorp.com.br\/pt\/2026\/09\/04\/justos-entra-no-segmento-de-veiculos-de-uso-comercial-e-abre-nova-frente-de-negocios-para-corretores\/#primaryimage\",\"inLanguage\":\"pt-BR\",\"url\":\"https:\/\/insurancecorp.com.br\/pt\/wp-content\/uploads\/2024\/11\/Loures-Comunicacao-6.png\",\"width\":1366,\"height\":768},{\"@type\":\"WebPage\",\"@id\":\"https:\/\/insurancecorp.com.br\/pt\/2026\/09\/04\/justos-entra-no-segmento-de-veiculos-de-uso-comercial-e-abre-nova-frente-de-negocios-para-corretores\/#webpage\",\"url\":\"https:\/\/insurancecorp.com.br\/pt\/2026\/09\/04\/justos-entra-no-segmento-de-veiculos-de-uso-comercial-e-abre-nova-frente-de-negocios-para-corretores\/\",\"name\":\"Justos entra no segmento de ve\\u00edculos de uso comercial e abre nova frente de neg\\u00f3cios para corretores | Revista Insurance Corp | PT-BR\",\"isPartOf\":{\"@id\":\"https:\/\/insurancecorp.com.br\/pt\/#website\"},\"primaryImageOfPage\":{\"@id\":\"https:\/\/insurancecorp.com.br\/pt\/2026\/09\/04\/justos-entra-no-segmento-de-veiculos-de-uso-comercial-e-abre-nova-frente-de-negocios-para-corretores\/#primaryimage\"},\"datePublished\":\"2026-09-04T12:59:03+00:00\",\"dateModified\":\"2026-09-04T12:59:03+00:00\",\"inLanguage\":\"pt-BR\",\"potentialAction\":[{\"@type\":\"ReadAction\",\"target\":[\"https:\/\/insurancecorp.com.br\/pt\/2026\/09\/04\/justos-entra-no-segmento-de-veiculos-de-uso-comercial-e-abre-nova-frente-de-negocios-para-corretores\/\"]}]},{\"@type\":\"Article\",\"@id\":\"https:\/\/insurancecorp.com.br\/pt\/2026\/09\/04\/justos-entra-no-segmento-de-veiculos-de-uso-comercial-e-abre-nova-frente-de-negocios-para-corretores\/#article\",\"isPartOf\":{\"@id\":\"https:\/\/insurancecorp.com.br\/pt\/2026\/09\/04\/justos-entra-no-segmento-de-veiculos-de-uso-comercial-e-abre-nova-frente-de-negocios-para-corretores\/#webpage\"},\"author\":{\"@id\":\"https:\/\/insurancecorp.com.br\/pt\/#\/schema\/person\/1b69c8cf325f0b7167f1b171f52df4af\"},\"headline\":\"Justos entra no segmento de ve\\u00edculos de uso comercial e abre nova frente de neg\\u00f3cios para corretores\",\"datePublished\":\"2026-09-04T12:59:03+00:00\",\"dateModified\":\"2026-09-04T12:59:03+00:00\",\"mainEntityOfPage\":{\"@id\":\"https:\/\/insurancecorp.com.br\/pt\/2026\/09\/04\/justos-entra-no-segmento-de-veiculos-de-uso-comercial-e-abre-nova-frente-de-negocios-para-corretores\/#webpage\"},\"commentCount\":0,\"publisher\":{\"@id\":\"https:\/\/insurancecorp.com.br\/pt\/#organization\"},\"image\":{\"@id\":\"https:\/\/insurancecorp.com.br\/pt\/2026\/09\/04\/justos-entra-no-segmento-de-veiculos-de-uso-comercial-e-abre-nova-frente-de-negocios-para-corretores\/#primaryimage\"},\"keywords\":\"comercial,corretores,Justos,neg\\u00f3cios\",\"articleSection\":\"Justos\",\"inLanguage\":\"pt-BR\",\"potentialAction\":[{\"@type\":\"CommentAction\",\"name\":\"Comment\",\"target\":[\"https:\/\/insurancecorp.com.br\/pt\/2026\/09\/04\/justos-entra-no-segmento-de-veiculos-de-uso-comercial-e-abre-nova-frente-de-negocios-para-corretores\/#respond\"]}]},{\"@type\":\"Person\",\"@id\":\"https:\/\/insurancecorp.com.br\/pt\/#\/schema\/person\/1b69c8cf325f0b7167f1b171f52df4af\",\"name\":\"Publica\\u00e7\\u00e3o\",\"image\":{\"@type\":\"ImageObject\",\"@id\":\"https:\/\/insurancecorp.com.br\/pt\/#personlogo\",\"inLanguage\":\"pt-BR\",\"url\":\"https:\/\/secure.gravatar.com\/avatar\/17226f1f60486eb25d4c6b301ffed37f?s=96&d=mm&r=g\",\"caption\":\"Publica\\u00e7\\u00e3o\"}}]}<\/script>\n<!-- \/ Yoast SEO plugin. -->","_links":{"self":[{"href":"https:\/\/insurancecorp.com.br\/pt\/wp-json\/wp\/v2\/posts\/83088"}],"collection":[{"href":"https:\/\/insurancecorp.com.br\/pt\/wp-json\/wp\/v2\/posts"}],"about":[{"href":"https:\/\/insurancecorp.com.br\/pt\/wp-json\/wp\/v2\/types\/post"}],"author":[{"embeddable":true,"href":"https:\/\/insurancecorp.com.br\/pt\/wp-json\/wp\/v2\/users\/2"}],"replies":[{"embeddable":true,"href":"https:\/\/insurancecorp.com.br\/pt\/wp-json\/wp\/v2\/comments?post=83088"}],"version-history":[{"count":1,"href":"https:\/\/insurancecorp.com.br\/pt\/wp-json\/wp\/v2\/posts\/83088\/revisions"}],"predecessor-version":[{"id":83091,"href":"https:\/\/insurancecorp.com.br\/pt\/wp-json\/wp\/v2\/posts\/83088\/revisions\/83091"}],"wp:featuredmedia":[{"embeddable":true,"href":"https:\/\/insurancecorp.com.br\/pt\/wp-json\/wp\/v2\/media\/61055"}],"wp:attachment":[{"href":"https:\/\/insurancecorp.com.br\/pt\/wp-json\/wp\/v2\/media?parent=83088"}],"wp:term":[{"taxonomy":"category","embeddable":true,"href":"https:\/\/insurancecorp.com.br\/pt\/wp-json\/wp\/v2\/categories?post=83088"},{"taxonomy":"post_tag","embeddable":true,"href":"https:\/\/insurancecorp.com.br\/pt\/wp-json\/wp\/v2\/tags?post=83088"}],"curies":[{"name":"wp","href":"https:\/\/api.w.org\/{rel}","templated":true}]}}