{"id":8308,"date":"2019-05-28T09:45:20","date_gmt":"2019-05-28T12:45:20","guid":{"rendered":"https:\/\/insurancecorp.com.br\/pt\/?p=8308"},"modified":"2019-05-28T09:46:09","modified_gmt":"2019-05-28T12:46:09","slug":"especial-maio-amarelo-levantamento-aponta-aumento-de-quase-20-em-traumas-causados-por-acidentes-com-patinetes-e-outros-veiculos-alternativos","status":"publish","type":"post","link":"https:\/\/insurancecorp.com.br\/pt\/2019\/05\/28\/especial-maio-amarelo-levantamento-aponta-aumento-de-quase-20-em-traumas-causados-por-acidentes-com-patinetes-e-outros-veiculos-alternativos\/","title":{"rendered":"Especial Maio Amarelo: Levantamento aponta aumento de quase 20% em traumas causados por acidentes com patinetes e outros ve\u00edculos alternativos"},"content":{"rendered":"<form id=\"aspnetForm\" action=\"\/pages\/newsletter-detalhe.aspx?cid=312\" method=\"post\">\n<div id=\"s4-workspace\">\n<div id=\"s4-bodyContainer\">\n<div data-name=\"ContentPlaceHolderMain\">\n<div class=\"content-wrap\">\n<div class=\"container\">\n<div class=\"row\">\n<div id=\"ctl00_PlaceHolderMain_ctl02__ControlWrapper_RichHtmlField\" class=\"ms-rtestate-field\" aria-labelledby=\"ctl00_PlaceHolderMain_ctl02_label\">\n<div class=\"news-detalhe\">\n<div class=\"ms-rtestate-read ms-rte-wpbox\">\n<div id=\"div_2c43d65d-f183-487c-a5cb-77d6e5f6664a\" class=\"ms-rtestate-notify ms-rtestate-read 2c43d65d-f183-487c-a5cb-77d6e5f6664a\">\n<div id=\"MSOZoneCell_WebPartctl00_ctl46_g_2c43d65d_f183_487c_a5cb_77d6e5f6664a\" class=\"s4-wpcell-plain ms-webpartzone-cell ms-webpart-cell-vertical ms-fullWidth \">\n<div class=\"ms-webpart-chrome ms-webpart-chrome-vertical ms-webpart-chrome-fullWidth \">\n<div id=\"WebPartctl00_ctl46_g_2c43d65d_f183_487c_a5cb_77d6e5f6664a\" class=\"ms-WPBody \">\n<div id=\"ctl00_ctl46_g_2c43d65d_f183_487c_a5cb_77d6e5f6664a\">\n<div class=\"ExternalClass90BACE5ACDCF4230AACBC65AC87DE859\">\n<p>No momento em que o movimento Maio Amarelo busca chamar a aten\u00e7\u00e3o da sociedade para o elevado n\u00famero de mortos e feridos no tr\u00e2nsito brasileiro, surge no cen\u00e1rio um novo e preocupante indicador: os acidentes provocados pelos chamados ve\u00edculos alternativos, como patins, skates, bicicletas e, mais recentemente, patinetes el\u00e9tricos. R\u00e1pidos e acess\u00edveis, os patinetes, em particular, tomaram as ruas nas grandes cidades trazendo conveni\u00eancias e, ao mesmo tempo, inspirando cuidados: o volume de acidentes registrados j\u00e1 acendeu o sinal de alerta na maioria dos munic\u00edpios que adotaram a novidade<\/p>\n<p>Um levantamento do Centro de Trauma do Hospital Samaritano Higien\u00f3polis, em S\u00e3o Paulo, por exemplo, aponta um aumento de 19,6% em interna\u00e7\u00f5es relacionadas a acidentes com ve\u00edculos alternativos no primeiro trimestre de 2019, em compara\u00e7\u00e3o ao mesmo per\u00edodo de 2018. J\u00e1 os atropelamentos, tiveram uma redu\u00e7\u00e3o de 7,2%, caindo de 10,3%, em 2018, para 3,1%, em 2019. Os registros do Samaritano apontam, ainda, que 76,67% dos acidentados s\u00e3o homens e apenas 23,33% mulheres. A faixa et\u00e1ria mais comumente envolvida nesse tipo de acidente \u00e9 a de 19 e 40 anos. \u201cOs novos ve\u00edculos chegaram para ajudar a mobilidade das pessoas e isso faz parte da realidade de uma cidade cosmopolita como S\u00e3o Paulo\u201d, afirma Jo\u00e3o Paulo Ripardo, m\u00e9dico e Coordenador do Centro de Trauma do hospital.<\/p>\n<div id=\"s4-workspace\">\n<div id=\"s4-bodyContainer\">\n<div data-name=\"ContentPlaceHolderMain\">\n<div class=\"content-wrap\">\n<div class=\"container\">\n<div class=\"row\">\n<div id=\"ctl00_PlaceHolderMain_ctl02__ControlWrapper_RichHtmlField\" class=\"ms-rtestate-field\" aria-labelledby=\"ctl00_PlaceHolderMain_ctl02_label\">\n<div class=\"news-detalhe\">\n<div class=\"ms-rtestate-read ms-rte-wpbox\">\n<div id=\"div_2c43d65d-f183-487c-a5cb-77d6e5f6664a\" class=\"ms-rtestate-notify ms-rtestate-read 2c43d65d-f183-487c-a5cb-77d6e5f6664a\">\n<div id=\"MSOZoneCell_WebPartctl00_ctl46_g_2c43d65d_f183_487c_a5cb_77d6e5f6664a\" class=\"s4-wpcell-plain ms-webpartzone-cell ms-webpart-cell-vertical ms-fullWidth \">\n<div class=\"ms-webpart-chrome ms-webpart-chrome-vertical ms-webpart-chrome-fullWidth \">\n<div id=\"WebPartctl00_ctl46_g_2c43d65d_f183_487c_a5cb_77d6e5f6664a\" class=\"ms-WPBody \">\n<div id=\"ctl00_ctl46_g_2c43d65d_f183_487c_a5cb_77d6e5f6664a\">\n<div class=\"ExternalClass90BACE5ACDCF4230AACBC65AC87DE859\">\n<p>O n\u00famero de acidentes com ve\u00edculos alternativos no primeiro trimestre de 2019 superou o de acidentes de carro, inclusive se comparado ao mesmo per\u00edodo do ano passado. Os acidentes envolvendo motos, respons\u00e1veis por 23,5% das interna\u00e7\u00f5es por trauma no per\u00edodo analisado de 2018, continuaram ocorrendo na mesma propor\u00e7\u00e3o em 2019. \u201cRecebemos diversos pacientes, v\u00edtimas de acidentes de tr\u00e2nsito com todos os tipos de ve\u00edculo. Sabemos que, com a\u00e7\u00f5es de preven\u00e7\u00e3o e educa\u00e7\u00e3o efetivas, muitos casos poderiam ser evitados\u201d, alerta Jos\u00e9 Cruvinel, cirurgi\u00e3o do trauma.<\/p>\n<p>Um artigo publicado recentemente no JAMA (Journal of the American Medical Association) descreveu o uso crescente dos patinetes el\u00e9tricos na mobilidade urbana norte-americana e apontou os traumatismos cranianos (40%) e as fraturas (32%) como as les\u00f5es graves mais frequentes nos acidentes dessa modalidade. Dos 249 pacientes estudados, apenas 4% relataram o uso de capacete.<\/p>\n<p>O tema tem despertado a aten\u00e7\u00e3o de diversos agentes da sociedade. Como noticiado na <a href=\"https:\/\/www.seguradoralider.com.br\/pages\/newsletter-detalhe.aspx?cid=310\">81\u00aa edi\u00e7\u00e3o da newsletter L\u00edder Informa<\/a>, o deputado estadual Alencar da Silveira J\u00fanior (PDT\/MG) apresentou um projeto de lei para regulamentar o uso e a disponibilidade de patinetes el\u00e9tricos no estado de Minas Gerais. Entre outras medidas, ele defende a cria\u00e7\u00e3o de um seguro nos moldes do DPVAT.<\/p>\n<p><strong>Fonte: Newsletter Seguradora L\u00edder\/\u00a0Edi\u00e7\u00e3o 82, Maio 2019\u00a0<\/strong><\/p>\n<div id=\"s4-workspace\">\n<div id=\"s4-bodyContainer\">\n<div data-name=\"ContentPlaceHolderMain\">\n<div class=\"content-wrap\">\n<div class=\"container\">\n<div class=\"row\">\n<div id=\"ctl00_PlaceHolderMain_ctl02__ControlWrapper_RichHtmlField\" class=\"ms-rtestate-field\" aria-labelledby=\"ctl00_PlaceHolderMain_ctl02_label\">\n<div class=\"news-detalhe\">\n<div class=\"ms-rtestate-read ms-rte-wpbox\">\n<div id=\"div_2c43d65d-f183-487c-a5cb-77d6e5f6664a\" class=\"ms-rtestate-notify ms-rtestate-read 2c43d65d-f183-487c-a5cb-77d6e5f6664a\">\n<div id=\"MSOZoneCell_WebPartctl00_ctl46_g_2c43d65d_f183_487c_a5cb_77d6e5f6664a\" class=\"s4-wpcell-plain ms-webpartzone-cell ms-webpart-cell-vertical ms-fullWidth \">\n<div class=\"ms-webpart-chrome ms-webpart-chrome-vertical ms-webpart-chrome-fullWidth \">\n<div id=\"WebPartctl00_ctl46_g_2c43d65d_f183_487c_a5cb_77d6e5f6664a\" class=\"ms-WPBody \">\n<div id=\"ctl00_ctl46_g_2c43d65d_f183_487c_a5cb_77d6e5f6664a\">\n<div class=\"ExternalClass90BACE5ACDCF4230AACBC65AC87DE859\">\n<p>&nbsp;<\/p>\n<\/div>\n<\/div>\n<\/div>\n<\/div>\n<\/div>\n<\/div>\n<\/div>\n<\/div>\n<\/div>\n<\/div>\n<\/div>\n<\/div>\n<\/div>\n<\/div>\n<\/div>\n<\/div>\n<\/div>\n<\/div>\n<\/div>\n<\/div>\n<\/div>\n<\/div>\n<\/div>\n<\/div>\n<\/div>\n<\/div>\n<\/div>\n<\/div>\n<\/div>\n<\/div>\n<\/div>\n<\/div>\n<\/div>\n<\/div>\n<\/div>\n<\/div>\n<\/div>\n<\/div>\n<\/div>\n<\/div>\n<\/div>\n<\/div>\n<\/div>\n<\/div>\n<\/div>\n<\/form>\n","protected":false},"excerpt":{"rendered":"<p>No momento em que o movimento Maio Amarelo busca chamar a aten\u00e7\u00e3o da sociedade para o elevado n\u00famero de mortos e feridos no tr\u00e2nsito brasileiro, surge no cen\u00e1rio um novo e preocupante indicador: os acidentes provocados pelos chamados ve\u00edculos alternativos, como patins, skates, bicicletas e, mais recentemente, patinetes el\u00e9tricos. R\u00e1pidos e acess\u00edveis, os patinetes, em [&hellip;]<\/p>\n","protected":false},"author":2,"featured_media":8310,"comment_status":"open","ping_status":"open","sticky":false,"template":"","format":"standard","meta":[],"categories":[147],"tags":[],"jetpack_featured_media_url":"https:\/\/insurancecorp.com.br\/pt\/wp-content\/uploads\/2019\/05\/CVG-24.jpg","yoast_head":"<!-- This site is optimized with the Yoast SEO plugin v14.8 - https:\/\/yoast.com\/wordpress\/plugins\/seo\/ -->\n<title>Especial Maio Amarelo: Levantamento aponta aumento de quase 20% em traumas causados por acidentes com patinetes e outros ve\u00edculos alternativos | Revista Insurance Corp | PT-BR<\/title>\n<meta name=\"robots\" content=\"index, follow\" \/>\n<meta name=\"googlebot\" content=\"index, follow, max-snippet:-1, max-image-preview:large, max-video-preview:-1\" \/>\n<meta name=\"bingbot\" content=\"index, follow, max-snippet:-1, max-image-preview:large, max-video-preview:-1\" \/>\n<link rel=\"canonical\" href=\"https:\/\/insurancecorp.com.br\/pt\/2019\/05\/28\/especial-maio-amarelo-levantamento-aponta-aumento-de-quase-20-em-traumas-causados-por-acidentes-com-patinetes-e-outros-veiculos-alternativos\/\" \/>\n<meta property=\"og:locale\" content=\"pt_BR\" \/>\n<meta property=\"og:type\" content=\"article\" \/>\n<meta property=\"og:title\" content=\"Especial Maio Amarelo: Levantamento aponta aumento de quase 20% em traumas causados por acidentes com patinetes e outros ve\u00edculos alternativos | Revista Insurance Corp | PT-BR\" \/>\n<meta property=\"og:description\" content=\"No momento em que o movimento Maio Amarelo busca chamar a aten\u00e7\u00e3o da sociedade para o elevado n\u00famero de mortos e feridos no tr\u00e2nsito brasileiro, surge no cen\u00e1rio um novo e preocupante indicador: os acidentes provocados pelos chamados ve\u00edculos alternativos, como patins, skates, bicicletas e, mais recentemente, patinetes el\u00e9tricos. R\u00e1pidos e acess\u00edveis, os patinetes, em [&hellip;]\" \/>\n<meta property=\"og:url\" content=\"https:\/\/insurancecorp.com.br\/pt\/2019\/05\/28\/especial-maio-amarelo-levantamento-aponta-aumento-de-quase-20-em-traumas-causados-por-acidentes-com-patinetes-e-outros-veiculos-alternativos\/\" \/>\n<meta property=\"og:site_name\" content=\"Revista Insurance Corp | PT-BR\" \/>\n<meta property=\"article:publisher\" content=\"https:\/\/www.facebook.com\/RevistaInsuranceCorp\/\" \/>\n<meta property=\"article:published_time\" content=\"2019-05-28T12:45:20+00:00\" \/>\n<meta property=\"article:modified_time\" content=\"2019-05-28T12:46:09+00:00\" \/>\n<meta property=\"og:image\" content=\"https:\/\/insurancecorp.com.br\/pt\/wp-content\/uploads\/2019\/05\/CVG-24.jpg\" \/>\n\t<meta property=\"og:image:width\" content=\"1000\" \/>\n\t<meta property=\"og:image:height\" content=\"534\" \/>\n<meta name=\"twitter:card\" content=\"summary\" \/>\n<script type=\"application\/ld+json\" class=\"yoast-schema-graph\">{\"@context\":\"https:\/\/schema.org\",\"@graph\":[{\"@type\":\"Organization\",\"@id\":\"https:\/\/insurancecorp.com.br\/pt\/#organization\",\"name\":\"Revista Insurance Corp\",\"url\":\"https:\/\/insurancecorp.com.br\/pt\/\",\"sameAs\":[\"https:\/\/www.facebook.com\/RevistaInsuranceCorp\/\"],\"logo\":{\"@type\":\"ImageObject\",\"@id\":\"https:\/\/insurancecorp.com.br\/pt\/#logo\",\"inLanguage\":\"pt-BR\",\"url\":\"\",\"caption\":\"Revista Insurance Corp\"},\"image\":{\"@id\":\"https:\/\/insurancecorp.com.br\/pt\/#logo\"}},{\"@type\":\"WebSite\",\"@id\":\"https:\/\/insurancecorp.com.br\/pt\/#website\",\"url\":\"https:\/\/insurancecorp.com.br\/pt\/\",\"name\":\"Revista Insurance Corp | PT-BR\",\"description\":\"A \\u00fanica revista bil\\u00edngue voltada ao mercado de seguro.\",\"publisher\":{\"@id\":\"https:\/\/insurancecorp.com.br\/pt\/#organization\"},\"potentialAction\":[{\"@type\":\"SearchAction\",\"target\":\"https:\/\/insurancecorp.com.br\/pt\/?s={search_term_string}\",\"query-input\":\"required name=search_term_string\"}],\"inLanguage\":\"pt-BR\"},{\"@type\":\"ImageObject\",\"@id\":\"https:\/\/insurancecorp.com.br\/pt\/2019\/05\/28\/especial-maio-amarelo-levantamento-aponta-aumento-de-quase-20-em-traumas-causados-por-acidentes-com-patinetes-e-outros-veiculos-alternativos\/#primaryimage\",\"inLanguage\":\"pt-BR\",\"url\":\"https:\/\/insurancecorp.com.br\/pt\/wp-content\/uploads\/2019\/05\/CVG-24.jpg\",\"width\":1000,\"height\":534},{\"@type\":\"WebPage\",\"@id\":\"https:\/\/insurancecorp.com.br\/pt\/2019\/05\/28\/especial-maio-amarelo-levantamento-aponta-aumento-de-quase-20-em-traumas-causados-por-acidentes-com-patinetes-e-outros-veiculos-alternativos\/#webpage\",\"url\":\"https:\/\/insurancecorp.com.br\/pt\/2019\/05\/28\/especial-maio-amarelo-levantamento-aponta-aumento-de-quase-20-em-traumas-causados-por-acidentes-com-patinetes-e-outros-veiculos-alternativos\/\",\"name\":\"Especial Maio Amarelo: Levantamento aponta aumento de quase 20% em traumas causados por acidentes com patinetes e outros ve\\u00edculos alternativos | Revista Insurance Corp | PT-BR\",\"isPartOf\":{\"@id\":\"https:\/\/insurancecorp.com.br\/pt\/#website\"},\"primaryImageOfPage\":{\"@id\":\"https:\/\/insurancecorp.com.br\/pt\/2019\/05\/28\/especial-maio-amarelo-levantamento-aponta-aumento-de-quase-20-em-traumas-causados-por-acidentes-com-patinetes-e-outros-veiculos-alternativos\/#primaryimage\"},\"datePublished\":\"2019-05-28T12:45:20+00:00\",\"dateModified\":\"2019-05-28T12:46:09+00:00\",\"inLanguage\":\"pt-BR\",\"potentialAction\":[{\"@type\":\"ReadAction\",\"target\":[\"https:\/\/insurancecorp.com.br\/pt\/2019\/05\/28\/especial-maio-amarelo-levantamento-aponta-aumento-de-quase-20-em-traumas-causados-por-acidentes-com-patinetes-e-outros-veiculos-alternativos\/\"]}]},{\"@type\":\"Article\",\"@id\":\"https:\/\/insurancecorp.com.br\/pt\/2019\/05\/28\/especial-maio-amarelo-levantamento-aponta-aumento-de-quase-20-em-traumas-causados-por-acidentes-com-patinetes-e-outros-veiculos-alternativos\/#article\",\"isPartOf\":{\"@id\":\"https:\/\/insurancecorp.com.br\/pt\/2019\/05\/28\/especial-maio-amarelo-levantamento-aponta-aumento-de-quase-20-em-traumas-causados-por-acidentes-com-patinetes-e-outros-veiculos-alternativos\/#webpage\"},\"author\":{\"@id\":\"https:\/\/insurancecorp.com.br\/pt\/#\/schema\/person\/1b69c8cf325f0b7167f1b171f52df4af\"},\"headline\":\"Especial Maio Amarelo: Levantamento aponta aumento de quase 20% em traumas causados por acidentes com patinetes e outros ve\\u00edculos alternativos\",\"datePublished\":\"2019-05-28T12:45:20+00:00\",\"dateModified\":\"2019-05-28T12:46:09+00:00\",\"mainEntityOfPage\":{\"@id\":\"https:\/\/insurancecorp.com.br\/pt\/2019\/05\/28\/especial-maio-amarelo-levantamento-aponta-aumento-de-quase-20-em-traumas-causados-por-acidentes-com-patinetes-e-outros-veiculos-alternativos\/#webpage\"},\"commentCount\":0,\"publisher\":{\"@id\":\"https:\/\/insurancecorp.com.br\/pt\/#organization\"},\"image\":{\"@id\":\"https:\/\/insurancecorp.com.br\/pt\/2019\/05\/28\/especial-maio-amarelo-levantamento-aponta-aumento-de-quase-20-em-traumas-causados-por-acidentes-com-patinetes-e-outros-veiculos-alternativos\/#primaryimage\"},\"articleSection\":\"L\\u00edder\",\"inLanguage\":\"pt-BR\",\"potentialAction\":[{\"@type\":\"CommentAction\",\"name\":\"Comment\",\"target\":[\"https:\/\/insurancecorp.com.br\/pt\/2019\/05\/28\/especial-maio-amarelo-levantamento-aponta-aumento-de-quase-20-em-traumas-causados-por-acidentes-com-patinetes-e-outros-veiculos-alternativos\/#respond\"]}]},{\"@type\":\"Person\",\"@id\":\"https:\/\/insurancecorp.com.br\/pt\/#\/schema\/person\/1b69c8cf325f0b7167f1b171f52df4af\",\"name\":\"Publica\\u00e7\\u00e3o\",\"image\":{\"@type\":\"ImageObject\",\"@id\":\"https:\/\/insurancecorp.com.br\/pt\/#personlogo\",\"inLanguage\":\"pt-BR\",\"url\":\"https:\/\/secure.gravatar.com\/avatar\/17226f1f60486eb25d4c6b301ffed37f?s=96&d=mm&r=g\",\"caption\":\"Publica\\u00e7\\u00e3o\"}}]}<\/script>\n<!-- \/ Yoast SEO plugin. -->","_links":{"self":[{"href":"https:\/\/insurancecorp.com.br\/pt\/wp-json\/wp\/v2\/posts\/8308"}],"collection":[{"href":"https:\/\/insurancecorp.com.br\/pt\/wp-json\/wp\/v2\/posts"}],"about":[{"href":"https:\/\/insurancecorp.com.br\/pt\/wp-json\/wp\/v2\/types\/post"}],"author":[{"embeddable":true,"href":"https:\/\/insurancecorp.com.br\/pt\/wp-json\/wp\/v2\/users\/2"}],"replies":[{"embeddable":true,"href":"https:\/\/insurancecorp.com.br\/pt\/wp-json\/wp\/v2\/comments?post=8308"}],"version-history":[{"count":1,"href":"https:\/\/insurancecorp.com.br\/pt\/wp-json\/wp\/v2\/posts\/8308\/revisions"}],"predecessor-version":[{"id":8311,"href":"https:\/\/insurancecorp.com.br\/pt\/wp-json\/wp\/v2\/posts\/8308\/revisions\/8311"}],"wp:featuredmedia":[{"embeddable":true,"href":"https:\/\/insurancecorp.com.br\/pt\/wp-json\/wp\/v2\/media\/8310"}],"wp:attachment":[{"href":"https:\/\/insurancecorp.com.br\/pt\/wp-json\/wp\/v2\/media?parent=8308"}],"wp:term":[{"taxonomy":"category","embeddable":true,"href":"https:\/\/insurancecorp.com.br\/pt\/wp-json\/wp\/v2\/categories?post=8308"},{"taxonomy":"post_tag","embeddable":true,"href":"https:\/\/insurancecorp.com.br\/pt\/wp-json\/wp\/v2\/tags?post=8308"}],"curies":[{"name":"wp","href":"https:\/\/api.w.org\/{rel}","templated":true}]}}