{"id":83069,"date":"2026-09-03T16:33:52","date_gmt":"2026-09-03T19:33:52","guid":{"rendered":"https:\/\/insurancecorp.com.br\/pt\/?p=83069"},"modified":"2026-09-03T16:33:52","modified_gmt":"2026-09-03T19:33:52","slug":"sancor-seguros-lanca-seguro-para-bicicletas-e-patinetes-eletricos","status":"publish","type":"post","link":"https:\/\/insurancecorp.com.br\/pt\/2026\/09\/03\/sancor-seguros-lanca-seguro-para-bicicletas-e-patinetes-eletricos\/","title":{"rendered":"Sancor Seguros lan\u00e7a seguro para bicicletas e patinetes el\u00e9tricos"},"content":{"rendered":"<p align=\"justify\">A <a href=\"https:\/\/www.sancorseguros.com.br\/\" target=\"_blank\" rel=\"noopener noreferrer\">Sancor Seguros<\/a>, opera\u00e7\u00e3o brasileira de uma das maiores seguradoras da Am\u00e9rica Latina e l\u00edder na Argentina, acaba de expandir sua linha de solu\u00e7\u00f5es com o lan\u00e7amento do Seguro Mobilidade, voltado \u00e0 prote\u00e7\u00e3o de bicicletas e patinetes el\u00e9tricos.<\/p>\n<p align=\"justify\">A novidade chega em um momento de avan\u00e7o da micromobilidade no Brasil e refor\u00e7a a estrat\u00e9gia da companhia de acompanhar novas formas de deslocamento e consumo. O produto contempla bicicletas convencionais e el\u00e9tricas, al\u00e9m de patinetes el\u00e9tricos, com foco em consumidores que utilizam esses equipamentos no dia a dia, no lazer, em treinos ou em competi\u00e7\u00f5es e buscam uma melhor prote\u00e7\u00e3o.<\/p>\n<p align=\"justify\">Segundo <a href=\"https:\/\/abraciclo.com.br\/wp-content\/uploads\/2026\/01\/Fechamento_do_mes_-_Dezembro_de_2025-Bicicleta.pdf\" target=\"_blank\" rel=\"noopener noreferrer\">relat\u00f3rio da Abraciclo<\/a>, a produ\u00e7\u00e3o de bicicletas el\u00e9tricas no pa\u00eds cresceu 80,5% em um ano, passando de 2.302 unidades em dezembro de 2024 para 4.155 em dezembro de 2025. J\u00e1 <a href=\"https:\/\/aliancabike.org.br\/dados-do-setor\/bicicletas-eletricas\/\" target=\"_blank\" rel=\"noopener noreferrer\">dados da Alian\u00e7a Bike<\/a> apontam que o segmento segue aquecido, com mais de 212 mil bikes el\u00e9tricas em circula\u00e7\u00e3o no pa\u00eds.<\/p>\n<h4 align=\"justify\">Mercado em expans\u00e3o e ambiente mais favor\u00e1vel<\/h4>\n<p align=\"justify\">O lan\u00e7amento tamb\u00e9m acompanha um momento de maior organiza\u00e7\u00e3o para o setor. Com o fim do prazo de transi\u00e7\u00e3o da Resolu\u00e7\u00e3o Contran n\u00ba 996\/2023, ficaram mais claras as regras para bicicletas el\u00e9tricas, patinetes e ciclomotores. A norma estabelece limite de at\u00e9 32 km\/h para que esses ve\u00edculos sejam enquadrados como equipamentos de mobilidade individual, sem exig\u00eancia de emplacamento e habilita\u00e7\u00e3o. Acima disso, passam a ser classificados como ciclomotores, com necessidade de registro e CNH.<\/p>\n<p align=\"justify\">Para a companhia, essa defini\u00e7\u00e3o traz mais previsibilidade ao mercado e favorece o desenvolvimento de solu\u00e7\u00f5es espec\u00edficas. \u201c<i>Essa regulamenta\u00e7\u00e3o oferece maior previsibilidade e com a padroniza\u00e7\u00e3o das caracter\u00edsticas que definem os meios de locomo\u00e7\u00e3o el\u00e9tricos, torna-se poss\u00edvel estabelecer crit\u00e9rios mais claros no desenho de um produto como este que estamos lan\u00e7ando<\/i>\u201d, explica Alexandro Sanxes, Superintendente de Riscos T\u00e9cnicos da Sancor Seguros.<\/p>\n<p align=\"justify\">Al\u00e9m da evolu\u00e7\u00e3o regulat\u00f3ria, o ambiente de investimentos tamb\u00e9m refor\u00e7a o potencial desse segmento. Com os investimentos federais de <a href=\"https:\/\/agenciagov.ebc.com.br\/noticias\/202603\/ministerio-das-cidades-investe-r-51-4-bilhoes-em-mobilidade-urbana?utm_source=chatgpt.com\" target=\"_blank\" rel=\"noopener noreferrer\">R$ 51,4 bilh\u00f5es em mobilidade urbana desde 2023<\/a>, a tend\u00eancia \u00e9 que as cidades brasileiras se tornem cada vez mais preparadas para receber esses modais, consolidando a micromobilidade como parte estruturante do sistema de transportes e uma frente promissora para corretores e seguradoras.<\/p>\n<h4 align=\"justify\">Prote\u00e7\u00e3o acompanha diferentes formas de uso<\/h4>\n<p align=\"justify\">O Seguro Mobilidade da Sancor foi estruturado para acompanhar o cliente em diferentes momentos de uso. A cobertura b\u00e1sica garante indeniza\u00e7\u00e3o em casos de danos por acidentes, danos durante o transporte, roubo mediante amea\u00e7a e furto qualificado.<\/p>\n<p align=\"justify\">A prote\u00e7\u00e3o tamb\u00e9m se estende ao per\u00edodo em que o equipamento estiver guardado na resid\u00eancia do segurado ou em biciclet\u00e1rios, al\u00e9m de contemplar o uso em passeios, treinos e competi\u00e7\u00f5es amadoras ou profissionais. Com isso, a ap\u00f3lice cobre n\u00e3o apenas a circula\u00e7\u00e3o, mas todo o ciclo de uso do bem.<\/p>\n<p align=\"justify\">O usu\u00e1rio ainda pode contratar coberturas adicionais para danos el\u00e9tricos e responsabilidade civil, com amparo para preju\u00edzos materiais e corporais causados involuntariamente a terceiros. Outro diferencial \u00e9 a possibilidade de estender a cobertura para at\u00e9 tr\u00eas pessoas autorizadas a utilizar a bicicleta durante a vig\u00eancia da ap\u00f3lice.<\/p>\n<p align=\"justify\">Esse crescimento acelerado da micromobilidade tamb\u00e9m trouxe novos desafios de seguran\u00e7a nas m\u00e9dias e grandes cidades brasileiras, j\u00e1 que o alto valor agregado desses ve\u00edculos e seu f\u00e1cil transporte tem os tornado alvos atrativos para criminosos. \u201c<i>O cliente adquire um equipamento esportivo ou de locomo\u00e7\u00e3o di\u00e1ria de alto valor e precisa de uma camada extra de prote\u00e7\u00e3o para rodar tranquilamente. Nosso principal objetivo \u00e9 oferecer e entregar toda essa prote\u00e7\u00e3o de forma descomplicada<\/i>\u201d, afirma Sanxes.<\/p>\n<p align=\"justify\"><strong>Trama Comunica\u00e7\u00e3o<\/strong><\/p>\n","protected":false},"excerpt":{"rendered":"<p>A Sancor Seguros, opera\u00e7\u00e3o brasileira de uma das maiores seguradoras da Am\u00e9rica Latina e l\u00edder na Argentina, acaba de expandir sua linha de solu\u00e7\u00f5es com o lan\u00e7amento do Seguro Mobilidade, voltado \u00e0 prote\u00e7\u00e3o de bicicletas e patinetes el\u00e9tricos. A novidade chega em um momento de avan\u00e7o da micromobilidade no Brasil e refor\u00e7a a estrat\u00e9gia da [&hellip;]<\/p>\n","protected":false},"author":2,"featured_media":83071,"comment_status":"open","ping_status":"open","sticky":false,"template":"","format":"standard","meta":[],"categories":[142],"tags":[8951],"jetpack_featured_media_url":"https:\/\/insurancecorp.com.br\/pt\/wp-content\/uploads\/2026\/09\/2908cad5399965d8cb4c362775924f92_medium.jpg","yoast_head":"<!-- This site is optimized with the Yoast SEO plugin v14.8 - https:\/\/yoast.com\/wordpress\/plugins\/seo\/ -->\n<title>Sancor Seguros lan\u00e7a seguro para bicicletas e patinetes el\u00e9tricos | Revista Insurance Corp | PT-BR<\/title>\n<meta name=\"robots\" content=\"index, follow\" \/>\n<meta name=\"googlebot\" content=\"index, follow, max-snippet:-1, max-image-preview:large, max-video-preview:-1\" \/>\n<meta name=\"bingbot\" content=\"index, follow, max-snippet:-1, max-image-preview:large, max-video-preview:-1\" \/>\n<link rel=\"canonical\" href=\"https:\/\/insurancecorp.com.br\/pt\/2026\/09\/03\/sancor-seguros-lanca-seguro-para-bicicletas-e-patinetes-eletricos\/\" \/>\n<meta property=\"og:locale\" content=\"pt_BR\" \/>\n<meta property=\"og:type\" content=\"article\" \/>\n<meta property=\"og:title\" content=\"Sancor Seguros lan\u00e7a seguro para bicicletas e patinetes el\u00e9tricos | Revista Insurance Corp | PT-BR\" \/>\n<meta property=\"og:description\" content=\"A Sancor Seguros, opera\u00e7\u00e3o brasileira de uma das maiores seguradoras da Am\u00e9rica Latina e l\u00edder na Argentina, acaba de expandir sua linha de solu\u00e7\u00f5es com o lan\u00e7amento do Seguro Mobilidade, voltado \u00e0 prote\u00e7\u00e3o de bicicletas e patinetes el\u00e9tricos. A novidade chega em um momento de avan\u00e7o da micromobilidade no Brasil e refor\u00e7a a estrat\u00e9gia da [&hellip;]\" \/>\n<meta property=\"og:url\" content=\"https:\/\/insurancecorp.com.br\/pt\/2026\/09\/03\/sancor-seguros-lanca-seguro-para-bicicletas-e-patinetes-eletricos\/\" \/>\n<meta property=\"og:site_name\" content=\"Revista Insurance Corp | PT-BR\" \/>\n<meta property=\"article:publisher\" content=\"https:\/\/www.facebook.com\/RevistaInsuranceCorp\/\" \/>\n<meta property=\"article:published_time\" content=\"2026-09-03T19:33:52+00:00\" \/>\n<meta property=\"og:image\" content=\"https:\/\/insurancecorp.com.br\/pt\/wp-content\/uploads\/2026\/09\/2908cad5399965d8cb4c362775924f92_medium.jpg\" \/>\n\t<meta property=\"og:image:width\" content=\"300\" \/>\n\t<meta property=\"og:image:height\" content=\"200\" \/>\n<meta name=\"twitter:card\" content=\"summary\" \/>\n<script type=\"application\/ld+json\" class=\"yoast-schema-graph\">{\"@context\":\"https:\/\/schema.org\",\"@graph\":[{\"@type\":\"Organization\",\"@id\":\"https:\/\/insurancecorp.com.br\/pt\/#organization\",\"name\":\"Revista Insurance Corp\",\"url\":\"https:\/\/insurancecorp.com.br\/pt\/\",\"sameAs\":[\"https:\/\/www.facebook.com\/RevistaInsuranceCorp\/\"],\"logo\":{\"@type\":\"ImageObject\",\"@id\":\"https:\/\/insurancecorp.com.br\/pt\/#logo\",\"inLanguage\":\"pt-BR\",\"url\":\"\",\"caption\":\"Revista Insurance Corp\"},\"image\":{\"@id\":\"https:\/\/insurancecorp.com.br\/pt\/#logo\"}},{\"@type\":\"WebSite\",\"@id\":\"https:\/\/insurancecorp.com.br\/pt\/#website\",\"url\":\"https:\/\/insurancecorp.com.br\/pt\/\",\"name\":\"Revista Insurance Corp | PT-BR\",\"description\":\"A \\u00fanica revista bil\\u00edngue voltada ao mercado de seguro.\",\"publisher\":{\"@id\":\"https:\/\/insurancecorp.com.br\/pt\/#organization\"},\"potentialAction\":[{\"@type\":\"SearchAction\",\"target\":\"https:\/\/insurancecorp.com.br\/pt\/?s={search_term_string}\",\"query-input\":\"required name=search_term_string\"}],\"inLanguage\":\"pt-BR\"},{\"@type\":\"ImageObject\",\"@id\":\"https:\/\/insurancecorp.com.br\/pt\/2026\/09\/03\/sancor-seguros-lanca-seguro-para-bicicletas-e-patinetes-eletricos\/#primaryimage\",\"inLanguage\":\"pt-BR\",\"url\":\"https:\/\/insurancecorp.com.br\/pt\/wp-content\/uploads\/2026\/09\/2908cad5399965d8cb4c362775924f92_medium.jpg\",\"width\":300,\"height\":200},{\"@type\":\"WebPage\",\"@id\":\"https:\/\/insurancecorp.com.br\/pt\/2026\/09\/03\/sancor-seguros-lanca-seguro-para-bicicletas-e-patinetes-eletricos\/#webpage\",\"url\":\"https:\/\/insurancecorp.com.br\/pt\/2026\/09\/03\/sancor-seguros-lanca-seguro-para-bicicletas-e-patinetes-eletricos\/\",\"name\":\"Sancor Seguros lan\\u00e7a seguro para bicicletas e patinetes el\\u00e9tricos | Revista Insurance Corp | PT-BR\",\"isPartOf\":{\"@id\":\"https:\/\/insurancecorp.com.br\/pt\/#website\"},\"primaryImageOfPage\":{\"@id\":\"https:\/\/insurancecorp.com.br\/pt\/2026\/09\/03\/sancor-seguros-lanca-seguro-para-bicicletas-e-patinetes-eletricos\/#primaryimage\"},\"datePublished\":\"2026-09-03T19:33:52+00:00\",\"dateModified\":\"2026-09-03T19:33:52+00:00\",\"inLanguage\":\"pt-BR\",\"potentialAction\":[{\"@type\":\"ReadAction\",\"target\":[\"https:\/\/insurancecorp.com.br\/pt\/2026\/09\/03\/sancor-seguros-lanca-seguro-para-bicicletas-e-patinetes-eletricos\/\"]}]},{\"@type\":\"Article\",\"@id\":\"https:\/\/insurancecorp.com.br\/pt\/2026\/09\/03\/sancor-seguros-lanca-seguro-para-bicicletas-e-patinetes-eletricos\/#article\",\"isPartOf\":{\"@id\":\"https:\/\/insurancecorp.com.br\/pt\/2026\/09\/03\/sancor-seguros-lanca-seguro-para-bicicletas-e-patinetes-eletricos\/#webpage\"},\"author\":{\"@id\":\"https:\/\/insurancecorp.com.br\/pt\/#\/schema\/person\/1b69c8cf325f0b7167f1b171f52df4af\"},\"headline\":\"Sancor Seguros lan\\u00e7a seguro para bicicletas e patinetes el\\u00e9tricos\",\"datePublished\":\"2026-09-03T19:33:52+00:00\",\"dateModified\":\"2026-09-03T19:33:52+00:00\",\"mainEntityOfPage\":{\"@id\":\"https:\/\/insurancecorp.com.br\/pt\/2026\/09\/03\/sancor-seguros-lanca-seguro-para-bicicletas-e-patinetes-eletricos\/#webpage\"},\"commentCount\":0,\"publisher\":{\"@id\":\"https:\/\/insurancecorp.com.br\/pt\/#organization\"},\"image\":{\"@id\":\"https:\/\/insurancecorp.com.br\/pt\/2026\/09\/03\/sancor-seguros-lanca-seguro-para-bicicletas-e-patinetes-eletricos\/#primaryimage\"},\"keywords\":\"Sancor Seguros\",\"articleSection\":\"Sancor Seguros\",\"inLanguage\":\"pt-BR\",\"potentialAction\":[{\"@type\":\"CommentAction\",\"name\":\"Comment\",\"target\":[\"https:\/\/insurancecorp.com.br\/pt\/2026\/09\/03\/sancor-seguros-lanca-seguro-para-bicicletas-e-patinetes-eletricos\/#respond\"]}]},{\"@type\":\"Person\",\"@id\":\"https:\/\/insurancecorp.com.br\/pt\/#\/schema\/person\/1b69c8cf325f0b7167f1b171f52df4af\",\"name\":\"Publica\\u00e7\\u00e3o\",\"image\":{\"@type\":\"ImageObject\",\"@id\":\"https:\/\/insurancecorp.com.br\/pt\/#personlogo\",\"inLanguage\":\"pt-BR\",\"url\":\"https:\/\/secure.gravatar.com\/avatar\/17226f1f60486eb25d4c6b301ffed37f?s=96&d=mm&r=g\",\"caption\":\"Publica\\u00e7\\u00e3o\"}}]}<\/script>\n<!-- \/ Yoast SEO plugin. -->","_links":{"self":[{"href":"https:\/\/insurancecorp.com.br\/pt\/wp-json\/wp\/v2\/posts\/83069"}],"collection":[{"href":"https:\/\/insurancecorp.com.br\/pt\/wp-json\/wp\/v2\/posts"}],"about":[{"href":"https:\/\/insurancecorp.com.br\/pt\/wp-json\/wp\/v2\/types\/post"}],"author":[{"embeddable":true,"href":"https:\/\/insurancecorp.com.br\/pt\/wp-json\/wp\/v2\/users\/2"}],"replies":[{"embeddable":true,"href":"https:\/\/insurancecorp.com.br\/pt\/wp-json\/wp\/v2\/comments?post=83069"}],"version-history":[{"count":1,"href":"https:\/\/insurancecorp.com.br\/pt\/wp-json\/wp\/v2\/posts\/83069\/revisions"}],"predecessor-version":[{"id":83072,"href":"https:\/\/insurancecorp.com.br\/pt\/wp-json\/wp\/v2\/posts\/83069\/revisions\/83072"}],"wp:featuredmedia":[{"embeddable":true,"href":"https:\/\/insurancecorp.com.br\/pt\/wp-json\/wp\/v2\/media\/83071"}],"wp:attachment":[{"href":"https:\/\/insurancecorp.com.br\/pt\/wp-json\/wp\/v2\/media?parent=83069"}],"wp:term":[{"taxonomy":"category","embeddable":true,"href":"https:\/\/insurancecorp.com.br\/pt\/wp-json\/wp\/v2\/categories?post=83069"},{"taxonomy":"post_tag","embeddable":true,"href":"https:\/\/insurancecorp.com.br\/pt\/wp-json\/wp\/v2\/tags?post=83069"}],"curies":[{"name":"wp","href":"https:\/\/api.w.org\/{rel}","templated":true}]}}