{"id":83063,"date":"2026-09-03T16:26:07","date_gmt":"2026-09-03T19:26:07","guid":{"rendered":"https:\/\/insurancecorp.com.br\/pt\/?p=83063"},"modified":"2026-09-03T16:26:07","modified_gmt":"2026-09-03T19:26:07","slug":"viagem-do-pasi-se-encerra-com-a-premiacao-dos-corretores-destaque-de-2025-nos-lencois-maranhenses","status":"publish","type":"post","link":"https:\/\/insurancecorp.com.br\/pt\/2026\/09\/03\/viagem-do-pasi-se-encerra-com-a-premiacao-dos-corretores-destaque-de-2025-nos-lencois-maranhenses\/","title":{"rendered":"Viagem do PASI se encerra com a premia\u00e7\u00e3o dos corretores destaque de 2025 nos Len\u00e7\u00f3is Maranhenses"},"content":{"rendered":"<p align=\"justify\"><i>Entre um dia de praia e uma cerim\u00f4nia de premia\u00e7\u00e3o, o \u00faltimo dia da viagem reuniu executivos do PASI e da Icatu Seguros para reconhecer os corretores premiados e revelar o pr\u00f3ximo destino da campanha.<\/i><\/p>\n<p align=\"justify\">Os \u00faltimos dias da viagem do Decole com os Influenciadores PASI reservaram momentos de descanso, celebra\u00e7\u00e3o e reconhecimento nos Len\u00e7\u00f3is Maranhenses. Depois de dias incr\u00edveis, o grupo de corretores aproveitou o litoral maranhense antes da cerim\u00f4nia.<\/p>\n<p align=\"justify\">O pen\u00faltimo dia foi dedicado \u00e0 praia. Em ritmo tranquilo, os premiados e seus acompanhantes aproveitaram o cen\u00e1rio para relaxar e confraternizar.<\/p>\n<p align=\"justify\">\u00c0 noite, um jantar especial marcou o encerramento da viagem e reuniu o grupo para a cerim\u00f4nia de premia\u00e7\u00e3o. Conduzida por B\u00e1rbara Capurucho, superintendente da companhia, a celebra\u00e7\u00e3o levou ao palco a presidente do PASI, Fabiana Resende; o fundador do PASI, Alaor Silva Junior; o Diretor Financeiro, de Opera\u00e7\u00f5es e Tecnologia do PASI, Philippe Marrocos; e o Diretor Comercial da Icatu Seguros, Felipe Grossi, refor\u00e7ando a parceria entre as duas empresas na realiza\u00e7\u00e3o da campanha.<\/p>\n<p align=\"justify\">Os corretores premiados receberam seus trof\u00e9us em reconhecimento aos resultados constru\u00eddos ao longo de 2025.<\/p>\n<p align=\"justify\">Para fechar a noite, o PASI anunciou aos presentes que a campanha ter\u00e1 uma nova edi\u00e7\u00e3o em 2027, com o pr\u00f3ximo destino apresentado em primeira m\u00e3o ao grupo.<\/p>\n<p align=\"justify\">Veja como foi a viagem completa:<\/p>\n<p align=\"justify\">Link: <a href=\"https:\/\/youtu.be\/G3Gm5D65eAU?si=a6nbWdcaVy8uX1IS\" target=\"_blank\" rel=\"noopener noreferrer\">https:\/\/youtu.be\/G3Gm5D65eAU?si=a6nbWdcaVy8uX1IS<\/a><\/p>\n<p align=\"justify\"><strong>Assessoria de Imprensa PASI<\/strong><\/p>\n","protected":false},"excerpt":{"rendered":"<p>Entre um dia de praia e uma cerim\u00f4nia de premia\u00e7\u00e3o, o \u00faltimo dia da viagem reuniu executivos do PASI e da Icatu Seguros para reconhecer os corretores premiados e revelar o pr\u00f3ximo destino da campanha. Os \u00faltimos dias da viagem do Decole com os Influenciadores PASI reservaram momentos de descanso, celebra\u00e7\u00e3o e reconhecimento nos Len\u00e7\u00f3is [&hellip;]<\/p>\n","protected":false},"author":2,"featured_media":83064,"comment_status":"open","ping_status":"open","sticky":false,"template":"","format":"standard","meta":[],"categories":[1],"tags":[17570,2829,17663,811],"jetpack_featured_media_url":"https:\/\/insurancecorp.com.br\/pt\/wp-content\/uploads\/2026\/09\/images.jpeg","yoast_head":"<!-- This site is optimized with the Yoast SEO plugin v14.8 - https:\/\/yoast.com\/wordpress\/plugins\/seo\/ -->\n<title>Viagem do PASI se encerra com a premia\u00e7\u00e3o dos corretores destaque de 2025 nos Len\u00e7\u00f3is Maranhenses | Revista Insurance Corp | PT-BR<\/title>\n<meta name=\"robots\" content=\"index, follow\" \/>\n<meta name=\"googlebot\" content=\"index, follow, max-snippet:-1, max-image-preview:large, max-video-preview:-1\" \/>\n<meta name=\"bingbot\" content=\"index, follow, max-snippet:-1, max-image-preview:large, max-video-preview:-1\" \/>\n<link rel=\"canonical\" href=\"https:\/\/insurancecorp.com.br\/pt\/2026\/09\/03\/viagem-do-pasi-se-encerra-com-a-premiacao-dos-corretores-destaque-de-2025-nos-lencois-maranhenses\/\" \/>\n<meta property=\"og:locale\" content=\"pt_BR\" \/>\n<meta property=\"og:type\" content=\"article\" \/>\n<meta property=\"og:title\" content=\"Viagem do PASI se encerra com a premia\u00e7\u00e3o dos corretores destaque de 2025 nos Len\u00e7\u00f3is Maranhenses | Revista Insurance Corp | PT-BR\" \/>\n<meta property=\"og:description\" content=\"Entre um dia de praia e uma cerim\u00f4nia de premia\u00e7\u00e3o, o \u00faltimo dia da viagem reuniu executivos do PASI e da Icatu Seguros para reconhecer os corretores premiados e revelar o pr\u00f3ximo destino da campanha. Os \u00faltimos dias da viagem do Decole com os Influenciadores PASI reservaram momentos de descanso, celebra\u00e7\u00e3o e reconhecimento nos Len\u00e7\u00f3is [&hellip;]\" \/>\n<meta property=\"og:url\" content=\"https:\/\/insurancecorp.com.br\/pt\/2026\/09\/03\/viagem-do-pasi-se-encerra-com-a-premiacao-dos-corretores-destaque-de-2025-nos-lencois-maranhenses\/\" \/>\n<meta property=\"og:site_name\" content=\"Revista Insurance Corp | PT-BR\" \/>\n<meta property=\"article:publisher\" content=\"https:\/\/www.facebook.com\/RevistaInsuranceCorp\/\" \/>\n<meta property=\"article:published_time\" content=\"2026-09-03T19:26:07+00:00\" \/>\n<meta property=\"og:image\" content=\"https:\/\/insurancecorp.com.br\/pt\/wp-content\/uploads\/2026\/09\/images.jpeg\" \/>\n\t<meta property=\"og:image:width\" content=\"387\" \/>\n\t<meta property=\"og:image:height\" content=\"185\" \/>\n<meta name=\"twitter:card\" content=\"summary\" \/>\n<script type=\"application\/ld+json\" class=\"yoast-schema-graph\">{\"@context\":\"https:\/\/schema.org\",\"@graph\":[{\"@type\":\"Organization\",\"@id\":\"https:\/\/insurancecorp.com.br\/pt\/#organization\",\"name\":\"Revista Insurance Corp\",\"url\":\"https:\/\/insurancecorp.com.br\/pt\/\",\"sameAs\":[\"https:\/\/www.facebook.com\/RevistaInsuranceCorp\/\"],\"logo\":{\"@type\":\"ImageObject\",\"@id\":\"https:\/\/insurancecorp.com.br\/pt\/#logo\",\"inLanguage\":\"pt-BR\",\"url\":\"\",\"caption\":\"Revista Insurance Corp\"},\"image\":{\"@id\":\"https:\/\/insurancecorp.com.br\/pt\/#logo\"}},{\"@type\":\"WebSite\",\"@id\":\"https:\/\/insurancecorp.com.br\/pt\/#website\",\"url\":\"https:\/\/insurancecorp.com.br\/pt\/\",\"name\":\"Revista Insurance Corp | PT-BR\",\"description\":\"A \\u00fanica revista bil\\u00edngue voltada ao mercado de seguro.\",\"publisher\":{\"@id\":\"https:\/\/insurancecorp.com.br\/pt\/#organization\"},\"potentialAction\":[{\"@type\":\"SearchAction\",\"target\":\"https:\/\/insurancecorp.com.br\/pt\/?s={search_term_string}\",\"query-input\":\"required name=search_term_string\"}],\"inLanguage\":\"pt-BR\"},{\"@type\":\"ImageObject\",\"@id\":\"https:\/\/insurancecorp.com.br\/pt\/2026\/09\/03\/viagem-do-pasi-se-encerra-com-a-premiacao-dos-corretores-destaque-de-2025-nos-lencois-maranhenses\/#primaryimage\",\"inLanguage\":\"pt-BR\",\"url\":\"https:\/\/insurancecorp.com.br\/pt\/wp-content\/uploads\/2026\/09\/images.jpeg\",\"width\":387,\"height\":185},{\"@type\":\"WebPage\",\"@id\":\"https:\/\/insurancecorp.com.br\/pt\/2026\/09\/03\/viagem-do-pasi-se-encerra-com-a-premiacao-dos-corretores-destaque-de-2025-nos-lencois-maranhenses\/#webpage\",\"url\":\"https:\/\/insurancecorp.com.br\/pt\/2026\/09\/03\/viagem-do-pasi-se-encerra-com-a-premiacao-dos-corretores-destaque-de-2025-nos-lencois-maranhenses\/\",\"name\":\"Viagem do PASI se encerra com a premia\\u00e7\\u00e3o dos corretores destaque de 2025 nos Len\\u00e7\\u00f3is Maranhenses | Revista Insurance Corp | PT-BR\",\"isPartOf\":{\"@id\":\"https:\/\/insurancecorp.com.br\/pt\/#website\"},\"primaryImageOfPage\":{\"@id\":\"https:\/\/insurancecorp.com.br\/pt\/2026\/09\/03\/viagem-do-pasi-se-encerra-com-a-premiacao-dos-corretores-destaque-de-2025-nos-lencois-maranhenses\/#primaryimage\"},\"datePublished\":\"2026-09-03T19:26:07+00:00\",\"dateModified\":\"2026-09-03T19:26:07+00:00\",\"inLanguage\":\"pt-BR\",\"potentialAction\":[{\"@type\":\"ReadAction\",\"target\":[\"https:\/\/insurancecorp.com.br\/pt\/2026\/09\/03\/viagem-do-pasi-se-encerra-com-a-premiacao-dos-corretores-destaque-de-2025-nos-lencois-maranhenses\/\"]}]},{\"@type\":\"Article\",\"@id\":\"https:\/\/insurancecorp.com.br\/pt\/2026\/09\/03\/viagem-do-pasi-se-encerra-com-a-premiacao-dos-corretores-destaque-de-2025-nos-lencois-maranhenses\/#article\",\"isPartOf\":{\"@id\":\"https:\/\/insurancecorp.com.br\/pt\/2026\/09\/03\/viagem-do-pasi-se-encerra-com-a-premiacao-dos-corretores-destaque-de-2025-nos-lencois-maranhenses\/#webpage\"},\"author\":{\"@id\":\"https:\/\/insurancecorp.com.br\/pt\/#\/schema\/person\/1b69c8cf325f0b7167f1b171f52df4af\"},\"headline\":\"Viagem do PASI se encerra com a premia\\u00e7\\u00e3o dos corretores destaque de 2025 nos Len\\u00e7\\u00f3is Maranhenses\",\"datePublished\":\"2026-09-03T19:26:07+00:00\",\"dateModified\":\"2026-09-03T19:26:07+00:00\",\"mainEntityOfPage\":{\"@id\":\"https:\/\/insurancecorp.com.br\/pt\/2026\/09\/03\/viagem-do-pasi-se-encerra-com-a-premiacao-dos-corretores-destaque-de-2025-nos-lencois-maranhenses\/#webpage\"},\"commentCount\":0,\"publisher\":{\"@id\":\"https:\/\/insurancecorp.com.br\/pt\/#organization\"},\"image\":{\"@id\":\"https:\/\/insurancecorp.com.br\/pt\/2026\/09\/03\/viagem-do-pasi-se-encerra-com-a-premiacao-dos-corretores-destaque-de-2025-nos-lencois-maranhenses\/#primaryimage\"},\"keywords\":\"Len\\u00e7\\u00f3is Maranhenses,PASI,premia\\u00e7\\u00e3o dos corretores destaque de 2025,viagem\",\"articleSection\":\"sem-categoria\",\"inLanguage\":\"pt-BR\",\"potentialAction\":[{\"@type\":\"CommentAction\",\"name\":\"Comment\",\"target\":[\"https:\/\/insurancecorp.com.br\/pt\/2026\/09\/03\/viagem-do-pasi-se-encerra-com-a-premiacao-dos-corretores-destaque-de-2025-nos-lencois-maranhenses\/#respond\"]}]},{\"@type\":\"Person\",\"@id\":\"https:\/\/insurancecorp.com.br\/pt\/#\/schema\/person\/1b69c8cf325f0b7167f1b171f52df4af\",\"name\":\"Publica\\u00e7\\u00e3o\",\"image\":{\"@type\":\"ImageObject\",\"@id\":\"https:\/\/insurancecorp.com.br\/pt\/#personlogo\",\"inLanguage\":\"pt-BR\",\"url\":\"https:\/\/secure.gravatar.com\/avatar\/17226f1f60486eb25d4c6b301ffed37f?s=96&d=mm&r=g\",\"caption\":\"Publica\\u00e7\\u00e3o\"}}]}<\/script>\n<!-- \/ Yoast SEO plugin. -->","_links":{"self":[{"href":"https:\/\/insurancecorp.com.br\/pt\/wp-json\/wp\/v2\/posts\/83063"}],"collection":[{"href":"https:\/\/insurancecorp.com.br\/pt\/wp-json\/wp\/v2\/posts"}],"about":[{"href":"https:\/\/insurancecorp.com.br\/pt\/wp-json\/wp\/v2\/types\/post"}],"author":[{"embeddable":true,"href":"https:\/\/insurancecorp.com.br\/pt\/wp-json\/wp\/v2\/users\/2"}],"replies":[{"embeddable":true,"href":"https:\/\/insurancecorp.com.br\/pt\/wp-json\/wp\/v2\/comments?post=83063"}],"version-history":[{"count":1,"href":"https:\/\/insurancecorp.com.br\/pt\/wp-json\/wp\/v2\/posts\/83063\/revisions"}],"predecessor-version":[{"id":83066,"href":"https:\/\/insurancecorp.com.br\/pt\/wp-json\/wp\/v2\/posts\/83063\/revisions\/83066"}],"wp:featuredmedia":[{"embeddable":true,"href":"https:\/\/insurancecorp.com.br\/pt\/wp-json\/wp\/v2\/media\/83064"}],"wp:attachment":[{"href":"https:\/\/insurancecorp.com.br\/pt\/wp-json\/wp\/v2\/media?parent=83063"}],"wp:term":[{"taxonomy":"category","embeddable":true,"href":"https:\/\/insurancecorp.com.br\/pt\/wp-json\/wp\/v2\/categories?post=83063"},{"taxonomy":"post_tag","embeddable":true,"href":"https:\/\/insurancecorp.com.br\/pt\/wp-json\/wp\/v2\/tags?post=83063"}],"curies":[{"name":"wp","href":"https:\/\/api.w.org\/{rel}","templated":true}]}}