{"id":83062,"date":"2026-09-03T16:26:24","date_gmt":"2026-09-03T19:26:24","guid":{"rendered":"https:\/\/insurancecorp.com.br\/pt\/?p=83062"},"modified":"2026-09-03T16:26:24","modified_gmt":"2026-09-03T19:26:24","slug":"ccs-rj-realiza-cafe-com-sinergia-em-parceria-com-a-porto","status":"publish","type":"post","link":"https:\/\/insurancecorp.com.br\/pt\/2026\/09\/03\/ccs-rj-realiza-cafe-com-sinergia-em-parceria-com-a-porto\/","title":{"rendered":"CCS-RJ realiza &#8216;Caf\u00e9 com Sinergia&#8217; em parceria com a Porto"},"content":{"rendered":"<p align=\"justify\">O Clube dos Corretores de Seguros do Rio de Janeiro (CCS-RJ) realiza, no pr\u00f3ximo dia 10 de setembro, \u00e0s 10h, em sua sede no Centro do Rio, mais uma edi\u00e7\u00e3o do tradicional \u201cCaf\u00e9 com Sinergia\u201d. Desta vez, o encontro ser\u00e1 promovido em parceria com a Porto e abordar\u00e1 as principais novidades e atualiza\u00e7\u00f5es do produto Vida da seguradora.<\/p>\n<p align=\"justify\">Para conduzir a apresenta\u00e7\u00e3o e debater as tend\u00eancias do mercado, o evento contar\u00e1 com as presen\u00e7as de Gabriel Passos, Gerente Sucursal Grande Rio, e Diego Olimpio, Consultor de Neg\u00f3cios Vida da Porto.<\/p>\n<p align=\"justify\">O \u201cCaf\u00e9 com Sinergia\u201d tem como objetivo fortalecer o relacionamento entre os corretores e as seguradoras parceiras, promovendo a troca de experi\u00eancias e o compartilhamento de informa\u00e7\u00f5es estrat\u00e9gicas.<\/p>\n<p align=\"justify\">O evento \u00e9 gratuito e as vagas limitadas. Para participar \u00e9 necess\u00e1rio preencher o formul\u00e1rio no link abaixo:<\/p>\n<p align=\"justify\"><a href=\"https:\/\/forms.gle\/kLodpDsyWEVUx8Pa6\" target=\"_blank\" rel=\"noopener noreferrer\">https:\/\/forms.gle\/kLodpDsyWEVUx8Pa6<\/a><\/p>\n<h4 align=\"justify\">Servi\u00e7o:<\/h4>\n<p align=\"justify\"><b>Evento:<\/b> Caf\u00e9 com Sinergia \u2013 Novidades do produto Vida na Porto<br \/>\n<b>Data:<\/b> 10 de setembro de 2026<br \/>\n<b>Hor\u00e1rio:<\/b> 10h<br \/>\n<b>Local:<\/b> Sede do CCS-RJ (Rua da Quitanda, 159 &#8211; 11\u00ba andar, Centro \u2013 Rio de Janeiro\/RJ)<\/p>\n<p align=\"justify\"><strong>VTN Comunica\u00e7\u00e3o<\/strong><\/p>\n","protected":false},"excerpt":{"rendered":"<p>O Clube dos Corretores de Seguros do Rio de Janeiro (CCS-RJ) realiza, no pr\u00f3ximo dia 10 de setembro, \u00e0s 10h, em sua sede no Centro do Rio, mais uma edi\u00e7\u00e3o do tradicional \u201cCaf\u00e9 com Sinergia\u201d. Desta vez, o encontro ser\u00e1 promovido em parceria com a Porto e abordar\u00e1 as principais novidades e atualiza\u00e7\u00f5es do produto [&hellip;]<\/p>\n","protected":false},"author":2,"featured_media":83065,"comment_status":"open","ping_status":"open","sticky":false,"template":"","format":"standard","meta":[],"categories":[119],"tags":[15789,776,2853],"jetpack_featured_media_url":"https:\/\/insurancecorp.com.br\/pt\/wp-content\/uploads\/2026\/09\/image004.jpg","yoast_head":"<!-- This site is optimized with the Yoast SEO plugin v14.8 - https:\/\/yoast.com\/wordpress\/plugins\/seo\/ -->\n<title>CCS-RJ realiza &#039;Caf\u00e9 com Sinergia&#039; em parceria com a Porto | Revista Insurance Corp | PT-BR<\/title>\n<meta name=\"robots\" content=\"index, follow\" \/>\n<meta name=\"googlebot\" content=\"index, follow, max-snippet:-1, max-image-preview:large, max-video-preview:-1\" \/>\n<meta name=\"bingbot\" content=\"index, follow, max-snippet:-1, max-image-preview:large, max-video-preview:-1\" \/>\n<link rel=\"canonical\" href=\"https:\/\/insurancecorp.com.br\/pt\/2026\/09\/03\/ccs-rj-realiza-cafe-com-sinergia-em-parceria-com-a-porto\/\" \/>\n<meta property=\"og:locale\" content=\"pt_BR\" \/>\n<meta property=\"og:type\" content=\"article\" \/>\n<meta property=\"og:title\" content=\"CCS-RJ realiza &#039;Caf\u00e9 com Sinergia&#039; em parceria com a Porto | Revista Insurance Corp | PT-BR\" \/>\n<meta property=\"og:description\" content=\"O Clube dos Corretores de Seguros do Rio de Janeiro (CCS-RJ) realiza, no pr\u00f3ximo dia 10 de setembro, \u00e0s 10h, em sua sede no Centro do Rio, mais uma edi\u00e7\u00e3o do tradicional \u201cCaf\u00e9 com Sinergia\u201d. Desta vez, o encontro ser\u00e1 promovido em parceria com a Porto e abordar\u00e1 as principais novidades e atualiza\u00e7\u00f5es do produto [&hellip;]\" \/>\n<meta property=\"og:url\" content=\"https:\/\/insurancecorp.com.br\/pt\/2026\/09\/03\/ccs-rj-realiza-cafe-com-sinergia-em-parceria-com-a-porto\/\" \/>\n<meta property=\"og:site_name\" content=\"Revista Insurance Corp | PT-BR\" \/>\n<meta property=\"article:publisher\" content=\"https:\/\/www.facebook.com\/RevistaInsuranceCorp\/\" \/>\n<meta property=\"article:published_time\" content=\"2026-09-03T19:26:24+00:00\" \/>\n<meta property=\"og:image\" content=\"https:\/\/insurancecorp.com.br\/pt\/wp-content\/uploads\/2026\/09\/image004.jpg\" \/>\n\t<meta property=\"og:image:width\" content=\"326\" \/>\n\t<meta property=\"og:image:height\" content=\"326\" \/>\n<meta name=\"twitter:card\" content=\"summary\" \/>\n<script type=\"application\/ld+json\" class=\"yoast-schema-graph\">{\"@context\":\"https:\/\/schema.org\",\"@graph\":[{\"@type\":\"Organization\",\"@id\":\"https:\/\/insurancecorp.com.br\/pt\/#organization\",\"name\":\"Revista Insurance Corp\",\"url\":\"https:\/\/insurancecorp.com.br\/pt\/\",\"sameAs\":[\"https:\/\/www.facebook.com\/RevistaInsuranceCorp\/\"],\"logo\":{\"@type\":\"ImageObject\",\"@id\":\"https:\/\/insurancecorp.com.br\/pt\/#logo\",\"inLanguage\":\"pt-BR\",\"url\":\"\",\"caption\":\"Revista Insurance Corp\"},\"image\":{\"@id\":\"https:\/\/insurancecorp.com.br\/pt\/#logo\"}},{\"@type\":\"WebSite\",\"@id\":\"https:\/\/insurancecorp.com.br\/pt\/#website\",\"url\":\"https:\/\/insurancecorp.com.br\/pt\/\",\"name\":\"Revista Insurance Corp | PT-BR\",\"description\":\"A \\u00fanica revista bil\\u00edngue voltada ao mercado de seguro.\",\"publisher\":{\"@id\":\"https:\/\/insurancecorp.com.br\/pt\/#organization\"},\"potentialAction\":[{\"@type\":\"SearchAction\",\"target\":\"https:\/\/insurancecorp.com.br\/pt\/?s={search_term_string}\",\"query-input\":\"required name=search_term_string\"}],\"inLanguage\":\"pt-BR\"},{\"@type\":\"ImageObject\",\"@id\":\"https:\/\/insurancecorp.com.br\/pt\/2026\/09\/03\/ccs-rj-realiza-cafe-com-sinergia-em-parceria-com-a-porto\/#primaryimage\",\"inLanguage\":\"pt-BR\",\"url\":\"https:\/\/insurancecorp.com.br\/pt\/wp-content\/uploads\/2026\/09\/image004.jpg\",\"width\":326,\"height\":326},{\"@type\":\"WebPage\",\"@id\":\"https:\/\/insurancecorp.com.br\/pt\/2026\/09\/03\/ccs-rj-realiza-cafe-com-sinergia-em-parceria-com-a-porto\/#webpage\",\"url\":\"https:\/\/insurancecorp.com.br\/pt\/2026\/09\/03\/ccs-rj-realiza-cafe-com-sinergia-em-parceria-com-a-porto\/\",\"name\":\"CCS-RJ realiza 'Caf\\u00e9 com Sinergia' em parceria com a Porto | Revista Insurance Corp | PT-BR\",\"isPartOf\":{\"@id\":\"https:\/\/insurancecorp.com.br\/pt\/#website\"},\"primaryImageOfPage\":{\"@id\":\"https:\/\/insurancecorp.com.br\/pt\/2026\/09\/03\/ccs-rj-realiza-cafe-com-sinergia-em-parceria-com-a-porto\/#primaryimage\"},\"datePublished\":\"2026-09-03T19:26:24+00:00\",\"dateModified\":\"2026-09-03T19:26:24+00:00\",\"inLanguage\":\"pt-BR\",\"potentialAction\":[{\"@type\":\"ReadAction\",\"target\":[\"https:\/\/insurancecorp.com.br\/pt\/2026\/09\/03\/ccs-rj-realiza-cafe-com-sinergia-em-parceria-com-a-porto\/\"]}]},{\"@type\":\"Article\",\"@id\":\"https:\/\/insurancecorp.com.br\/pt\/2026\/09\/03\/ccs-rj-realiza-cafe-com-sinergia-em-parceria-com-a-porto\/#article\",\"isPartOf\":{\"@id\":\"https:\/\/insurancecorp.com.br\/pt\/2026\/09\/03\/ccs-rj-realiza-cafe-com-sinergia-em-parceria-com-a-porto\/#webpage\"},\"author\":{\"@id\":\"https:\/\/insurancecorp.com.br\/pt\/#\/schema\/person\/1b69c8cf325f0b7167f1b171f52df4af\"},\"headline\":\"CCS-RJ realiza &#8216;Caf\\u00e9 com Sinergia&#8217; em parceria com a Porto\",\"datePublished\":\"2026-09-03T19:26:24+00:00\",\"dateModified\":\"2026-09-03T19:26:24+00:00\",\"mainEntityOfPage\":{\"@id\":\"https:\/\/insurancecorp.com.br\/pt\/2026\/09\/03\/ccs-rj-realiza-cafe-com-sinergia-em-parceria-com-a-porto\/#webpage\"},\"commentCount\":0,\"publisher\":{\"@id\":\"https:\/\/insurancecorp.com.br\/pt\/#organization\"},\"image\":{\"@id\":\"https:\/\/insurancecorp.com.br\/pt\/2026\/09\/03\/ccs-rj-realiza-cafe-com-sinergia-em-parceria-com-a-porto\/#primaryimage\"},\"keywords\":\"caf\\u00e9 com sinergia,CCS-RJ,Porto\",\"articleSection\":\"CCS-RJ\",\"inLanguage\":\"pt-BR\",\"potentialAction\":[{\"@type\":\"CommentAction\",\"name\":\"Comment\",\"target\":[\"https:\/\/insurancecorp.com.br\/pt\/2026\/09\/03\/ccs-rj-realiza-cafe-com-sinergia-em-parceria-com-a-porto\/#respond\"]}]},{\"@type\":\"Person\",\"@id\":\"https:\/\/insurancecorp.com.br\/pt\/#\/schema\/person\/1b69c8cf325f0b7167f1b171f52df4af\",\"name\":\"Publica\\u00e7\\u00e3o\",\"image\":{\"@type\":\"ImageObject\",\"@id\":\"https:\/\/insurancecorp.com.br\/pt\/#personlogo\",\"inLanguage\":\"pt-BR\",\"url\":\"https:\/\/secure.gravatar.com\/avatar\/17226f1f60486eb25d4c6b301ffed37f?s=96&d=mm&r=g\",\"caption\":\"Publica\\u00e7\\u00e3o\"}}]}<\/script>\n<!-- \/ Yoast SEO plugin. -->","_links":{"self":[{"href":"https:\/\/insurancecorp.com.br\/pt\/wp-json\/wp\/v2\/posts\/83062"}],"collection":[{"href":"https:\/\/insurancecorp.com.br\/pt\/wp-json\/wp\/v2\/posts"}],"about":[{"href":"https:\/\/insurancecorp.com.br\/pt\/wp-json\/wp\/v2\/types\/post"}],"author":[{"embeddable":true,"href":"https:\/\/insurancecorp.com.br\/pt\/wp-json\/wp\/v2\/users\/2"}],"replies":[{"embeddable":true,"href":"https:\/\/insurancecorp.com.br\/pt\/wp-json\/wp\/v2\/comments?post=83062"}],"version-history":[{"count":1,"href":"https:\/\/insurancecorp.com.br\/pt\/wp-json\/wp\/v2\/posts\/83062\/revisions"}],"predecessor-version":[{"id":83067,"href":"https:\/\/insurancecorp.com.br\/pt\/wp-json\/wp\/v2\/posts\/83062\/revisions\/83067"}],"wp:featuredmedia":[{"embeddable":true,"href":"https:\/\/insurancecorp.com.br\/pt\/wp-json\/wp\/v2\/media\/83065"}],"wp:attachment":[{"href":"https:\/\/insurancecorp.com.br\/pt\/wp-json\/wp\/v2\/media?parent=83062"}],"wp:term":[{"taxonomy":"category","embeddable":true,"href":"https:\/\/insurancecorp.com.br\/pt\/wp-json\/wp\/v2\/categories?post=83062"},{"taxonomy":"post_tag","embeddable":true,"href":"https:\/\/insurancecorp.com.br\/pt\/wp-json\/wp\/v2\/tags?post=83062"}],"curies":[{"name":"wp","href":"https:\/\/api.w.org\/{rel}","templated":true}]}}