{"id":83057,"date":"2026-09-03T16:16:57","date_gmt":"2026-09-03T19:16:57","guid":{"rendered":"https:\/\/insurancecorp.com.br\/pt\/?p=83057"},"modified":"2026-09-03T16:16:57","modified_gmt":"2026-09-03T19:16:57","slug":"alexandre-camillo-e-eleito-mentor-do-ccs-sp","status":"publish","type":"post","link":"https:\/\/insurancecorp.com.br\/pt\/2026\/09\/03\/alexandre-camillo-e-eleito-mentor-do-ccs-sp\/","title":{"rendered":"Alexandre Camillo \u00e9 eleito mentor do CCS-SP"},"content":{"rendered":"<p align=\"justify\">O Clube dos Corretores de Seguros de S\u00e3o Paulo (CCS-SP) realizou, no dia 1\u00ba de setembro, no Circolo Italiano, assembleia para eleger a nova diretoria para a gest\u00e3o 2026\/2028. Com a participa\u00e7\u00e3o da grande maioria dos associados, a chapa liderada pelo ex-mentor Alexandre Camillo obteve a maioria dos votos.<\/p>\n<p align=\"justify\">Ao receber o an\u00fancio da vit\u00f3ria, feito pelo presidente da assembleia, o associado Braz Romildo Fernandes, Camillo destacou a emo\u00e7\u00e3o de voltar a ocupar uma posi\u00e7\u00e3o de lideran\u00e7a na entidade. \u201c<i>\u00c9 dif\u00edcil traduzir a alegria e a emo\u00e7\u00e3o de ser escolhido pelos associados para protagonizar mais um cap\u00edtulo da hist\u00f3ria do Clube. Retorno \u00e0 mentoria com muito entusiasmo, senso de responsabilidade e disposi\u00e7\u00e3o para trabalhar em favor dos corretores de seguros e do fortalecimento do nosso mercado<\/i>\u201d, afirmou.<\/p>\n<p align=\"justify\">Embora a realiza\u00e7\u00e3o de uma disputa eleitoral n\u00e3o seja in\u00e9dita na entidade, o novo mentor ressaltou que a numerosa presen\u00e7a dos associados tornou o momento especialmente representativo. \u201c<i>A ampla participa\u00e7\u00e3o dos associados demonstra a valoriza\u00e7\u00e3o da democracia e a maturidade de quem compreende a import\u00e2ncia de exercer o seu direito ao voto. Independentemente da escolha de cada um, todos contribu\u00edram para fortalecer o CCS-SP<\/i>\u201d, declarou.<\/p>\n<p align=\"justify\">Camillo tamb\u00e9m agradeceu a confian\u00e7a recebida e defendeu a uni\u00e3o dos integrantes do Clube na nova gest\u00e3o. \u201c<i>Farei jus \u00e0 confian\u00e7a de todos e conduzirei a mentoria com respeito, di\u00e1logo e abertura para ouvir diferentes opini\u00f5es. A elei\u00e7\u00e3o terminou e, a partir de agora, devemos caminhar juntos, somando experi\u00eancias e ideias para construir um Clube cada vez mais atuante, representativo e pr\u00f3ximo dos associados<\/i>\u201d, disse.<\/p>\n<p align=\"justify\">O mentor \u00c1lvaro Fonseca cumprimentou Camillo e tamb\u00e9m elogiou a participa\u00e7\u00e3o dos associados. \u201c<i>Parab\u00e9ns ao Camillo e tamb\u00e9m aos associados, que demonstraram o entendimento da import\u00e2ncia do Clube<\/i>\u201d, afirmou. Ele ainda definiu a elei\u00e7\u00e3o como um dos momentos mais emocionantes de sua gest\u00e3o.<\/p>\n<p align=\"justify\">\u00c1lvaro Fonseca lembrou os desafios enfrentados nos \u00faltimos quatro anos, em uma mentoria iniciada no per\u00edodo p\u00f3s-pandemia. \u201c<i>Minha diretoria conseguiu driblar diversas adversidades e, aos poucos, retomar o ritmo dos trabalhos no Clube. Contabilizamos muitas realiza\u00e7\u00f5es e avan\u00e7os ao longo desse per\u00edodo. Hoje, vejo o Clube vivendo um novo momento e fico feliz com o rumo que ir\u00e1 tomar. Desejo boa sorte ao Camillo. Conte comigo<\/i>\u201d, declarou.<\/p>\n<h4 align=\"justify\">De volta ao Clube<\/h4>\n<p align=\"justify\">Durante a apresenta\u00e7\u00e3o de suas propostas, Camillo relembrou sua trajet\u00f3ria em cargos de lideran\u00e7a no mercado de seguros, iniciada com sua associa\u00e7\u00e3o ao CCS-SP, em 2000, e sua atua\u00e7\u00e3o como secret\u00e1rio na gest\u00e3o 2002\/2004. Em 2005, tornou-se diretor Social do Sincor-SP, na gest\u00e3o de Leoncio de Arruda, quando coordenou o bem-sucedido projeto \u201cCorretor de Seguros \u2013 Agente do Bem-Estar Social\u201d.<\/p>\n<p align=\"justify\">Em 2012, Camillo foi aclamado mentor do CCS-SP. Dois anos depois, venceu a elei\u00e7\u00e3o para a presid\u00eancia do Sincor-SP, cargo que ocupou at\u00e9 2021. Naquele mesmo ano, foi nomeado superintendente da Superintend\u00eancia de Seguros Privados (Susep), permanecendo na fun\u00e7\u00e3o at\u00e9 janeiro de 2023. \u201c<i>O que me traz de volta ao Clube s\u00e3o os mesmos prop\u00f3sitos que sempre orientaram a minha trajet\u00f3ria: trabalhar em favor do corretor de seguros, contribuir para o desenvolvimento do mercado e identificar oportunidades capazes de gerar avan\u00e7os coletivos<\/i>\u201d, afirmou.<\/p>\n<p align=\"justify\">Segundo Camillo, a experi\u00eancia acumulada em diferentes posi\u00e7\u00f5es de lideran\u00e7a ser\u00e1 colocada a servi\u00e7o do CCS-SP e de seus associados. \u201c<i>Quero contribuir para que o Clube amplie sua relev\u00e2ncia como espa\u00e7o de relacionamento, troca de conhecimento e constru\u00e7\u00e3o de ideias. O CCS-SP tem uma hist\u00f3ria muito importante no mercado de seguros, e nossa miss\u00e3o ser\u00e1 honrar essa trajet\u00f3ria, ao mesmo tempo em que preparamos a entidade para novos desafios e oportunidades<\/i>\u201d, concluiu.<\/p>\n<h4 align=\"justify\">Nova diretoria do CCS-SP eleita para a gest\u00e3o 2026\/2028<\/h4>\n<p align=\"justify\">Mentor: Alexandre Milanese Camillo<br \/>\nSecret\u00e1rio: David do Nascimento<br \/>\nTesoureiro: Luciano Bas\u00edlio<br \/>\nJunta Fiscalizadora: Josusmar Alves de Sousa, Erika Garcia de Paula e Jos\u00e9 Carlos Rossato<\/p>\n<p align=\"justify\"><strong>Assessora de Imprensa CCS-SP<\/strong><\/p>\n","protected":false},"excerpt":{"rendered":"<p>O Clube dos Corretores de Seguros de S\u00e3o Paulo (CCS-SP) realizou, no dia 1\u00ba de setembro, no Circolo Italiano, assembleia para eleger a nova diretoria para a gest\u00e3o 2026\/2028. Com a participa\u00e7\u00e3o da grande maioria dos associados, a chapa liderada pelo ex-mentor Alexandre Camillo obteve a maioria dos votos. Ao receber o an\u00fancio da vit\u00f3ria, [&hellip;]<\/p>\n","protected":false},"author":2,"featured_media":83059,"comment_status":"open","ping_status":"open","sticky":false,"template":"","format":"standard","meta":[],"categories":[136],"tags":[1607,3767,8845,11951],"jetpack_featured_media_url":"https:\/\/insurancecorp.com.br\/pt\/wp-content\/uploads\/2026\/09\/04-Alvaro-Fonseca-Henrique-Elias-e-Alexandre-Camillo-e1788462984626.jpg","yoast_head":"<!-- This site is optimized with the Yoast SEO plugin v14.8 - https:\/\/yoast.com\/wordpress\/plugins\/seo\/ -->\n<title>Alexandre Camillo \u00e9 eleito mentor do CCS-SP | Revista Insurance Corp | PT-BR<\/title>\n<meta name=\"robots\" content=\"index, follow\" \/>\n<meta name=\"googlebot\" content=\"index, follow, max-snippet:-1, max-image-preview:large, max-video-preview:-1\" \/>\n<meta name=\"bingbot\" content=\"index, follow, max-snippet:-1, max-image-preview:large, max-video-preview:-1\" \/>\n<link rel=\"canonical\" href=\"https:\/\/insurancecorp.com.br\/pt\/2026\/09\/03\/alexandre-camillo-e-eleito-mentor-do-ccs-sp\/\" \/>\n<meta property=\"og:locale\" content=\"pt_BR\" \/>\n<meta property=\"og:type\" content=\"article\" \/>\n<meta property=\"og:title\" content=\"Alexandre Camillo \u00e9 eleito mentor do CCS-SP | Revista Insurance Corp | PT-BR\" \/>\n<meta property=\"og:description\" content=\"O Clube dos Corretores de Seguros de S\u00e3o Paulo (CCS-SP) realizou, no dia 1\u00ba de setembro, no Circolo Italiano, assembleia para eleger a nova diretoria para a gest\u00e3o 2026\/2028. Com a participa\u00e7\u00e3o da grande maioria dos associados, a chapa liderada pelo ex-mentor Alexandre Camillo obteve a maioria dos votos. Ao receber o an\u00fancio da vit\u00f3ria, [&hellip;]\" \/>\n<meta property=\"og:url\" content=\"https:\/\/insurancecorp.com.br\/pt\/2026\/09\/03\/alexandre-camillo-e-eleito-mentor-do-ccs-sp\/\" \/>\n<meta property=\"og:site_name\" content=\"Revista Insurance Corp | PT-BR\" \/>\n<meta property=\"article:publisher\" content=\"https:\/\/www.facebook.com\/RevistaInsuranceCorp\/\" \/>\n<meta property=\"article:published_time\" content=\"2026-09-03T19:16:57+00:00\" \/>\n<meta property=\"og:image\" content=\"https:\/\/insurancecorp.com.br\/pt\/wp-content\/uploads\/2026\/09\/04-Alvaro-Fonseca-Henrique-Elias-e-Alexandre-Camillo-e1788462984626.jpg\" \/>\n\t<meta property=\"og:image:width\" content=\"1500\" \/>\n\t<meta property=\"og:image:height\" content=\"558\" \/>\n<meta name=\"twitter:card\" content=\"summary\" \/>\n<script type=\"application\/ld+json\" class=\"yoast-schema-graph\">{\"@context\":\"https:\/\/schema.org\",\"@graph\":[{\"@type\":\"Organization\",\"@id\":\"https:\/\/insurancecorp.com.br\/pt\/#organization\",\"name\":\"Revista Insurance Corp\",\"url\":\"https:\/\/insurancecorp.com.br\/pt\/\",\"sameAs\":[\"https:\/\/www.facebook.com\/RevistaInsuranceCorp\/\"],\"logo\":{\"@type\":\"ImageObject\",\"@id\":\"https:\/\/insurancecorp.com.br\/pt\/#logo\",\"inLanguage\":\"pt-BR\",\"url\":\"\",\"caption\":\"Revista Insurance Corp\"},\"image\":{\"@id\":\"https:\/\/insurancecorp.com.br\/pt\/#logo\"}},{\"@type\":\"WebSite\",\"@id\":\"https:\/\/insurancecorp.com.br\/pt\/#website\",\"url\":\"https:\/\/insurancecorp.com.br\/pt\/\",\"name\":\"Revista Insurance Corp | PT-BR\",\"description\":\"A \\u00fanica revista bil\\u00edngue voltada ao mercado de seguro.\",\"publisher\":{\"@id\":\"https:\/\/insurancecorp.com.br\/pt\/#organization\"},\"potentialAction\":[{\"@type\":\"SearchAction\",\"target\":\"https:\/\/insurancecorp.com.br\/pt\/?s={search_term_string}\",\"query-input\":\"required name=search_term_string\"}],\"inLanguage\":\"pt-BR\"},{\"@type\":\"ImageObject\",\"@id\":\"https:\/\/insurancecorp.com.br\/pt\/2026\/09\/03\/alexandre-camillo-e-eleito-mentor-do-ccs-sp\/#primaryimage\",\"inLanguage\":\"pt-BR\",\"url\":\"https:\/\/insurancecorp.com.br\/pt\/wp-content\/uploads\/2026\/09\/04-Alvaro-Fonseca-Henrique-Elias-e-Alexandre-Camillo-e1788462984626.jpg\",\"width\":1500,\"height\":558},{\"@type\":\"WebPage\",\"@id\":\"https:\/\/insurancecorp.com.br\/pt\/2026\/09\/03\/alexandre-camillo-e-eleito-mentor-do-ccs-sp\/#webpage\",\"url\":\"https:\/\/insurancecorp.com.br\/pt\/2026\/09\/03\/alexandre-camillo-e-eleito-mentor-do-ccs-sp\/\",\"name\":\"Alexandre Camillo \\u00e9 eleito mentor do CCS-SP | Revista Insurance Corp | PT-BR\",\"isPartOf\":{\"@id\":\"https:\/\/insurancecorp.com.br\/pt\/#website\"},\"primaryImageOfPage\":{\"@id\":\"https:\/\/insurancecorp.com.br\/pt\/2026\/09\/03\/alexandre-camillo-e-eleito-mentor-do-ccs-sp\/#primaryimage\"},\"datePublished\":\"2026-09-03T19:16:57+00:00\",\"dateModified\":\"2026-09-03T19:16:57+00:00\",\"inLanguage\":\"pt-BR\",\"potentialAction\":[{\"@type\":\"ReadAction\",\"target\":[\"https:\/\/insurancecorp.com.br\/pt\/2026\/09\/03\/alexandre-camillo-e-eleito-mentor-do-ccs-sp\/\"]}]},{\"@type\":\"Article\",\"@id\":\"https:\/\/insurancecorp.com.br\/pt\/2026\/09\/03\/alexandre-camillo-e-eleito-mentor-do-ccs-sp\/#article\",\"isPartOf\":{\"@id\":\"https:\/\/insurancecorp.com.br\/pt\/2026\/09\/03\/alexandre-camillo-e-eleito-mentor-do-ccs-sp\/#webpage\"},\"author\":{\"@id\":\"https:\/\/insurancecorp.com.br\/pt\/#\/schema\/person\/1b69c8cf325f0b7167f1b171f52df4af\"},\"headline\":\"Alexandre Camillo \\u00e9 eleito mentor do CCS-SP\",\"datePublished\":\"2026-09-03T19:16:57+00:00\",\"dateModified\":\"2026-09-03T19:16:57+00:00\",\"mainEntityOfPage\":{\"@id\":\"https:\/\/insurancecorp.com.br\/pt\/2026\/09\/03\/alexandre-camillo-e-eleito-mentor-do-ccs-sp\/#webpage\"},\"commentCount\":0,\"publisher\":{\"@id\":\"https:\/\/insurancecorp.com.br\/pt\/#organization\"},\"image\":{\"@id\":\"https:\/\/insurancecorp.com.br\/pt\/2026\/09\/03\/alexandre-camillo-e-eleito-mentor-do-ccs-sp\/#primaryimage\"},\"keywords\":\"Alexandre Camillo,CCS-SP,eleito,mentor\",\"articleSection\":\"CCS-SP\",\"inLanguage\":\"pt-BR\",\"potentialAction\":[{\"@type\":\"CommentAction\",\"name\":\"Comment\",\"target\":[\"https:\/\/insurancecorp.com.br\/pt\/2026\/09\/03\/alexandre-camillo-e-eleito-mentor-do-ccs-sp\/#respond\"]}]},{\"@type\":\"Person\",\"@id\":\"https:\/\/insurancecorp.com.br\/pt\/#\/schema\/person\/1b69c8cf325f0b7167f1b171f52df4af\",\"name\":\"Publica\\u00e7\\u00e3o\",\"image\":{\"@type\":\"ImageObject\",\"@id\":\"https:\/\/insurancecorp.com.br\/pt\/#personlogo\",\"inLanguage\":\"pt-BR\",\"url\":\"https:\/\/secure.gravatar.com\/avatar\/17226f1f60486eb25d4c6b301ffed37f?s=96&d=mm&r=g\",\"caption\":\"Publica\\u00e7\\u00e3o\"}}]}<\/script>\n<!-- \/ Yoast SEO plugin. -->","_links":{"self":[{"href":"https:\/\/insurancecorp.com.br\/pt\/wp-json\/wp\/v2\/posts\/83057"}],"collection":[{"href":"https:\/\/insurancecorp.com.br\/pt\/wp-json\/wp\/v2\/posts"}],"about":[{"href":"https:\/\/insurancecorp.com.br\/pt\/wp-json\/wp\/v2\/types\/post"}],"author":[{"embeddable":true,"href":"https:\/\/insurancecorp.com.br\/pt\/wp-json\/wp\/v2\/users\/2"}],"replies":[{"embeddable":true,"href":"https:\/\/insurancecorp.com.br\/pt\/wp-json\/wp\/v2\/comments?post=83057"}],"version-history":[{"count":1,"href":"https:\/\/insurancecorp.com.br\/pt\/wp-json\/wp\/v2\/posts\/83057\/revisions"}],"predecessor-version":[{"id":83060,"href":"https:\/\/insurancecorp.com.br\/pt\/wp-json\/wp\/v2\/posts\/83057\/revisions\/83060"}],"wp:featuredmedia":[{"embeddable":true,"href":"https:\/\/insurancecorp.com.br\/pt\/wp-json\/wp\/v2\/media\/83059"}],"wp:attachment":[{"href":"https:\/\/insurancecorp.com.br\/pt\/wp-json\/wp\/v2\/media?parent=83057"}],"wp:term":[{"taxonomy":"category","embeddable":true,"href":"https:\/\/insurancecorp.com.br\/pt\/wp-json\/wp\/v2\/categories?post=83057"},{"taxonomy":"post_tag","embeddable":true,"href":"https:\/\/insurancecorp.com.br\/pt\/wp-json\/wp\/v2\/tags?post=83057"}],"curies":[{"name":"wp","href":"https:\/\/api.w.org\/{rel}","templated":true}]}}