{"id":83055,"date":"2026-09-03T16:17:02","date_gmt":"2026-09-03T19:17:02","guid":{"rendered":"https:\/\/insurancecorp.com.br\/pt\/?p=83055"},"modified":"2026-09-03T16:17:02","modified_gmt":"2026-09-03T19:17:02","slug":"cnseg-e-g10-favelas-reunem-seguradoras-em-paraisopolis-para-discutir-expansao-dos-seguros-inclusivos","status":"publish","type":"post","link":"https:\/\/insurancecorp.com.br\/pt\/2026\/09\/03\/cnseg-e-g10-favelas-reunem-seguradoras-em-paraisopolis-para-discutir-expansao-dos-seguros-inclusivos\/","title":{"rendered":"CNseg e G10 Favelas re\u00fanem seguradoras em Parais\u00f3polis para discutir expans\u00e3o dos seguros inclusivos"},"content":{"rendered":"<p align=\"justify\">A Confedera\u00e7\u00e3o Nacional das Seguradoras (CNseg) e o G10 Favelas promovem, no dia 12 de setembro, \u00e0s 9h, em Parais\u00f3polis, S\u00e3o Paulo, um encontro entre moradores, especialistas e representantes de grandes seguradoras para discutir caminhos para ampliar o acesso da popula\u00e7\u00e3o de favelas e periferias \u00e0 prote\u00e7\u00e3o financeira.<\/p>\n<p align=\"justify\">Com sess\u00f5es em formato de talk show, o evento ter\u00e1 a participa\u00e7\u00e3o de representantes da MAPFRE, Bradesco Seguros, CNP Assurances, Porto Seguro\/Azul Seguros e MAG\/Favela Seguros, empresas que possuem iniciativas relacionadas a esse p\u00fablico. A programa\u00e7\u00e3o abordar\u00e1 seguros voltados \u00e0s fam\u00edlias e aos pequenos neg\u00f3cios, educa\u00e7\u00e3o financeira e securit\u00e1ria e oportunidades de emprego e forma\u00e7\u00e3o profissional no setor.<\/p>\n<p align=\"justify\">A iniciativa ocorre em um cen\u00e1rio de interesse por seguros ainda pouco convertido em acesso a produtos adequados \u00e0s caracter\u00edsticas desse p\u00fablico. Levantamento realizado pela CNseg e pelo Instituto Locomotiva a pedido revela que 85% dos moradores de favelas e periferias entrevistados j\u00e1 buscaram informa\u00e7\u00f5es sobre seguros ou gostariam de conhecer melhor esse tipo de prote\u00e7\u00e3o financeira.<\/p>\n<p align=\"justify\">O estudo tamb\u00e9m aponta uma demanda por produtos mais aderentes \u00e0 realidade econ\u00f4mica e social das comunidades: 69% gostariam de encontrar seguros desenvolvidos especificamente para moradores de favelas e periferias.<\/p>\n<p align=\"justify\">A percep\u00e7\u00e3o sobre a necessidade de prote\u00e7\u00e3o est\u00e1 relacionada a experi\u00eancias concretas. Seis em cada dez entrevistados (62%) afirmam j\u00e1 ter vivenciado situa\u00e7\u00f5es que teriam sido mais f\u00e1ceis caso contassem com um seguro. Entre elas est\u00e3o roubo de celular, perda de equipamentos utilizados para trabalhar, interrup\u00e7\u00e3o da renda por doen\u00e7a ou acidente e despesas inesperadas com funeral.<\/p>\n<h4 align=\"justify\">Seguradoras apresentam experi\u00eancias em Parais\u00f3polis<\/h4>\n<p align=\"justify\">Durante o encontro, representantes das companhias v\u00e3o apresentar produtos, experi\u00eancias e iniciativas relacionadas \u00e0 inclus\u00e3o securit\u00e1ria. A proposta \u00e9 discutir, junto aos moradores, quest\u00f5es como pre\u00e7o, linguagem, conhecimento sobre coberturas e adequa\u00e7\u00e3o dos produtos \u00e0s necessidades de fam\u00edlias e empreendedores das periferias.<\/p>\n<p align=\"justify\">As rodas de conversa ser\u00e3o organizadas em quatro eixos de interesse do p\u00fablico: fam\u00edlia, com temas relacionados a vida, resid\u00eancia e sa\u00fade; educa\u00e7\u00e3o financeira e securit\u00e1ria, para explicar como os seguros funcionam e como avaliar uma contrata\u00e7\u00e3o; oportunidades de carreira, com informa\u00e7\u00f5es sobre profiss\u00f5es, cursos e vagas no setor; e pequenos neg\u00f3cios, com solu\u00e7\u00f5es voltadas \u00e0 prote\u00e7\u00e3o de empreendedores da comunidade.<\/p>\n<p align=\"justify\">A programa\u00e7\u00e3o tamb\u00e9m contar\u00e1 com um bate-papo sobre Emprego e Renda, com representantes do G10 Favelas e da Escola de Neg\u00f3cios e Seguros (ENS).<\/p>\n<h4 align=\"justify\">Programa\u00e7\u00e3o<\/h4>\n<p align=\"justify\">9h \u2013 abertura dos port\u00f5es, credenciamento de p\u00fablico<br \/>\n9h30 \u2013 Fala de abertura com representantes do G10 Favelas e da CNseg<br \/>\n9h45 \u2013 11h Atividades com seguradoras<br \/>\n11h \u2013 Atra\u00e7\u00e3o musical<br \/>\n11h30 \u2013 12h30 Atividades com seguradoras<br \/>\n13h15 \u2013 Encerramento da programa\u00e7\u00e3o &#8211; agradecimentos e atra\u00e7\u00e3o musical<\/p>\n<h4 align=\"justify\">Servi\u00e7o<\/h4>\n<p align=\"justify\">O qu\u00ea: Feira Seguro para Todos os Bolsos<br \/>\nQuando: 12 de setembro, a partir das 9h<br \/>\nOnde: Sede do G10 Favelas &#8211; Rua Itamotinga, 100 &#8211; Parais\u00f3polis<\/p>\n<p align=\"justify\"><strong>Assessoria de Imprensa CNSeg<\/strong><\/p>\n","protected":false},"excerpt":{"rendered":"<p>A Confedera\u00e7\u00e3o Nacional das Seguradoras (CNseg) e o G10 Favelas promovem, no dia 12 de setembro, \u00e0s 9h, em Parais\u00f3polis, S\u00e3o Paulo, um encontro entre moradores, especialistas e representantes de grandes seguradoras para discutir caminhos para ampliar o acesso da popula\u00e7\u00e3o de favelas e periferias \u00e0 prote\u00e7\u00e3o financeira. Com sess\u00f5es em formato de talk show, [&hellip;]<\/p>\n","protected":false},"author":2,"featured_media":83058,"comment_status":"open","ping_status":"open","sticky":false,"template":"","format":"standard","meta":[],"categories":[75],"tags":[587,17662,14647,1433,12562],"jetpack_featured_media_url":"https:\/\/insurancecorp.com.br\/pt\/wp-content\/uploads\/2026\/09\/1wMmpTYyczMwMjOyJmLt92YuAncvNWZj5WYyV3culGQvF2YhRWZypTM5YzN0EDO0MjM6cmbw5yM4gTN5gzMjNmZ1Q2NiVzNzUTZ0QGNzIzYzczMmZmNiZkMlYmNiZkMlczN4UTMGJTJxUTNzYDO1cDOx8VL1ETLf9VLwITLfpTN.png","yoast_head":"<!-- This site is optimized with the Yoast SEO plugin v14.8 - https:\/\/yoast.com\/wordpress\/plugins\/seo\/ -->\n<title>CNseg e G10 Favelas re\u00fanem seguradoras em Parais\u00f3polis para discutir expans\u00e3o dos seguros inclusivos | Revista Insurance Corp | PT-BR<\/title>\n<meta name=\"robots\" content=\"index, follow\" \/>\n<meta name=\"googlebot\" content=\"index, follow, max-snippet:-1, max-image-preview:large, max-video-preview:-1\" \/>\n<meta name=\"bingbot\" content=\"index, follow, max-snippet:-1, max-image-preview:large, max-video-preview:-1\" \/>\n<link rel=\"canonical\" href=\"https:\/\/insurancecorp.com.br\/pt\/2026\/09\/03\/cnseg-e-g10-favelas-reunem-seguradoras-em-paraisopolis-para-discutir-expansao-dos-seguros-inclusivos\/\" \/>\n<meta property=\"og:locale\" content=\"pt_BR\" \/>\n<meta property=\"og:type\" content=\"article\" \/>\n<meta property=\"og:title\" content=\"CNseg e G10 Favelas re\u00fanem seguradoras em Parais\u00f3polis para discutir expans\u00e3o dos seguros inclusivos | Revista Insurance Corp | PT-BR\" \/>\n<meta property=\"og:description\" content=\"A Confedera\u00e7\u00e3o Nacional das Seguradoras (CNseg) e o G10 Favelas promovem, no dia 12 de setembro, \u00e0s 9h, em Parais\u00f3polis, S\u00e3o Paulo, um encontro entre moradores, especialistas e representantes de grandes seguradoras para discutir caminhos para ampliar o acesso da popula\u00e7\u00e3o de favelas e periferias \u00e0 prote\u00e7\u00e3o financeira. Com sess\u00f5es em formato de talk show, [&hellip;]\" \/>\n<meta property=\"og:url\" content=\"https:\/\/insurancecorp.com.br\/pt\/2026\/09\/03\/cnseg-e-g10-favelas-reunem-seguradoras-em-paraisopolis-para-discutir-expansao-dos-seguros-inclusivos\/\" \/>\n<meta property=\"og:site_name\" content=\"Revista Insurance Corp | PT-BR\" \/>\n<meta property=\"article:publisher\" content=\"https:\/\/www.facebook.com\/RevistaInsuranceCorp\/\" \/>\n<meta property=\"article:published_time\" content=\"2026-09-03T19:17:02+00:00\" \/>\n<meta property=\"og:image\" content=\"https:\/\/insurancecorp.com.br\/pt\/wp-content\/uploads\/2026\/09\/1wMmpTYyczMwMjOyJmLt92YuAncvNWZj5WYyV3culGQvF2YhRWZypTM5YzN0EDO0MjM6cmbw5yM4gTN5gzMjNmZ1Q2NiVzNzUTZ0QGNzIzYzczMmZmNiZkMlYmNiZkMlczN4UTMGJTJxUTNzYDO1cDOx8VL1ETLf9VLwITLfpTN.png\" \/>\n\t<meta property=\"og:image:width\" content=\"1900\" \/>\n\t<meta property=\"og:image:height\" content=\"720\" \/>\n<meta name=\"twitter:card\" content=\"summary\" \/>\n<script type=\"application\/ld+json\" class=\"yoast-schema-graph\">{\"@context\":\"https:\/\/schema.org\",\"@graph\":[{\"@type\":\"Organization\",\"@id\":\"https:\/\/insurancecorp.com.br\/pt\/#organization\",\"name\":\"Revista Insurance Corp\",\"url\":\"https:\/\/insurancecorp.com.br\/pt\/\",\"sameAs\":[\"https:\/\/www.facebook.com\/RevistaInsuranceCorp\/\"],\"logo\":{\"@type\":\"ImageObject\",\"@id\":\"https:\/\/insurancecorp.com.br\/pt\/#logo\",\"inLanguage\":\"pt-BR\",\"url\":\"\",\"caption\":\"Revista Insurance Corp\"},\"image\":{\"@id\":\"https:\/\/insurancecorp.com.br\/pt\/#logo\"}},{\"@type\":\"WebSite\",\"@id\":\"https:\/\/insurancecorp.com.br\/pt\/#website\",\"url\":\"https:\/\/insurancecorp.com.br\/pt\/\",\"name\":\"Revista Insurance Corp | PT-BR\",\"description\":\"A \\u00fanica revista bil\\u00edngue voltada ao mercado de seguro.\",\"publisher\":{\"@id\":\"https:\/\/insurancecorp.com.br\/pt\/#organization\"},\"potentialAction\":[{\"@type\":\"SearchAction\",\"target\":\"https:\/\/insurancecorp.com.br\/pt\/?s={search_term_string}\",\"query-input\":\"required name=search_term_string\"}],\"inLanguage\":\"pt-BR\"},{\"@type\":\"ImageObject\",\"@id\":\"https:\/\/insurancecorp.com.br\/pt\/2026\/09\/03\/cnseg-e-g10-favelas-reunem-seguradoras-em-paraisopolis-para-discutir-expansao-dos-seguros-inclusivos\/#primaryimage\",\"inLanguage\":\"pt-BR\",\"url\":\"https:\/\/insurancecorp.com.br\/pt\/wp-content\/uploads\/2026\/09\/1wMmpTYyczMwMjOyJmLt92YuAncvNWZj5WYyV3culGQvF2YhRWZypTM5YzN0EDO0MjM6cmbw5yM4gTN5gzMjNmZ1Q2NiVzNzUTZ0QGNzIzYzczMmZmNiZkMlYmNiZkMlczN4UTMGJTJxUTNzYDO1cDOx8VL1ETLf9VLwITLfpTN.png\",\"width\":1900,\"height\":720},{\"@type\":\"WebPage\",\"@id\":\"https:\/\/insurancecorp.com.br\/pt\/2026\/09\/03\/cnseg-e-g10-favelas-reunem-seguradoras-em-paraisopolis-para-discutir-expansao-dos-seguros-inclusivos\/#webpage\",\"url\":\"https:\/\/insurancecorp.com.br\/pt\/2026\/09\/03\/cnseg-e-g10-favelas-reunem-seguradoras-em-paraisopolis-para-discutir-expansao-dos-seguros-inclusivos\/\",\"name\":\"CNseg e G10 Favelas re\\u00fanem seguradoras em Parais\\u00f3polis para discutir expans\\u00e3o dos seguros inclusivos | Revista Insurance Corp | PT-BR\",\"isPartOf\":{\"@id\":\"https:\/\/insurancecorp.com.br\/pt\/#website\"},\"primaryImageOfPage\":{\"@id\":\"https:\/\/insurancecorp.com.br\/pt\/2026\/09\/03\/cnseg-e-g10-favelas-reunem-seguradoras-em-paraisopolis-para-discutir-expansao-dos-seguros-inclusivos\/#primaryimage\"},\"datePublished\":\"2026-09-03T19:17:02+00:00\",\"dateModified\":\"2026-09-03T19:17:02+00:00\",\"inLanguage\":\"pt-BR\",\"potentialAction\":[{\"@type\":\"ReadAction\",\"target\":[\"https:\/\/insurancecorp.com.br\/pt\/2026\/09\/03\/cnseg-e-g10-favelas-reunem-seguradoras-em-paraisopolis-para-discutir-expansao-dos-seguros-inclusivos\/\"]}]},{\"@type\":\"Article\",\"@id\":\"https:\/\/insurancecorp.com.br\/pt\/2026\/09\/03\/cnseg-e-g10-favelas-reunem-seguradoras-em-paraisopolis-para-discutir-expansao-dos-seguros-inclusivos\/#article\",\"isPartOf\":{\"@id\":\"https:\/\/insurancecorp.com.br\/pt\/2026\/09\/03\/cnseg-e-g10-favelas-reunem-seguradoras-em-paraisopolis-para-discutir-expansao-dos-seguros-inclusivos\/#webpage\"},\"author\":{\"@id\":\"https:\/\/insurancecorp.com.br\/pt\/#\/schema\/person\/1b69c8cf325f0b7167f1b171f52df4af\"},\"headline\":\"CNseg e G10 Favelas re\\u00fanem seguradoras em Parais\\u00f3polis para discutir expans\\u00e3o dos seguros inclusivos\",\"datePublished\":\"2026-09-03T19:17:02+00:00\",\"dateModified\":\"2026-09-03T19:17:02+00:00\",\"mainEntityOfPage\":{\"@id\":\"https:\/\/insurancecorp.com.br\/pt\/2026\/09\/03\/cnseg-e-g10-favelas-reunem-seguradoras-em-paraisopolis-para-discutir-expansao-dos-seguros-inclusivos\/#webpage\"},\"commentCount\":0,\"publisher\":{\"@id\":\"https:\/\/insurancecorp.com.br\/pt\/#organization\"},\"image\":{\"@id\":\"https:\/\/insurancecorp.com.br\/pt\/2026\/09\/03\/cnseg-e-g10-favelas-reunem-seguradoras-em-paraisopolis-para-discutir-expansao-dos-seguros-inclusivos\/#primaryimage\"},\"keywords\":\"CNseg,G10 Favelas,Parais\\u00f3polis,seguradoras,Seguros Inclusivos\",\"articleSection\":\"CNseg\",\"inLanguage\":\"pt-BR\",\"potentialAction\":[{\"@type\":\"CommentAction\",\"name\":\"Comment\",\"target\":[\"https:\/\/insurancecorp.com.br\/pt\/2026\/09\/03\/cnseg-e-g10-favelas-reunem-seguradoras-em-paraisopolis-para-discutir-expansao-dos-seguros-inclusivos\/#respond\"]}]},{\"@type\":\"Person\",\"@id\":\"https:\/\/insurancecorp.com.br\/pt\/#\/schema\/person\/1b69c8cf325f0b7167f1b171f52df4af\",\"name\":\"Publica\\u00e7\\u00e3o\",\"image\":{\"@type\":\"ImageObject\",\"@id\":\"https:\/\/insurancecorp.com.br\/pt\/#personlogo\",\"inLanguage\":\"pt-BR\",\"url\":\"https:\/\/secure.gravatar.com\/avatar\/17226f1f60486eb25d4c6b301ffed37f?s=96&d=mm&r=g\",\"caption\":\"Publica\\u00e7\\u00e3o\"}}]}<\/script>\n<!-- \/ Yoast SEO plugin. -->","_links":{"self":[{"href":"https:\/\/insurancecorp.com.br\/pt\/wp-json\/wp\/v2\/posts\/83055"}],"collection":[{"href":"https:\/\/insurancecorp.com.br\/pt\/wp-json\/wp\/v2\/posts"}],"about":[{"href":"https:\/\/insurancecorp.com.br\/pt\/wp-json\/wp\/v2\/types\/post"}],"author":[{"embeddable":true,"href":"https:\/\/insurancecorp.com.br\/pt\/wp-json\/wp\/v2\/users\/2"}],"replies":[{"embeddable":true,"href":"https:\/\/insurancecorp.com.br\/pt\/wp-json\/wp\/v2\/comments?post=83055"}],"version-history":[{"count":1,"href":"https:\/\/insurancecorp.com.br\/pt\/wp-json\/wp\/v2\/posts\/83055\/revisions"}],"predecessor-version":[{"id":83061,"href":"https:\/\/insurancecorp.com.br\/pt\/wp-json\/wp\/v2\/posts\/83055\/revisions\/83061"}],"wp:featuredmedia":[{"embeddable":true,"href":"https:\/\/insurancecorp.com.br\/pt\/wp-json\/wp\/v2\/media\/83058"}],"wp:attachment":[{"href":"https:\/\/insurancecorp.com.br\/pt\/wp-json\/wp\/v2\/media?parent=83055"}],"wp:term":[{"taxonomy":"category","embeddable":true,"href":"https:\/\/insurancecorp.com.br\/pt\/wp-json\/wp\/v2\/categories?post=83055"},{"taxonomy":"post_tag","embeddable":true,"href":"https:\/\/insurancecorp.com.br\/pt\/wp-json\/wp\/v2\/tags?post=83055"}],"curies":[{"name":"wp","href":"https:\/\/api.w.org\/{rel}","templated":true}]}}