{"id":83051,"date":"2026-09-03T16:09:04","date_gmt":"2026-09-03T19:09:04","guid":{"rendered":"https:\/\/insurancecorp.com.br\/pt\/?p=83051"},"modified":"2026-09-03T16:09:04","modified_gmt":"2026-09-03T19:09:04","slug":"capemisa-apresenta-palestra-no-24o-congresso-brasileiro-dos-corretores","status":"publish","type":"post","link":"https:\/\/insurancecorp.com.br\/pt\/2026\/09\/03\/capemisa-apresenta-palestra-no-24o-congresso-brasileiro-dos-corretores\/","title":{"rendered":"CAPEMISA apresenta palestra no 24\u00ba Congresso Brasileiro dos Corretores"},"content":{"rendered":"<p align=\"justify\">Onde est\u00e3o as pr\u00f3ximas oportunidades no Seguro de Pessoas? A pergunta foi o ponto de partida da palestra comandada pela CAPEMISA Seguradora durante o 24\u00ba Congresso Brasileiro dos Corretores de Seguros, no Rio de Janeiro. Diante de uma plateia lotada, formada por profissionais de v\u00e1rias cidades do pa\u00eds, Leonardo Balbino, Superintendente de Administra\u00e7\u00e3o e Planejamento Comercial, e Paulo Henrique Gomes, Superintendente Comercial Regional SP | RJ | ES, deram as respostas para a quest\u00e3o, falando sobre o CAPEMISA VIVA, produto individual da CAPEMISA, incluindo informa\u00e7\u00f5es sobre consigna\u00e7\u00e3o em folha e as possibilidades de novos Clientes como servidores p\u00fablicos, militares e profissionais das for\u00e7as de seguran\u00e7a.<\/p>\n<p align=\"justify\">Para Fabio Lessa, Diretor Comercial da CAPEMISA Seguradora, a discuss\u00e3o faz parte de um movimento necess\u00e1rio de amplia\u00e7\u00e3o dos caminhos de distribui\u00e7\u00e3o do Seguro de Pessoas.<\/p>\n<p align=\"justify\">&#8220;<i>Para a CAPEMISA, presen\u00e7a \u00e9 um valor fundamental na constru\u00e7\u00e3o do relacionamento com os corretores, por isso valorizamos muito nossa participa\u00e7\u00e3o no Congresso. Fiquei muito feliz em ver a sala cheia para nossa palestra, porque isso demonstra o interesse genu\u00edno dos profissionais pelas oportunidades que existem no mercado de seguros de pessoas. A provoca\u00e7\u00e3o que trouxemos na palestra foi justamente ampliar esse olhar. Existem oportunidades que v\u00e3o muito al\u00e9m do produto e que podem abrir novas frentes de prospec\u00e7\u00e3o e gera\u00e7\u00e3o de neg\u00f3cios para o corretor. A consigna\u00e7\u00e3o em folha \u00e9 uma delas. A CAPEMISA tem muita experi\u00eancia nesse segmento, uma estrutura preparada e assume toda a rotina operacional, permitindo que o corretor concentre sua energia naquilo que faz melhor: relacionamento, prospec\u00e7\u00e3o e venda<\/i>&#8220;, afirma.<\/p>\n<p align=\"justify\">Durante a palestra, Balbino e Gomes destacaram a consigna\u00e7\u00e3o como uma oportunidade para os Corretores acessarem grupos organizados, com renda previs\u00edvel e potencial para relacionamentos de longo prazo. Os n\u00fameros apresentados ajudam a dimensionar esse mercado: seriam cerca de 11 milh\u00f5es de servidores, Clientes em potencial. Para esses p\u00fablicos, a solu\u00e7\u00e3o oferecida \u00e9 o CAPEMISA VIVA, Seguro de Vida com diferentes op\u00e7\u00f5es de coberturas, que podem ser adequadas \u00e0s necessidades e ao momento de cada Cliente.<\/p>\n<p align=\"justify\">A possibilidade de trabalhar com p\u00fablicos consignados chamou a aten\u00e7\u00e3o de Ge\u00f3rgia Oliveira, Corretora do Rio de Janeiro que come\u00e7ou recentemente a trabalhar com a CAPEMISA.<\/p>\n<p align=\"justify\">&#8220;<i>Tenho contato com muitos militares e policiais, mas achava que era um mercado dif\u00edcil de acessar. Conhecer melhor a consigna\u00e7\u00e3o durante a palestra abriu esse horizonte para mim<\/i>&#8220;, conta Ge\u00f3rgia.<\/p>\n<p align=\"justify\">O Corretor carioca Vinicius Campos, que mant\u00e9m parceria com a CAPEMISA h\u00e1 dois anos e meio, j\u00e1 acompanha a atua\u00e7\u00e3o com p\u00fablicos consignados e destaca os efeitos do modelo para a carteira.<\/p>\n<p align=\"justify\">&#8220;<i>A consigna\u00e7\u00e3o traz seguran\u00e7a para o cliente e tamb\u00e9m para n\u00f3s. \u00c9 uma facilidade que ajuda a dar mais solidez \u00e0 carteira<\/i>&#8220;, afirma.<\/p>\n<h4 align=\"justify\">Clientes cada vez mais conectados<\/h4>\n<p align=\"justify\">Na conversa com os Corretores, Fabio Lessa ressaltou ainda que o consumidor est\u00e1 mais conectado, pesquisa informa\u00e7\u00f5es antes de contratar e espera experi\u00eancias de compra cada vez mais r\u00e1pidas e digitais. Para ele, esse comportamento exige uma abordagem diferente no Seguro de Pessoas.<\/p>\n<p align=\"justify\">&#8220;<i>O consumidor pesquisa na internet, utiliza IA. Isso tamb\u00e9m nos faz repensar a maneira como comercializamos prote\u00e7\u00e3o<\/i>&#8220;, afirma o executivo.<\/p>\n<h4 align=\"justify\">Relacionamento al\u00e9m da palestra<\/h4>\n<p align=\"justify\">A discuss\u00e3o iniciada na palestra continuou no estande da CAPEMISA na feira de neg\u00f3cios Exposeg. Durante os tr\u00eas dias do congresso, de 27 a 29 de agosto, a Companhia recebeu Corretores de diferentes regi\u00f5es do pa\u00eds para conversas com a equipe comercial, esclarecimento de d\u00favidas e aprofundamento das oportunidades. O espa\u00e7o tamb\u00e9m contou com caf\u00e9, ativa\u00e7\u00f5es e brindes, al\u00e9m da entrega de um notebook entre os participantes presentes na sala de neg\u00f3cios.<\/p>\n<p align=\"justify\"><strong>Danthi<\/strong><\/p>\n","protected":false},"excerpt":{"rendered":"<p>Onde est\u00e3o as pr\u00f3ximas oportunidades no Seguro de Pessoas? A pergunta foi o ponto de partida da palestra comandada pela CAPEMISA Seguradora durante o 24\u00ba Congresso Brasileiro dos Corretores de Seguros, no Rio de Janeiro. Diante de uma plateia lotada, formada por profissionais de v\u00e1rias cidades do pa\u00eds, Leonardo Balbino, Superintendente de Administra\u00e7\u00e3o e Planejamento [&hellip;]<\/p>\n","protected":false},"author":2,"featured_media":83053,"comment_status":"open","ping_status":"open","sticky":false,"template":"","format":"standard","meta":[],"categories":[385],"tags":[17661,5097,1054],"jetpack_featured_media_url":"https:\/\/insurancecorp.com.br\/pt\/wp-content\/uploads\/2026\/09\/Leonardo-Balbino-e-Paulo-Gomes-da-CAPEMISA-scaled-e1788462455166.jpg","yoast_head":"<!-- This site is optimized with the Yoast SEO plugin v14.8 - https:\/\/yoast.com\/wordpress\/plugins\/seo\/ -->\n<title>CAPEMISA apresenta palestra no 24\u00ba Congresso Brasileiro dos Corretores | Revista Insurance Corp | PT-BR<\/title>\n<meta name=\"robots\" content=\"index, follow\" \/>\n<meta name=\"googlebot\" content=\"index, follow, max-snippet:-1, max-image-preview:large, max-video-preview:-1\" \/>\n<meta name=\"bingbot\" content=\"index, follow, max-snippet:-1, max-image-preview:large, max-video-preview:-1\" \/>\n<link rel=\"canonical\" href=\"https:\/\/insurancecorp.com.br\/pt\/2026\/09\/03\/capemisa-apresenta-palestra-no-24o-congresso-brasileiro-dos-corretores\/\" \/>\n<meta property=\"og:locale\" content=\"pt_BR\" \/>\n<meta property=\"og:type\" content=\"article\" \/>\n<meta property=\"og:title\" content=\"CAPEMISA apresenta palestra no 24\u00ba Congresso Brasileiro dos Corretores | Revista Insurance Corp | PT-BR\" \/>\n<meta property=\"og:description\" content=\"Onde est\u00e3o as pr\u00f3ximas oportunidades no Seguro de Pessoas? A pergunta foi o ponto de partida da palestra comandada pela CAPEMISA Seguradora durante o 24\u00ba Congresso Brasileiro dos Corretores de Seguros, no Rio de Janeiro. Diante de uma plateia lotada, formada por profissionais de v\u00e1rias cidades do pa\u00eds, Leonardo Balbino, Superintendente de Administra\u00e7\u00e3o e Planejamento [&hellip;]\" \/>\n<meta property=\"og:url\" content=\"https:\/\/insurancecorp.com.br\/pt\/2026\/09\/03\/capemisa-apresenta-palestra-no-24o-congresso-brasileiro-dos-corretores\/\" \/>\n<meta property=\"og:site_name\" content=\"Revista Insurance Corp | PT-BR\" \/>\n<meta property=\"article:publisher\" content=\"https:\/\/www.facebook.com\/RevistaInsuranceCorp\/\" \/>\n<meta property=\"article:published_time\" content=\"2026-09-03T19:09:04+00:00\" \/>\n<meta property=\"og:image\" content=\"https:\/\/insurancecorp.com.br\/pt\/wp-content\/uploads\/2026\/09\/Leonardo-Balbino-e-Paulo-Gomes-da-CAPEMISA-scaled-e1788462455166.jpg\" \/>\n\t<meta property=\"og:image:width\" content=\"2560\" \/>\n\t<meta property=\"og:image:height\" content=\"812\" \/>\n<meta name=\"twitter:card\" content=\"summary\" \/>\n<script type=\"application\/ld+json\" class=\"yoast-schema-graph\">{\"@context\":\"https:\/\/schema.org\",\"@graph\":[{\"@type\":\"Organization\",\"@id\":\"https:\/\/insurancecorp.com.br\/pt\/#organization\",\"name\":\"Revista Insurance Corp\",\"url\":\"https:\/\/insurancecorp.com.br\/pt\/\",\"sameAs\":[\"https:\/\/www.facebook.com\/RevistaInsuranceCorp\/\"],\"logo\":{\"@type\":\"ImageObject\",\"@id\":\"https:\/\/insurancecorp.com.br\/pt\/#logo\",\"inLanguage\":\"pt-BR\",\"url\":\"\",\"caption\":\"Revista Insurance Corp\"},\"image\":{\"@id\":\"https:\/\/insurancecorp.com.br\/pt\/#logo\"}},{\"@type\":\"WebSite\",\"@id\":\"https:\/\/insurancecorp.com.br\/pt\/#website\",\"url\":\"https:\/\/insurancecorp.com.br\/pt\/\",\"name\":\"Revista Insurance Corp | PT-BR\",\"description\":\"A \\u00fanica revista bil\\u00edngue voltada ao mercado de seguro.\",\"publisher\":{\"@id\":\"https:\/\/insurancecorp.com.br\/pt\/#organization\"},\"potentialAction\":[{\"@type\":\"SearchAction\",\"target\":\"https:\/\/insurancecorp.com.br\/pt\/?s={search_term_string}\",\"query-input\":\"required name=search_term_string\"}],\"inLanguage\":\"pt-BR\"},{\"@type\":\"ImageObject\",\"@id\":\"https:\/\/insurancecorp.com.br\/pt\/2026\/09\/03\/capemisa-apresenta-palestra-no-24o-congresso-brasileiro-dos-corretores\/#primaryimage\",\"inLanguage\":\"pt-BR\",\"url\":\"https:\/\/insurancecorp.com.br\/pt\/wp-content\/uploads\/2026\/09\/Leonardo-Balbino-e-Paulo-Gomes-da-CAPEMISA-scaled-e1788462455166.jpg\",\"width\":2560,\"height\":812},{\"@type\":\"WebPage\",\"@id\":\"https:\/\/insurancecorp.com.br\/pt\/2026\/09\/03\/capemisa-apresenta-palestra-no-24o-congresso-brasileiro-dos-corretores\/#webpage\",\"url\":\"https:\/\/insurancecorp.com.br\/pt\/2026\/09\/03\/capemisa-apresenta-palestra-no-24o-congresso-brasileiro-dos-corretores\/\",\"name\":\"CAPEMISA apresenta palestra no 24\\u00ba Congresso Brasileiro dos Corretores | Revista Insurance Corp | PT-BR\",\"isPartOf\":{\"@id\":\"https:\/\/insurancecorp.com.br\/pt\/#website\"},\"primaryImageOfPage\":{\"@id\":\"https:\/\/insurancecorp.com.br\/pt\/2026\/09\/03\/capemisa-apresenta-palestra-no-24o-congresso-brasileiro-dos-corretores\/#primaryimage\"},\"datePublished\":\"2026-09-03T19:09:04+00:00\",\"dateModified\":\"2026-09-03T19:09:04+00:00\",\"inLanguage\":\"pt-BR\",\"potentialAction\":[{\"@type\":\"ReadAction\",\"target\":[\"https:\/\/insurancecorp.com.br\/pt\/2026\/09\/03\/capemisa-apresenta-palestra-no-24o-congresso-brasileiro-dos-corretores\/\"]}]},{\"@type\":\"Article\",\"@id\":\"https:\/\/insurancecorp.com.br\/pt\/2026\/09\/03\/capemisa-apresenta-palestra-no-24o-congresso-brasileiro-dos-corretores\/#article\",\"isPartOf\":{\"@id\":\"https:\/\/insurancecorp.com.br\/pt\/2026\/09\/03\/capemisa-apresenta-palestra-no-24o-congresso-brasileiro-dos-corretores\/#webpage\"},\"author\":{\"@id\":\"https:\/\/insurancecorp.com.br\/pt\/#\/schema\/person\/1b69c8cf325f0b7167f1b171f52df4af\"},\"headline\":\"CAPEMISA apresenta palestra no 24\\u00ba Congresso Brasileiro dos Corretores\",\"datePublished\":\"2026-09-03T19:09:04+00:00\",\"dateModified\":\"2026-09-03T19:09:04+00:00\",\"mainEntityOfPage\":{\"@id\":\"https:\/\/insurancecorp.com.br\/pt\/2026\/09\/03\/capemisa-apresenta-palestra-no-24o-congresso-brasileiro-dos-corretores\/#webpage\"},\"commentCount\":0,\"publisher\":{\"@id\":\"https:\/\/insurancecorp.com.br\/pt\/#organization\"},\"image\":{\"@id\":\"https:\/\/insurancecorp.com.br\/pt\/2026\/09\/03\/capemisa-apresenta-palestra-no-24o-congresso-brasileiro-dos-corretores\/#primaryimage\"},\"keywords\":\"24\\u00ba Congresso Brasileiro dos Corretores,apresenta,Capemisa\",\"articleSection\":\"Capemisa\",\"inLanguage\":\"pt-BR\",\"potentialAction\":[{\"@type\":\"CommentAction\",\"name\":\"Comment\",\"target\":[\"https:\/\/insurancecorp.com.br\/pt\/2026\/09\/03\/capemisa-apresenta-palestra-no-24o-congresso-brasileiro-dos-corretores\/#respond\"]}]},{\"@type\":\"Person\",\"@id\":\"https:\/\/insurancecorp.com.br\/pt\/#\/schema\/person\/1b69c8cf325f0b7167f1b171f52df4af\",\"name\":\"Publica\\u00e7\\u00e3o\",\"image\":{\"@type\":\"ImageObject\",\"@id\":\"https:\/\/insurancecorp.com.br\/pt\/#personlogo\",\"inLanguage\":\"pt-BR\",\"url\":\"https:\/\/secure.gravatar.com\/avatar\/17226f1f60486eb25d4c6b301ffed37f?s=96&d=mm&r=g\",\"caption\":\"Publica\\u00e7\\u00e3o\"}}]}<\/script>\n<!-- \/ Yoast SEO plugin. -->","_links":{"self":[{"href":"https:\/\/insurancecorp.com.br\/pt\/wp-json\/wp\/v2\/posts\/83051"}],"collection":[{"href":"https:\/\/insurancecorp.com.br\/pt\/wp-json\/wp\/v2\/posts"}],"about":[{"href":"https:\/\/insurancecorp.com.br\/pt\/wp-json\/wp\/v2\/types\/post"}],"author":[{"embeddable":true,"href":"https:\/\/insurancecorp.com.br\/pt\/wp-json\/wp\/v2\/users\/2"}],"replies":[{"embeddable":true,"href":"https:\/\/insurancecorp.com.br\/pt\/wp-json\/wp\/v2\/comments?post=83051"}],"version-history":[{"count":1,"href":"https:\/\/insurancecorp.com.br\/pt\/wp-json\/wp\/v2\/posts\/83051\/revisions"}],"predecessor-version":[{"id":83056,"href":"https:\/\/insurancecorp.com.br\/pt\/wp-json\/wp\/v2\/posts\/83051\/revisions\/83056"}],"wp:featuredmedia":[{"embeddable":true,"href":"https:\/\/insurancecorp.com.br\/pt\/wp-json\/wp\/v2\/media\/83053"}],"wp:attachment":[{"href":"https:\/\/insurancecorp.com.br\/pt\/wp-json\/wp\/v2\/media?parent=83051"}],"wp:term":[{"taxonomy":"category","embeddable":true,"href":"https:\/\/insurancecorp.com.br\/pt\/wp-json\/wp\/v2\/categories?post=83051"},{"taxonomy":"post_tag","embeddable":true,"href":"https:\/\/insurancecorp.com.br\/pt\/wp-json\/wp\/v2\/tags?post=83051"}],"curies":[{"name":"wp","href":"https:\/\/api.w.org\/{rel}","templated":true}]}}