{"id":83050,"date":"2026-09-03T16:02:42","date_gmt":"2026-09-03T19:02:42","guid":{"rendered":"https:\/\/insurancecorp.com.br\/pt\/?p=83050"},"modified":"2026-09-03T16:02:42","modified_gmt":"2026-09-03T19:02:42","slug":"proauto-completa-19-anos-e-transforma-a-data-de-aniversario-em-reconhecimento-ao-associado","status":"publish","type":"post","link":"https:\/\/insurancecorp.com.br\/pt\/2026\/09\/03\/proauto-completa-19-anos-e-transforma-a-data-de-aniversario-em-reconhecimento-ao-associado\/","title":{"rendered":"PROAUTO completa 19 anos e transforma a data de anivers\u00e1rio em reconhecimento ao associado"},"content":{"rendered":"<p align=\"justify\">A PROAUTO completa 19 anos de opera\u00e7\u00e3o em 9 de setembro de 2026 e marca a data com a campanha institucional &#8220;H\u00e1 19 Anos, Voc\u00ea \u00e9 o Motivo&#8221;, que se estende no m\u00eas de setembro. A proposta inverte o roteiro habitual de anivers\u00e1rio corporativo: em vez de destacar a pr\u00f3pria trajet\u00f3ria, a comunica\u00e7\u00e3o coloca o associado como protagonista da hist\u00f3ria, sob o argumento de que uma marca que protege o sonho de milhares de brasileiros s\u00f3 existe enquanto pessoas decidem, todos os dias, continuar fazendo parte dela.<\/p>\n<p align=\"justify\">A PROAUTO completa quase duas d\u00e9cadas de atividade sob o mesmo CNPJ, em um setor historicamente marcado por opera\u00e7\u00f5es de curta dura\u00e7\u00e3o e por desconfian\u00e7a do consumidor. \u00c9 esse tempo de estrada, e n\u00e3o a efem\u00e9ride em si, que a marca elege como argumento central da comunica\u00e7\u00e3o de setembro, apoiado no reconhecimento obtido junto ao Reclame Aqui, onde a PROAUTO figura entre as empresas mais bem avaliadas pelo consumidor, com cinco indica\u00e7\u00f5es consecutivas ao pr\u00eamio na categoria Prote\u00e7\u00e3o Veicular e manuten\u00e7\u00e3o do selo RA1000.<\/p>\n<p align=\"justify\">A perman\u00eancia \u00e9 sustentada por estrutura pr\u00f3pria. A PROAUTO mant\u00e9m matriz em Belo Horizonte e sede administrativa em Campinas, opera com assist\u00eancia 24 horas e abrang\u00eancia nacional e disponibiliza aplicativo pr\u00f3prio, em que o associado aciona e acompanha atendimentos e gerencia pagamentos. Para a marca, \u00e9 esse conjunto, e n\u00e3o a data em si, que explica por que um consumidor renova a decis\u00e3o de proteger o carro ano ap\u00f3s ano.<\/p>\n<p align=\"justify\">A campanha percorre redes sociais, e-mail, SMS e canais de relacionamento com quatro p\u00fablicos definidos: quem est\u00e1 chegando agora, quem mant\u00e9m a prote\u00e7\u00e3o ativa, quem esteve com a PROAUTO e pretende retornar e quem precisa regularizar a ades\u00e3o. Em todos os casos, a mensagem parte do mesmo eixo, o de que a comemora\u00e7\u00e3o pertence a quem sustenta a opera\u00e7\u00e3o. Como parte da a\u00e7\u00e3o, a marca realizar\u00e1 um sorteio entre os participantes eleg\u00edveis no per\u00edodo, com regulamento pr\u00f3prio disponibilizado nos canais oficiais e apura\u00e7\u00e3o em plataforma com link p\u00fablico de resultado.<\/p>\n<p align=\"justify\">Para o presidente da PROAUTO, Leandro Costa Ramos, a data diz menos sobre a empresa e mais sobre o comportamento de quem escolheu proteger o carro com a marca.<\/p>\n<p align=\"justify\">&#8220;<i>Dezenove anos em um setor como o nosso n\u00e3o se explicam por marketing, se explicam por gente que ficou. A cada evento resolvido, a cada carro devolvido para a rotina de uma fam\u00edlia, algu\u00e9m decidiu confiar de novo. Por isso n\u00e3o faz sentido a PROAUTO passar setembro falando de si mesma. A hist\u00f3ria \u00e9 nossa, mas o motivo dela s\u00e3o os associados<\/i>&#8220;, afirma Leandro Costa Ramos, presidente da PROAUTO.<\/p>\n<p align=\"justify\"><strong>B36<\/strong><\/p>\n","protected":false},"excerpt":{"rendered":"<p>A PROAUTO completa 19 anos de opera\u00e7\u00e3o em 9 de setembro de 2026 e marca a data com a campanha institucional &#8220;H\u00e1 19 Anos, Voc\u00ea \u00e9 o Motivo&#8221;, que se estende no m\u00eas de setembro. A proposta inverte o roteiro habitual de anivers\u00e1rio corporativo: em vez de destacar a pr\u00f3pria trajet\u00f3ria, a comunica\u00e7\u00e3o coloca o [&hellip;]<\/p>\n","protected":false},"author":2,"featured_media":83052,"comment_status":"open","ping_status":"open","sticky":false,"template":"","format":"standard","meta":[],"categories":[16342],"tags":[16132,17660,15180,12961],"jetpack_featured_media_url":"https:\/\/insurancecorp.com.br\/pt\/wp-content\/uploads\/2026\/09\/Divulgacao-PROAUTO-1.jpg","yoast_head":"<!-- This site is optimized with the Yoast SEO plugin v14.8 - https:\/\/yoast.com\/wordpress\/plugins\/seo\/ -->\n<title>PROAUTO completa 19 anos e transforma a data de anivers\u00e1rio em reconhecimento ao associado | Revista Insurance Corp | PT-BR<\/title>\n<meta name=\"robots\" content=\"index, follow\" \/>\n<meta name=\"googlebot\" content=\"index, follow, max-snippet:-1, max-image-preview:large, max-video-preview:-1\" \/>\n<meta name=\"bingbot\" content=\"index, follow, max-snippet:-1, max-image-preview:large, max-video-preview:-1\" \/>\n<link rel=\"canonical\" href=\"https:\/\/insurancecorp.com.br\/pt\/2026\/09\/03\/proauto-completa-19-anos-e-transforma-a-data-de-aniversario-em-reconhecimento-ao-associado\/\" \/>\n<meta property=\"og:locale\" content=\"pt_BR\" \/>\n<meta property=\"og:type\" content=\"article\" \/>\n<meta property=\"og:title\" content=\"PROAUTO completa 19 anos e transforma a data de anivers\u00e1rio em reconhecimento ao associado | Revista Insurance Corp | PT-BR\" \/>\n<meta property=\"og:description\" content=\"A PROAUTO completa 19 anos de opera\u00e7\u00e3o em 9 de setembro de 2026 e marca a data com a campanha institucional &#8220;H\u00e1 19 Anos, Voc\u00ea \u00e9 o Motivo&#8221;, que se estende no m\u00eas de setembro. A proposta inverte o roteiro habitual de anivers\u00e1rio corporativo: em vez de destacar a pr\u00f3pria trajet\u00f3ria, a comunica\u00e7\u00e3o coloca o [&hellip;]\" \/>\n<meta property=\"og:url\" content=\"https:\/\/insurancecorp.com.br\/pt\/2026\/09\/03\/proauto-completa-19-anos-e-transforma-a-data-de-aniversario-em-reconhecimento-ao-associado\/\" \/>\n<meta property=\"og:site_name\" content=\"Revista Insurance Corp | PT-BR\" \/>\n<meta property=\"article:publisher\" content=\"https:\/\/www.facebook.com\/RevistaInsuranceCorp\/\" \/>\n<meta property=\"article:published_time\" content=\"2026-09-03T19:02:42+00:00\" \/>\n<meta property=\"og:image\" content=\"https:\/\/insurancecorp.com.br\/pt\/wp-content\/uploads\/2026\/09\/Divulgacao-PROAUTO-1.jpg\" \/>\n\t<meta property=\"og:image:width\" content=\"1920\" \/>\n\t<meta property=\"og:image:height\" content=\"1080\" \/>\n<meta name=\"twitter:card\" content=\"summary\" \/>\n<script type=\"application\/ld+json\" class=\"yoast-schema-graph\">{\"@context\":\"https:\/\/schema.org\",\"@graph\":[{\"@type\":\"Organization\",\"@id\":\"https:\/\/insurancecorp.com.br\/pt\/#organization\",\"name\":\"Revista Insurance Corp\",\"url\":\"https:\/\/insurancecorp.com.br\/pt\/\",\"sameAs\":[\"https:\/\/www.facebook.com\/RevistaInsuranceCorp\/\"],\"logo\":{\"@type\":\"ImageObject\",\"@id\":\"https:\/\/insurancecorp.com.br\/pt\/#logo\",\"inLanguage\":\"pt-BR\",\"url\":\"\",\"caption\":\"Revista Insurance Corp\"},\"image\":{\"@id\":\"https:\/\/insurancecorp.com.br\/pt\/#logo\"}},{\"@type\":\"WebSite\",\"@id\":\"https:\/\/insurancecorp.com.br\/pt\/#website\",\"url\":\"https:\/\/insurancecorp.com.br\/pt\/\",\"name\":\"Revista Insurance Corp | PT-BR\",\"description\":\"A \\u00fanica revista bil\\u00edngue voltada ao mercado de seguro.\",\"publisher\":{\"@id\":\"https:\/\/insurancecorp.com.br\/pt\/#organization\"},\"potentialAction\":[{\"@type\":\"SearchAction\",\"target\":\"https:\/\/insurancecorp.com.br\/pt\/?s={search_term_string}\",\"query-input\":\"required name=search_term_string\"}],\"inLanguage\":\"pt-BR\"},{\"@type\":\"ImageObject\",\"@id\":\"https:\/\/insurancecorp.com.br\/pt\/2026\/09\/03\/proauto-completa-19-anos-e-transforma-a-data-de-aniversario-em-reconhecimento-ao-associado\/#primaryimage\",\"inLanguage\":\"pt-BR\",\"url\":\"https:\/\/insurancecorp.com.br\/pt\/wp-content\/uploads\/2026\/09\/Divulgacao-PROAUTO-1.jpg\",\"width\":1920,\"height\":1080},{\"@type\":\"WebPage\",\"@id\":\"https:\/\/insurancecorp.com.br\/pt\/2026\/09\/03\/proauto-completa-19-anos-e-transforma-a-data-de-aniversario-em-reconhecimento-ao-associado\/#webpage\",\"url\":\"https:\/\/insurancecorp.com.br\/pt\/2026\/09\/03\/proauto-completa-19-anos-e-transforma-a-data-de-aniversario-em-reconhecimento-ao-associado\/\",\"name\":\"PROAUTO completa 19 anos e transforma a data de anivers\\u00e1rio em reconhecimento ao associado | Revista Insurance Corp | PT-BR\",\"isPartOf\":{\"@id\":\"https:\/\/insurancecorp.com.br\/pt\/#website\"},\"primaryImageOfPage\":{\"@id\":\"https:\/\/insurancecorp.com.br\/pt\/2026\/09\/03\/proauto-completa-19-anos-e-transforma-a-data-de-aniversario-em-reconhecimento-ao-associado\/#primaryimage\"},\"datePublished\":\"2026-09-03T19:02:42+00:00\",\"dateModified\":\"2026-09-03T19:02:42+00:00\",\"inLanguage\":\"pt-BR\",\"potentialAction\":[{\"@type\":\"ReadAction\",\"target\":[\"https:\/\/insurancecorp.com.br\/pt\/2026\/09\/03\/proauto-completa-19-anos-e-transforma-a-data-de-aniversario-em-reconhecimento-ao-associado\/\"]}]},{\"@type\":\"Article\",\"@id\":\"https:\/\/insurancecorp.com.br\/pt\/2026\/09\/03\/proauto-completa-19-anos-e-transforma-a-data-de-aniversario-em-reconhecimento-ao-associado\/#article\",\"isPartOf\":{\"@id\":\"https:\/\/insurancecorp.com.br\/pt\/2026\/09\/03\/proauto-completa-19-anos-e-transforma-a-data-de-aniversario-em-reconhecimento-ao-associado\/#webpage\"},\"author\":{\"@id\":\"https:\/\/insurancecorp.com.br\/pt\/#\/schema\/person\/1b69c8cf325f0b7167f1b171f52df4af\"},\"headline\":\"PROAUTO completa 19 anos e transforma a data de anivers\\u00e1rio em reconhecimento ao associado\",\"datePublished\":\"2026-09-03T19:02:42+00:00\",\"dateModified\":\"2026-09-03T19:02:42+00:00\",\"mainEntityOfPage\":{\"@id\":\"https:\/\/insurancecorp.com.br\/pt\/2026\/09\/03\/proauto-completa-19-anos-e-transforma-a-data-de-aniversario-em-reconhecimento-ao-associado\/#webpage\"},\"commentCount\":0,\"publisher\":{\"@id\":\"https:\/\/insurancecorp.com.br\/pt\/#organization\"},\"image\":{\"@id\":\"https:\/\/insurancecorp.com.br\/pt\/2026\/09\/03\/proauto-completa-19-anos-e-transforma-a-data-de-aniversario-em-reconhecimento-ao-associado\/#primaryimage\"},\"keywords\":\"19 anos,data de anivers\\u00e1rio,proauto,transforma\",\"articleSection\":\"PROAUTO\",\"inLanguage\":\"pt-BR\",\"potentialAction\":[{\"@type\":\"CommentAction\",\"name\":\"Comment\",\"target\":[\"https:\/\/insurancecorp.com.br\/pt\/2026\/09\/03\/proauto-completa-19-anos-e-transforma-a-data-de-aniversario-em-reconhecimento-ao-associado\/#respond\"]}]},{\"@type\":\"Person\",\"@id\":\"https:\/\/insurancecorp.com.br\/pt\/#\/schema\/person\/1b69c8cf325f0b7167f1b171f52df4af\",\"name\":\"Publica\\u00e7\\u00e3o\",\"image\":{\"@type\":\"ImageObject\",\"@id\":\"https:\/\/insurancecorp.com.br\/pt\/#personlogo\",\"inLanguage\":\"pt-BR\",\"url\":\"https:\/\/secure.gravatar.com\/avatar\/17226f1f60486eb25d4c6b301ffed37f?s=96&d=mm&r=g\",\"caption\":\"Publica\\u00e7\\u00e3o\"}}]}<\/script>\n<!-- \/ Yoast SEO plugin. -->","_links":{"self":[{"href":"https:\/\/insurancecorp.com.br\/pt\/wp-json\/wp\/v2\/posts\/83050"}],"collection":[{"href":"https:\/\/insurancecorp.com.br\/pt\/wp-json\/wp\/v2\/posts"}],"about":[{"href":"https:\/\/insurancecorp.com.br\/pt\/wp-json\/wp\/v2\/types\/post"}],"author":[{"embeddable":true,"href":"https:\/\/insurancecorp.com.br\/pt\/wp-json\/wp\/v2\/users\/2"}],"replies":[{"embeddable":true,"href":"https:\/\/insurancecorp.com.br\/pt\/wp-json\/wp\/v2\/comments?post=83050"}],"version-history":[{"count":1,"href":"https:\/\/insurancecorp.com.br\/pt\/wp-json\/wp\/v2\/posts\/83050\/revisions"}],"predecessor-version":[{"id":83054,"href":"https:\/\/insurancecorp.com.br\/pt\/wp-json\/wp\/v2\/posts\/83050\/revisions\/83054"}],"wp:featuredmedia":[{"embeddable":true,"href":"https:\/\/insurancecorp.com.br\/pt\/wp-json\/wp\/v2\/media\/83052"}],"wp:attachment":[{"href":"https:\/\/insurancecorp.com.br\/pt\/wp-json\/wp\/v2\/media?parent=83050"}],"wp:term":[{"taxonomy":"category","embeddable":true,"href":"https:\/\/insurancecorp.com.br\/pt\/wp-json\/wp\/v2\/categories?post=83050"},{"taxonomy":"post_tag","embeddable":true,"href":"https:\/\/insurancecorp.com.br\/pt\/wp-json\/wp\/v2\/tags?post=83050"}],"curies":[{"name":"wp","href":"https:\/\/api.w.org\/{rel}","templated":true}]}}