{"id":83045,"date":"2026-09-03T15:51:10","date_gmt":"2026-09-03T18:51:10","guid":{"rendered":"https:\/\/insurancecorp.com.br\/pt\/?p=83045"},"modified":"2026-09-03T15:51:10","modified_gmt":"2026-09-03T18:51:10","slug":"mapfre-premia-vencedoras-da-5a-edicao-do-tubaroes-com-viagem-a-portugal-e-espanha","status":"publish","type":"post","link":"https:\/\/insurancecorp.com.br\/pt\/2026\/09\/03\/mapfre-premia-vencedoras-da-5a-edicao-do-tubaroes-com-viagem-a-portugal-e-espanha\/","title":{"rendered":"Mapfre premia vencedoras da 5\u00aa edi\u00e7\u00e3o do &#8216;Tubar\u00f5es&#8217; com viagem a Portugal e Espanha"},"content":{"rendered":"<p align=\"justify\">As vencedoras da 5\u00aa edi\u00e7\u00e3o do &#8216;Tubar\u00f5es&#8217;, programa de inova\u00e7\u00e3o interna da seguradora Mapfre, foram premiadas com uma viagem a Portugal e Espanha. O roteiro inclui participa\u00e7\u00e3o no Web Summit Lisboa, uma das principais confer\u00eancias internacionais de tecnologia e inova\u00e7\u00e3o, e visita \u00e0 sede da companhia em Madrid. Neste ano, o programa recebeu 161 ideias eleg\u00edveis, o maior n\u00famero desde sua cria\u00e7\u00e3o, com projetos concentrados em oportunidades de neg\u00f3cio, vendas, experi\u00eancia do cliente e aplica\u00e7\u00f5es de intelig\u00eancia artificial.<\/p>\n<p align=\"justify\">A final reuniu seis grupos, formados por 16 colaboradores de diferentes \u00e1reas da Mapfre, que apresentaram seus projetos a uma banca de executivos formada pelo CEO da companhia no Brasil, Felipe Nascimento; Nelson Alves, COO; Leire Jim\u00e9nez, diretora global de Inova\u00e7\u00e3o; e Vanessa Escriv\u00e1, CIO global da Mapfre. A sele\u00e7\u00e3o come\u00e7ou com 33 pr\u00e9-finalistas e chegou a 16 propostas aprovadas antes da defini\u00e7\u00e3o dos seis grupos que disputaram a etapa final.<\/p>\n<p align=\"justify\">O projeto vencedor foi o &#8216;MOVE&#8217;, que prop\u00f4s novas formas de aproximar as solu\u00e7\u00f5es de Seguro de Vida a p\u00fablicos segmentados. O processo foi conduzido pela \u00e1rea de Transforma\u00e7\u00e3o, Dados e IA, que tamb\u00e9m acompanhou os participantes na prepara\u00e7\u00e3o dos pitches apresentados aos executivos.<\/p>\n<p align=\"justify\">Para Fabio Colpas, diretor de Inova\u00e7\u00e3o, Dados e IA da Mapfre, &#8220;<i>O Tubar\u00f5es tem uma caracter\u00edstica que considero muito importante, que \u00e9 criar espa\u00e7o para que as pessoas tragam aquilo que enxergam no dia a dia e coloquem essas ideias para serem discutidas dentro da empresa. Chegar \u00e0 quinta edi\u00e7\u00e3o com recorde de ideias mostra o n\u00edvel de engajamento que conseguimos construir. \u00c9 muito bom acompanhar esse movimento e ver os colaboradores assumindo esse papel de protagonistas<\/i>&#8220;, afirma.<\/p>\n<h4 align=\"justify\">Tema da edi\u00e7\u00e3o foi crescimento do neg\u00f3cio<\/h4>\n<p align=\"justify\">O desafio proposto aos participantes neste ano esteve diretamente ligado ao crescimento da opera\u00e7\u00e3o. As ideias deveriam abordar oportunidades ou melhorias capazes de gerar valor para clientes, corretores ou a pr\u00f3pria Mapfre. O direcionamento aproximou os projetos da agenda de neg\u00f3cios da companhia.<\/p>\n<p align=\"justify\">&#8220;<i>Nesta edi\u00e7\u00e3o, percebemos um olhar muito direcionado para o neg\u00f3cio, e isso mostra como os colaboradores est\u00e3o entendendo que inova\u00e7\u00e3o tamb\u00e9m passa por questionar processos, identificar oportunidades e pensar em novas formas de fazer as coisas<\/i>&#8220;, acrescenta Fabio.<\/p>\n<p align=\"justify\">A edi\u00e7\u00e3o anterior, realizada em 2025, teve a intelig\u00eancia artificial como tema central. Na ocasi\u00e3o, 201 colaboradores participaram do programa e apresentaram mais de 151 ideias. J\u00e1 na segunda edi\u00e7\u00e3o, em 2023, seis projetos chegaram \u00e0 grande final, enquanto outras propostas avaliadas durante o processo foram encaminhadas para implementa\u00e7\u00e3o pela companhia.<\/p>\n<p align=\"justify\">Criado para estimular o intraempreendedorismo, o &#8216;Tubar\u00f5es&#8217; re\u00fane colaboradores de diferentes \u00e1reas, que desenvolvem ideias voltadas \u00e0 companhia. Durante as etapas de avalia\u00e7\u00e3o, os participantes apresentam seus projetos a executivos e recebem acompanhamento para amadurecer as propostas.<\/p>\n<p align=\"justify\"><strong>InPress Porter Novelli<\/strong><\/p>\n","protected":false},"excerpt":{"rendered":"<p>As vencedoras da 5\u00aa edi\u00e7\u00e3o do &#8216;Tubar\u00f5es&#8217;, programa de inova\u00e7\u00e3o interna da seguradora Mapfre, foram premiadas com uma viagem a Portugal e Espanha. O roteiro inclui participa\u00e7\u00e3o no Web Summit Lisboa, uma das principais confer\u00eancias internacionais de tecnologia e inova\u00e7\u00e3o, e visita \u00e0 sede da companhia em Madrid. Neste ano, o programa recebeu 161 ideias [&hellip;]<\/p>\n","protected":false},"author":2,"featured_media":83047,"comment_status":"open","ping_status":"open","sticky":false,"template":"","format":"standard","meta":[],"categories":[123],"tags":[17659,4332,2592,2381,978],"jetpack_featured_media_url":"https:\/\/insurancecorp.com.br\/pt\/wp-content\/uploads\/2026\/09\/4zYmOzEmZhFzY6InYu02bj5Ccy92YlNmbhJXdz5WaA9WYjFGZlJnOyMDNzMTM0MTOxozZlBnauc3bsFTN2kzM5QGZ0IjZ4IWYzUDMmBDNhVTMzYjNxYjM1MjMGJTJ1MjMGJTJxATO3IjRyUSN0ADNx8VL1ETLf9VLwITLfpTO-e1788461406553.jpeg","yoast_head":"<!-- This site is optimized with the Yoast SEO plugin v14.8 - https:\/\/yoast.com\/wordpress\/plugins\/seo\/ -->\n<title>Mapfre premia vencedoras da 5\u00aa edi\u00e7\u00e3o do &#039;Tubar\u00f5es&#039; com viagem a Portugal e Espanha | Revista Insurance Corp | PT-BR<\/title>\n<meta name=\"robots\" content=\"index, follow\" \/>\n<meta name=\"googlebot\" content=\"index, follow, max-snippet:-1, max-image-preview:large, max-video-preview:-1\" \/>\n<meta name=\"bingbot\" content=\"index, follow, max-snippet:-1, max-image-preview:large, max-video-preview:-1\" \/>\n<link rel=\"canonical\" href=\"https:\/\/insurancecorp.com.br\/pt\/2026\/09\/03\/mapfre-premia-vencedoras-da-5a-edicao-do-tubaroes-com-viagem-a-portugal-e-espanha\/\" \/>\n<meta property=\"og:locale\" content=\"pt_BR\" \/>\n<meta property=\"og:type\" content=\"article\" \/>\n<meta property=\"og:title\" content=\"Mapfre premia vencedoras da 5\u00aa edi\u00e7\u00e3o do &#039;Tubar\u00f5es&#039; com viagem a Portugal e Espanha | Revista Insurance Corp | PT-BR\" \/>\n<meta property=\"og:description\" content=\"As vencedoras da 5\u00aa edi\u00e7\u00e3o do &#8216;Tubar\u00f5es&#8217;, programa de inova\u00e7\u00e3o interna da seguradora Mapfre, foram premiadas com uma viagem a Portugal e Espanha. O roteiro inclui participa\u00e7\u00e3o no Web Summit Lisboa, uma das principais confer\u00eancias internacionais de tecnologia e inova\u00e7\u00e3o, e visita \u00e0 sede da companhia em Madrid. Neste ano, o programa recebeu 161 ideias [&hellip;]\" \/>\n<meta property=\"og:url\" content=\"https:\/\/insurancecorp.com.br\/pt\/2026\/09\/03\/mapfre-premia-vencedoras-da-5a-edicao-do-tubaroes-com-viagem-a-portugal-e-espanha\/\" \/>\n<meta property=\"og:site_name\" content=\"Revista Insurance Corp | PT-BR\" \/>\n<meta property=\"article:publisher\" content=\"https:\/\/www.facebook.com\/RevistaInsuranceCorp\/\" \/>\n<meta property=\"article:published_time\" content=\"2026-09-03T18:51:10+00:00\" \/>\n<meta property=\"og:image\" content=\"https:\/\/insurancecorp.com.br\/pt\/wp-content\/uploads\/2026\/09\/4zYmOzEmZhFzY6InYu02bj5Ccy92YlNmbhJXdz5WaA9WYjFGZlJnOyMDNzMTM0MTOxozZlBnauc3bsFTN2kzM5QGZ0IjZ4IWYzUDMmBDNhVTMzYjNxYjM1MjMGJTJ1MjMGJTJxATO3IjRyUSN0ADNx8VL1ETLf9VLwITLfpTO-e1788461406553.jpeg\" \/>\n\t<meta property=\"og:image:width\" content=\"800\" \/>\n\t<meta property=\"og:image:height\" content=\"258\" \/>\n<meta name=\"twitter:card\" content=\"summary\" \/>\n<script type=\"application\/ld+json\" class=\"yoast-schema-graph\">{\"@context\":\"https:\/\/schema.org\",\"@graph\":[{\"@type\":\"Organization\",\"@id\":\"https:\/\/insurancecorp.com.br\/pt\/#organization\",\"name\":\"Revista Insurance Corp\",\"url\":\"https:\/\/insurancecorp.com.br\/pt\/\",\"sameAs\":[\"https:\/\/www.facebook.com\/RevistaInsuranceCorp\/\"],\"logo\":{\"@type\":\"ImageObject\",\"@id\":\"https:\/\/insurancecorp.com.br\/pt\/#logo\",\"inLanguage\":\"pt-BR\",\"url\":\"\",\"caption\":\"Revista Insurance Corp\"},\"image\":{\"@id\":\"https:\/\/insurancecorp.com.br\/pt\/#logo\"}},{\"@type\":\"WebSite\",\"@id\":\"https:\/\/insurancecorp.com.br\/pt\/#website\",\"url\":\"https:\/\/insurancecorp.com.br\/pt\/\",\"name\":\"Revista Insurance Corp | PT-BR\",\"description\":\"A \\u00fanica revista bil\\u00edngue voltada ao mercado de seguro.\",\"publisher\":{\"@id\":\"https:\/\/insurancecorp.com.br\/pt\/#organization\"},\"potentialAction\":[{\"@type\":\"SearchAction\",\"target\":\"https:\/\/insurancecorp.com.br\/pt\/?s={search_term_string}\",\"query-input\":\"required name=search_term_string\"}],\"inLanguage\":\"pt-BR\"},{\"@type\":\"ImageObject\",\"@id\":\"https:\/\/insurancecorp.com.br\/pt\/2026\/09\/03\/mapfre-premia-vencedoras-da-5a-edicao-do-tubaroes-com-viagem-a-portugal-e-espanha\/#primaryimage\",\"inLanguage\":\"pt-BR\",\"url\":\"https:\/\/insurancecorp.com.br\/pt\/wp-content\/uploads\/2026\/09\/4zYmOzEmZhFzY6InYu02bj5Ccy92YlNmbhJXdz5WaA9WYjFGZlJnOyMDNzMTM0MTOxozZlBnauc3bsFTN2kzM5QGZ0IjZ4IWYzUDMmBDNhVTMzYjNxYjM1MjMGJTJ1MjMGJTJxATO3IjRyUSN0ADNx8VL1ETLf9VLwITLfpTO-e1788461406553.jpeg\",\"width\":800,\"height\":258},{\"@type\":\"WebPage\",\"@id\":\"https:\/\/insurancecorp.com.br\/pt\/2026\/09\/03\/mapfre-premia-vencedoras-da-5a-edicao-do-tubaroes-com-viagem-a-portugal-e-espanha\/#webpage\",\"url\":\"https:\/\/insurancecorp.com.br\/pt\/2026\/09\/03\/mapfre-premia-vencedoras-da-5a-edicao-do-tubaroes-com-viagem-a-portugal-e-espanha\/\",\"name\":\"Mapfre premia vencedoras da 5\\u00aa edi\\u00e7\\u00e3o do 'Tubar\\u00f5es' com viagem a Portugal e Espanha | Revista Insurance Corp | PT-BR\",\"isPartOf\":{\"@id\":\"https:\/\/insurancecorp.com.br\/pt\/#website\"},\"primaryImageOfPage\":{\"@id\":\"https:\/\/insurancecorp.com.br\/pt\/2026\/09\/03\/mapfre-premia-vencedoras-da-5a-edicao-do-tubaroes-com-viagem-a-portugal-e-espanha\/#primaryimage\"},\"datePublished\":\"2026-09-03T18:51:10+00:00\",\"dateModified\":\"2026-09-03T18:51:10+00:00\",\"inLanguage\":\"pt-BR\",\"potentialAction\":[{\"@type\":\"ReadAction\",\"target\":[\"https:\/\/insurancecorp.com.br\/pt\/2026\/09\/03\/mapfre-premia-vencedoras-da-5a-edicao-do-tubaroes-com-viagem-a-portugal-e-espanha\/\"]}]},{\"@type\":\"Article\",\"@id\":\"https:\/\/insurancecorp.com.br\/pt\/2026\/09\/03\/mapfre-premia-vencedoras-da-5a-edicao-do-tubaroes-com-viagem-a-portugal-e-espanha\/#article\",\"isPartOf\":{\"@id\":\"https:\/\/insurancecorp.com.br\/pt\/2026\/09\/03\/mapfre-premia-vencedoras-da-5a-edicao-do-tubaroes-com-viagem-a-portugal-e-espanha\/#webpage\"},\"author\":{\"@id\":\"https:\/\/insurancecorp.com.br\/pt\/#\/schema\/person\/1b69c8cf325f0b7167f1b171f52df4af\"},\"headline\":\"Mapfre premia vencedoras da 5\\u00aa edi\\u00e7\\u00e3o do &#8216;Tubar\\u00f5es&#8217; com viagem a Portugal e Espanha\",\"datePublished\":\"2026-09-03T18:51:10+00:00\",\"dateModified\":\"2026-09-03T18:51:10+00:00\",\"mainEntityOfPage\":{\"@id\":\"https:\/\/insurancecorp.com.br\/pt\/2026\/09\/03\/mapfre-premia-vencedoras-da-5a-edicao-do-tubaroes-com-viagem-a-portugal-e-espanha\/#webpage\"},\"commentCount\":0,\"publisher\":{\"@id\":\"https:\/\/insurancecorp.com.br\/pt\/#organization\"},\"image\":{\"@id\":\"https:\/\/insurancecorp.com.br\/pt\/2026\/09\/03\/mapfre-premia-vencedoras-da-5a-edicao-do-tubaroes-com-viagem-a-portugal-e-espanha\/#primaryimage\"},\"keywords\":\"'Tubar\\u00f5es',5\\u00aa edi\\u00e7\\u00e3o,Espanha,Mapfre,Portugal\",\"articleSection\":\"Mapfre\",\"inLanguage\":\"pt-BR\",\"potentialAction\":[{\"@type\":\"CommentAction\",\"name\":\"Comment\",\"target\":[\"https:\/\/insurancecorp.com.br\/pt\/2026\/09\/03\/mapfre-premia-vencedoras-da-5a-edicao-do-tubaroes-com-viagem-a-portugal-e-espanha\/#respond\"]}]},{\"@type\":\"Person\",\"@id\":\"https:\/\/insurancecorp.com.br\/pt\/#\/schema\/person\/1b69c8cf325f0b7167f1b171f52df4af\",\"name\":\"Publica\\u00e7\\u00e3o\",\"image\":{\"@type\":\"ImageObject\",\"@id\":\"https:\/\/insurancecorp.com.br\/pt\/#personlogo\",\"inLanguage\":\"pt-BR\",\"url\":\"https:\/\/secure.gravatar.com\/avatar\/17226f1f60486eb25d4c6b301ffed37f?s=96&d=mm&r=g\",\"caption\":\"Publica\\u00e7\\u00e3o\"}}]}<\/script>\n<!-- \/ Yoast SEO plugin. -->","_links":{"self":[{"href":"https:\/\/insurancecorp.com.br\/pt\/wp-json\/wp\/v2\/posts\/83045"}],"collection":[{"href":"https:\/\/insurancecorp.com.br\/pt\/wp-json\/wp\/v2\/posts"}],"about":[{"href":"https:\/\/insurancecorp.com.br\/pt\/wp-json\/wp\/v2\/types\/post"}],"author":[{"embeddable":true,"href":"https:\/\/insurancecorp.com.br\/pt\/wp-json\/wp\/v2\/users\/2"}],"replies":[{"embeddable":true,"href":"https:\/\/insurancecorp.com.br\/pt\/wp-json\/wp\/v2\/comments?post=83045"}],"version-history":[{"count":1,"href":"https:\/\/insurancecorp.com.br\/pt\/wp-json\/wp\/v2\/posts\/83045\/revisions"}],"predecessor-version":[{"id":83049,"href":"https:\/\/insurancecorp.com.br\/pt\/wp-json\/wp\/v2\/posts\/83045\/revisions\/83049"}],"wp:featuredmedia":[{"embeddable":true,"href":"https:\/\/insurancecorp.com.br\/pt\/wp-json\/wp\/v2\/media\/83047"}],"wp:attachment":[{"href":"https:\/\/insurancecorp.com.br\/pt\/wp-json\/wp\/v2\/media?parent=83045"}],"wp:term":[{"taxonomy":"category","embeddable":true,"href":"https:\/\/insurancecorp.com.br\/pt\/wp-json\/wp\/v2\/categories?post=83045"},{"taxonomy":"post_tag","embeddable":true,"href":"https:\/\/insurancecorp.com.br\/pt\/wp-json\/wp\/v2\/tags?post=83045"}],"curies":[{"name":"wp","href":"https:\/\/api.w.org\/{rel}","templated":true}]}}