{"id":83043,"date":"2026-09-03T15:50:37","date_gmt":"2026-09-03T18:50:37","guid":{"rendered":"https:\/\/insurancecorp.com.br\/pt\/?p=83043"},"modified":"2026-09-03T15:50:37","modified_gmt":"2026-09-03T18:50:37","slug":"sura-reforca-compromisso-com-a-educacao-e-a-cultura-como-apoiadora-oficial-da-28a-bienal-do-livro-de-sao-paulo","status":"publish","type":"post","link":"https:\/\/insurancecorp.com.br\/pt\/2026\/09\/03\/sura-reforca-compromisso-com-a-educacao-e-a-cultura-como-apoiadora-oficial-da-28a-bienal-do-livro-de-sao-paulo\/","title":{"rendered":"SURA refor\u00e7a compromisso com a educa\u00e7\u00e3o e a cultura como apoiadora oficial da 28\u00aa Bienal do Livro de S\u00e3o Paulo"},"content":{"rendered":"<p align=\"justify\">A Seguros SURA Brasil, especialista em gest\u00e3o de tend\u00eancias e riscos, est\u00e1 novamente na Bienal Internacional do Livro de S\u00e3o Paulo. A 28\u00aa edi\u00e7\u00e3o do evento, considerado o maior encontro liter\u00e1rio da Am\u00e9rica Latina, ocorrer\u00e1 de 4 a 13 de setembro no Distrito Anhembi.<\/p>\n<p align=\"justify\">A presen\u00e7a na feira reflete o posicionamento da empresa de investir em experi\u00eancias que geram impacto positivo e estimulam a pluralidade de ideias. Ao atuar como a seguradora oficial do evento e garantir a cobertura de diversos expositores, a SURA \u2014 que em 2024 se destacou como a primeira do setor a apoiar a Bienal \u2014 consolida sua atua\u00e7\u00e3o no ecossistema cultural, ambiente que re\u00fane autores, editoras e leitores em discuss\u00f5es fundamentais para a sociedade.<\/p>\n<p align=\"justify\">O compromisso com a literatura responde tamb\u00e9m a uma cultura interna, que fomenta a criatividade e a express\u00e3o art\u00edstica por meio de programas culturais voltados aos colaboradores. Exemplo disso \u00e9 o Clube de Leitura, criado h\u00e1 cerca de dois anos para explorar t\u00edtulos cl\u00e1ssicos e contempor\u00e2neos em encontros peri\u00f3dicos. Al\u00e9m disso, a companhia homenageia grandes escritores brasileiros, como Machado de Assis, Jorge Amado e Cora Coralina, batizando as salas de reuni\u00e3o de sua opera\u00e7\u00e3o.<\/p>\n<p align=\"justify\">&#8220;<i>Para celebrar essa parceria, disponibilizamos ingressos cortesia para que colaboradores, corretores e parceiros comerciais vivam essa experi\u00eancia com a gente. Afinal, estar presente onde o conhecimento e a arte acontecem refor\u00e7a a nossa cren\u00e7a de que apoiar a cultura \u00e9 essencial para construir uma sociedade mais justa e sustent\u00e1vel<\/i>&#8220;, afirma Isa Correia, diretora de Marketing e Comunica\u00e7\u00f5es da Seguros SURA.<\/p>\n<p align=\"justify\"><strong>Ideal Axicom<\/strong><\/p>\n","protected":false},"excerpt":{"rendered":"<p>A Seguros SURA Brasil, especialista em gest\u00e3o de tend\u00eancias e riscos, est\u00e1 novamente na Bienal Internacional do Livro de S\u00e3o Paulo. A 28\u00aa edi\u00e7\u00e3o do evento, considerado o maior encontro liter\u00e1rio da Am\u00e9rica Latina, ocorrer\u00e1 de 4 a 13 de setembro no Distrito Anhembi. A presen\u00e7a na feira reflete o posicionamento da empresa de investir [&hellip;]<\/p>\n","protected":false},"author":2,"featured_media":83046,"comment_status":"open","ping_status":"open","sticky":false,"template":"","format":"standard","meta":[],"categories":[106],"tags":[17657,17658,1856,1857,2741],"jetpack_featured_media_url":"https:\/\/insurancecorp.com.br\/pt\/wp-content\/uploads\/2026\/09\/link-3-scaled-e1788461413106.jpeg","yoast_head":"<!-- This site is optimized with the Yoast SEO plugin v14.8 - https:\/\/yoast.com\/wordpress\/plugins\/seo\/ -->\n<title>SURA refor\u00e7a compromisso com a educa\u00e7\u00e3o e a cultura como apoiadora oficial da 28\u00aa Bienal do Livro de S\u00e3o Paulo | Revista Insurance Corp | PT-BR<\/title>\n<meta name=\"robots\" content=\"index, follow\" \/>\n<meta name=\"googlebot\" content=\"index, follow, max-snippet:-1, max-image-preview:large, max-video-preview:-1\" \/>\n<meta name=\"bingbot\" content=\"index, follow, max-snippet:-1, max-image-preview:large, max-video-preview:-1\" \/>\n<link rel=\"canonical\" href=\"https:\/\/insurancecorp.com.br\/pt\/2026\/09\/03\/sura-reforca-compromisso-com-a-educacao-e-a-cultura-como-apoiadora-oficial-da-28a-bienal-do-livro-de-sao-paulo\/\" \/>\n<meta property=\"og:locale\" content=\"pt_BR\" \/>\n<meta property=\"og:type\" content=\"article\" \/>\n<meta property=\"og:title\" content=\"SURA refor\u00e7a compromisso com a educa\u00e7\u00e3o e a cultura como apoiadora oficial da 28\u00aa Bienal do Livro de S\u00e3o Paulo | Revista Insurance Corp | PT-BR\" \/>\n<meta property=\"og:description\" content=\"A Seguros SURA Brasil, especialista em gest\u00e3o de tend\u00eancias e riscos, est\u00e1 novamente na Bienal Internacional do Livro de S\u00e3o Paulo. A 28\u00aa edi\u00e7\u00e3o do evento, considerado o maior encontro liter\u00e1rio da Am\u00e9rica Latina, ocorrer\u00e1 de 4 a 13 de setembro no Distrito Anhembi. A presen\u00e7a na feira reflete o posicionamento da empresa de investir [&hellip;]\" \/>\n<meta property=\"og:url\" content=\"https:\/\/insurancecorp.com.br\/pt\/2026\/09\/03\/sura-reforca-compromisso-com-a-educacao-e-a-cultura-como-apoiadora-oficial-da-28a-bienal-do-livro-de-sao-paulo\/\" \/>\n<meta property=\"og:site_name\" content=\"Revista Insurance Corp | PT-BR\" \/>\n<meta property=\"article:publisher\" content=\"https:\/\/www.facebook.com\/RevistaInsuranceCorp\/\" \/>\n<meta property=\"article:published_time\" content=\"2026-09-03T18:50:37+00:00\" \/>\n<meta property=\"og:image\" content=\"https:\/\/insurancecorp.com.br\/pt\/wp-content\/uploads\/2026\/09\/link-3-scaled-e1788461413106.jpeg\" \/>\n\t<meta property=\"og:image:width\" content=\"2560\" \/>\n\t<meta property=\"og:image:height\" content=\"870\" \/>\n<meta name=\"twitter:card\" content=\"summary\" \/>\n<script type=\"application\/ld+json\" class=\"yoast-schema-graph\">{\"@context\":\"https:\/\/schema.org\",\"@graph\":[{\"@type\":\"Organization\",\"@id\":\"https:\/\/insurancecorp.com.br\/pt\/#organization\",\"name\":\"Revista Insurance Corp\",\"url\":\"https:\/\/insurancecorp.com.br\/pt\/\",\"sameAs\":[\"https:\/\/www.facebook.com\/RevistaInsuranceCorp\/\"],\"logo\":{\"@type\":\"ImageObject\",\"@id\":\"https:\/\/insurancecorp.com.br\/pt\/#logo\",\"inLanguage\":\"pt-BR\",\"url\":\"\",\"caption\":\"Revista Insurance Corp\"},\"image\":{\"@id\":\"https:\/\/insurancecorp.com.br\/pt\/#logo\"}},{\"@type\":\"WebSite\",\"@id\":\"https:\/\/insurancecorp.com.br\/pt\/#website\",\"url\":\"https:\/\/insurancecorp.com.br\/pt\/\",\"name\":\"Revista Insurance Corp | PT-BR\",\"description\":\"A \\u00fanica revista bil\\u00edngue voltada ao mercado de seguro.\",\"publisher\":{\"@id\":\"https:\/\/insurancecorp.com.br\/pt\/#organization\"},\"potentialAction\":[{\"@type\":\"SearchAction\",\"target\":\"https:\/\/insurancecorp.com.br\/pt\/?s={search_term_string}\",\"query-input\":\"required name=search_term_string\"}],\"inLanguage\":\"pt-BR\"},{\"@type\":\"ImageObject\",\"@id\":\"https:\/\/insurancecorp.com.br\/pt\/2026\/09\/03\/sura-reforca-compromisso-com-a-educacao-e-a-cultura-como-apoiadora-oficial-da-28a-bienal-do-livro-de-sao-paulo\/#primaryimage\",\"inLanguage\":\"pt-BR\",\"url\":\"https:\/\/insurancecorp.com.br\/pt\/wp-content\/uploads\/2026\/09\/link-3-scaled-e1788461413106.jpeg\",\"width\":2560,\"height\":870},{\"@type\":\"WebPage\",\"@id\":\"https:\/\/insurancecorp.com.br\/pt\/2026\/09\/03\/sura-reforca-compromisso-com-a-educacao-e-a-cultura-como-apoiadora-oficial-da-28a-bienal-do-livro-de-sao-paulo\/#webpage\",\"url\":\"https:\/\/insurancecorp.com.br\/pt\/2026\/09\/03\/sura-reforca-compromisso-com-a-educacao-e-a-cultura-como-apoiadora-oficial-da-28a-bienal-do-livro-de-sao-paulo\/\",\"name\":\"SURA refor\\u00e7a compromisso com a educa\\u00e7\\u00e3o e a cultura como apoiadora oficial da 28\\u00aa Bienal do Livro de S\\u00e3o Paulo | Revista Insurance Corp | PT-BR\",\"isPartOf\":{\"@id\":\"https:\/\/insurancecorp.com.br\/pt\/#website\"},\"primaryImageOfPage\":{\"@id\":\"https:\/\/insurancecorp.com.br\/pt\/2026\/09\/03\/sura-reforca-compromisso-com-a-educacao-e-a-cultura-como-apoiadora-oficial-da-28a-bienal-do-livro-de-sao-paulo\/#primaryimage\"},\"datePublished\":\"2026-09-03T18:50:37+00:00\",\"dateModified\":\"2026-09-03T18:50:37+00:00\",\"inLanguage\":\"pt-BR\",\"potentialAction\":[{\"@type\":\"ReadAction\",\"target\":[\"https:\/\/insurancecorp.com.br\/pt\/2026\/09\/03\/sura-reforca-compromisso-com-a-educacao-e-a-cultura-como-apoiadora-oficial-da-28a-bienal-do-livro-de-sao-paulo\/\"]}]},{\"@type\":\"Article\",\"@id\":\"https:\/\/insurancecorp.com.br\/pt\/2026\/09\/03\/sura-reforca-compromisso-com-a-educacao-e-a-cultura-como-apoiadora-oficial-da-28a-bienal-do-livro-de-sao-paulo\/#article\",\"isPartOf\":{\"@id\":\"https:\/\/insurancecorp.com.br\/pt\/2026\/09\/03\/sura-reforca-compromisso-com-a-educacao-e-a-cultura-como-apoiadora-oficial-da-28a-bienal-do-livro-de-sao-paulo\/#webpage\"},\"author\":{\"@id\":\"https:\/\/insurancecorp.com.br\/pt\/#\/schema\/person\/1b69c8cf325f0b7167f1b171f52df4af\"},\"headline\":\"SURA refor\\u00e7a compromisso com a educa\\u00e7\\u00e3o e a cultura como apoiadora oficial da 28\\u00aa Bienal do Livro de S\\u00e3o Paulo\",\"datePublished\":\"2026-09-03T18:50:37+00:00\",\"dateModified\":\"2026-09-03T18:50:37+00:00\",\"mainEntityOfPage\":{\"@id\":\"https:\/\/insurancecorp.com.br\/pt\/2026\/09\/03\/sura-reforca-compromisso-com-a-educacao-e-a-cultura-como-apoiadora-oficial-da-28a-bienal-do-livro-de-sao-paulo\/#webpage\"},\"commentCount\":0,\"publisher\":{\"@id\":\"https:\/\/insurancecorp.com.br\/pt\/#organization\"},\"image\":{\"@id\":\"https:\/\/insurancecorp.com.br\/pt\/2026\/09\/03\/sura-reforca-compromisso-com-a-educacao-e-a-cultura-como-apoiadora-oficial-da-28a-bienal-do-livro-de-sao-paulo\/#primaryimage\"},\"keywords\":\"28\\u00aa Bienal do Livro de S\\u00e3o Paulo,apoiadora oficial,cultura,educa\\u00e7\\u00e3o,Sura.\",\"articleSection\":\"Sura\",\"inLanguage\":\"pt-BR\",\"potentialAction\":[{\"@type\":\"CommentAction\",\"name\":\"Comment\",\"target\":[\"https:\/\/insurancecorp.com.br\/pt\/2026\/09\/03\/sura-reforca-compromisso-com-a-educacao-e-a-cultura-como-apoiadora-oficial-da-28a-bienal-do-livro-de-sao-paulo\/#respond\"]}]},{\"@type\":\"Person\",\"@id\":\"https:\/\/insurancecorp.com.br\/pt\/#\/schema\/person\/1b69c8cf325f0b7167f1b171f52df4af\",\"name\":\"Publica\\u00e7\\u00e3o\",\"image\":{\"@type\":\"ImageObject\",\"@id\":\"https:\/\/insurancecorp.com.br\/pt\/#personlogo\",\"inLanguage\":\"pt-BR\",\"url\":\"https:\/\/secure.gravatar.com\/avatar\/17226f1f60486eb25d4c6b301ffed37f?s=96&d=mm&r=g\",\"caption\":\"Publica\\u00e7\\u00e3o\"}}]}<\/script>\n<!-- \/ Yoast SEO plugin. -->","_links":{"self":[{"href":"https:\/\/insurancecorp.com.br\/pt\/wp-json\/wp\/v2\/posts\/83043"}],"collection":[{"href":"https:\/\/insurancecorp.com.br\/pt\/wp-json\/wp\/v2\/posts"}],"about":[{"href":"https:\/\/insurancecorp.com.br\/pt\/wp-json\/wp\/v2\/types\/post"}],"author":[{"embeddable":true,"href":"https:\/\/insurancecorp.com.br\/pt\/wp-json\/wp\/v2\/users\/2"}],"replies":[{"embeddable":true,"href":"https:\/\/insurancecorp.com.br\/pt\/wp-json\/wp\/v2\/comments?post=83043"}],"version-history":[{"count":1,"href":"https:\/\/insurancecorp.com.br\/pt\/wp-json\/wp\/v2\/posts\/83043\/revisions"}],"predecessor-version":[{"id":83048,"href":"https:\/\/insurancecorp.com.br\/pt\/wp-json\/wp\/v2\/posts\/83043\/revisions\/83048"}],"wp:featuredmedia":[{"embeddable":true,"href":"https:\/\/insurancecorp.com.br\/pt\/wp-json\/wp\/v2\/media\/83046"}],"wp:attachment":[{"href":"https:\/\/insurancecorp.com.br\/pt\/wp-json\/wp\/v2\/media?parent=83043"}],"wp:term":[{"taxonomy":"category","embeddable":true,"href":"https:\/\/insurancecorp.com.br\/pt\/wp-json\/wp\/v2\/categories?post=83043"},{"taxonomy":"post_tag","embeddable":true,"href":"https:\/\/insurancecorp.com.br\/pt\/wp-json\/wp\/v2\/tags?post=83043"}],"curies":[{"name":"wp","href":"https:\/\/api.w.org\/{rel}","templated":true}]}}