{"id":83037,"date":"2026-09-03T14:00:00","date_gmt":"2026-09-03T17:00:00","guid":{"rendered":"https:\/\/insurancecorp.com.br\/pt\/?p=83037"},"modified":"2026-09-03T14:00:00","modified_gmt":"2026-09-03T17:00:00","slug":"evento-da-aida-discute-o-futuro-do-direito-do-seguro","status":"publish","type":"post","link":"https:\/\/insurancecorp.com.br\/pt\/2026\/09\/03\/evento-da-aida-discute-o-futuro-do-direito-do-seguro\/","title":{"rendered":"Evento da AIDA discute o futuro do Direito do Seguro"},"content":{"rendered":"<p align=\"justify\">A AIDA Brasil reuniu os representantes dos seus 15 Grupos Nacionais de Trabalho (GNTs) para uma programa\u00e7\u00e3o especial dedicada a discutir as transforma\u00e7\u00f5es recentes na legisla\u00e7\u00e3o e o futuro do Direito do Seguro e do mercado segurador brasileiro como um todo.<\/p>\n<p align=\"justify\">Ao longo de quatro horas de conte\u00fado, os debates abordaram quest\u00f5es como a <b>nova Lei do Contrato de Seguro<\/b>, o contencioso securit\u00e1rio, os m\u00e9todos adequados de solu\u00e7\u00e3o de conflitos, o enfrentamento \u00e0s fraudes e \u00e0 litig\u00e2ncia predat\u00f3ria, compliance, intelig\u00eancia artificial e inova\u00e7\u00e3o, responsabilidade civil, mobilidade, transportes, Seguro Garantia e resseguro.<\/p>\n<p align=\"justify\">Foram abordadas ainda quest\u00f5es relacionadas diretamente ao agroneg\u00f3cio, aos riscos clim\u00e1ticos, \u00e0 sa\u00fade e longevidade e aos desafios para as novas gera\u00e7\u00f5es de profissionais do Direito do Seguro.<\/p>\n<p align=\"justify\">Participaram especialistas de diferentes \u00e1reas, que compartilharam an\u00e1lises, experi\u00eancias e perspectivas sobre temas jur\u00eddicos, regulat\u00f3rios, tecnol\u00f3gicos e econ\u00f4micos que v\u00eam impactando o setor.<\/p>\n<p align=\"justify\">A programa\u00e7\u00e3o foi estruturada em apresenta\u00e7\u00f5es de 15 minutos, proporcionando uma vis\u00e3o ampla e din\u00e2mica sobre os desafios e as oportunidades que est\u00e3o moldando o futuro do Direito do Seguro.<\/p>\n<p align=\"justify\">A abertura institucional foi conduzida pela presidente da AIDA, <b>Ana Rita Petraroli<\/b>, seguida pelas apresenta\u00e7\u00f5es dos GNTs:<\/p>\n<ul style=\"text-align: justify; display: inline-block; padding-left: 20px;\">\n<li><b>Processo Civil<\/b> \u2014 Henrique Mouta, com facilita\u00e7\u00e3o de Maria Am\u00e9lia Mastrorosa Vianna e Cl\u00e1udio Ribas;<\/li>\n<li><b>Solu\u00e7\u00e3o de Conflitos<\/b> \u2014 Vivien Lys;<\/li>\n<li><b>Fraude e Litig\u00e2ncia Predat\u00f3ria<\/b> \u2014 Denise Garcia e Ana Paula Barelos;<\/li>\n<li><b>Regulat\u00f3rio e Compliance<\/b> \u2014 Adriana Sim\u00f5es;<\/li>\n<li><b>Novas Tecnologias e Inova\u00e7\u00e3o<\/b> \u2014 Mariana Barcellos;<\/li>\n<li><b>Responsabilidade Civil<\/b> \u2014 Daniela Bennes;<\/li>\n<li><b>Autom\u00f3vel<\/b> \u2014 Christiane Furck;<\/li>\n<li><b>Transportes<\/b> \u2014 Hilton Gomes dos Santos;<\/li>\n<li><b>Garantia<\/b> \u2014 Lu\u00eds Felipe Pellon;<\/li>\n<li><b>Resseguro e Grandes Riscos<\/b> \u2014 Ricardo Loew e Felipe Bastos;<\/li>\n<li><b>Agroneg\u00f3cio e Seguro<\/b> \u2014 Maria Izabel Indrusiak Pereira;<\/li>\n<li><b>Meio Ambiente, Riscos Clim\u00e1ticos e Catastr\u00f3ficos<\/b> \u2014 Marcelo Mansur;<\/li>\n<li><b>Seguro Sa\u00fade<\/b> \u2014 Axima Sgorlon Alves da Costa Rocha;<\/li>\n<li><b>Pessoas, Vida e Previd\u00eancia<\/b> \u2014 Maria da Gl\u00f3ria Arruda;<\/li>\n<li><b>AIDA Jovem<\/b> \u2014 Paula Muller.<\/li>\n<\/ul>\n<p align=\"justify\">O encerramento do evento, conduzido por <b>Inaldo Bezerra<\/b>, vice-presidente da AIDA Brasil, tamb\u00e9m marcou o lan\u00e7amento do e-book institucional <b>&#8220;O Futuro do Direito do Seguro&#8221;<\/b>, publica\u00e7\u00e3o que re\u00fane reflex\u00f5es e contribui\u00e7\u00f5es relacionadas \u00e0s transforma\u00e7\u00f5es que v\u00eam redefinindo o setor.<\/p>\n<p align=\"justify\">O <b>GNT Round | Especial Dia do Advogado 2026<\/b> refor\u00e7ou o compromisso da AIDA Brasil com a produ\u00e7\u00e3o e dissemina\u00e7\u00e3o de conhecimento, a integra\u00e7\u00e3o entre seus Grupos Nacionais de Trabalho e o fortalecimento do debate sobre os caminhos do Direito do Seguro no Brasil.<\/p>\n<p align=\"justify\"><b>Assista \u00e0 \u00edntegra do evento neste endere\u00e7o eletr\u00f4nico:<\/b><\/p>\n<p align=\"justify\"><a id=\"v1OWAf2c2ae3c-eee1-7623-5f43-835c9d75eeeb\" class=\"v1OWAAutoLink\" href=\"https:\/\/www.youtube.com\/watch?v=qxzeTj5b0Pc\" target=\"_blank\" rel=\"noopener noreferrer\"><u>https:\/\/www.youtube.com\/watch?v=qxzeTj5b0Pc<\/u><\/a><\/p>\n<p align=\"justify\"><strong>Assessoria de Imprensa da AIDA<\/strong><\/p>\n","protected":false},"excerpt":{"rendered":"<p>A AIDA Brasil reuniu os representantes dos seus 15 Grupos Nacionais de Trabalho (GNTs) para uma programa\u00e7\u00e3o especial dedicada a discutir as transforma\u00e7\u00f5es recentes na legisla\u00e7\u00e3o e o futuro do Direito do Seguro e do mercado segurador brasileiro como um todo. Ao longo de quatro horas de conte\u00fado, os debates abordaram quest\u00f5es como a nova [&hellip;]<\/p>\n","protected":false},"author":2,"featured_media":83039,"comment_status":"open","ping_status":"open","sticky":false,"template":"","format":"standard","meta":[],"categories":[115],"tags":[10248,1484,1681],"jetpack_featured_media_url":"https:\/\/insurancecorp.com.br\/pt\/wp-content\/uploads\/2026\/09\/AIDA-EVENTO-ESPECIAL-DOS-GTS-AGO26-1.jpg","yoast_head":"<!-- This site is optimized with the Yoast SEO plugin v14.8 - https:\/\/yoast.com\/wordpress\/plugins\/seo\/ -->\n<title>Evento da AIDA discute o futuro do Direito do Seguro | Revista Insurance Corp | PT-BR<\/title>\n<meta name=\"robots\" content=\"index, follow\" \/>\n<meta name=\"googlebot\" content=\"index, follow, max-snippet:-1, max-image-preview:large, max-video-preview:-1\" \/>\n<meta name=\"bingbot\" content=\"index, follow, max-snippet:-1, max-image-preview:large, max-video-preview:-1\" \/>\n<link rel=\"canonical\" href=\"https:\/\/insurancecorp.com.br\/pt\/2026\/09\/03\/evento-da-aida-discute-o-futuro-do-direito-do-seguro\/\" \/>\n<meta property=\"og:locale\" content=\"pt_BR\" \/>\n<meta property=\"og:type\" content=\"article\" \/>\n<meta property=\"og:title\" content=\"Evento da AIDA discute o futuro do Direito do Seguro | Revista Insurance Corp | PT-BR\" \/>\n<meta property=\"og:description\" content=\"A AIDA Brasil reuniu os representantes dos seus 15 Grupos Nacionais de Trabalho (GNTs) para uma programa\u00e7\u00e3o especial dedicada a discutir as transforma\u00e7\u00f5es recentes na legisla\u00e7\u00e3o e o futuro do Direito do Seguro e do mercado segurador brasileiro como um todo. Ao longo de quatro horas de conte\u00fado, os debates abordaram quest\u00f5es como a nova [&hellip;]\" \/>\n<meta property=\"og:url\" content=\"https:\/\/insurancecorp.com.br\/pt\/2026\/09\/03\/evento-da-aida-discute-o-futuro-do-direito-do-seguro\/\" \/>\n<meta property=\"og:site_name\" content=\"Revista Insurance Corp | PT-BR\" \/>\n<meta property=\"article:publisher\" content=\"https:\/\/www.facebook.com\/RevistaInsuranceCorp\/\" \/>\n<meta property=\"article:published_time\" content=\"2026-09-03T17:00:00+00:00\" \/>\n<meta property=\"og:image\" content=\"https:\/\/insurancecorp.com.br\/pt\/wp-content\/uploads\/2026\/09\/AIDA-EVENTO-ESPECIAL-DOS-GTS-AGO26-1.jpg\" \/>\n\t<meta property=\"og:image:width\" content=\"929\" \/>\n\t<meta property=\"og:image:height\" content=\"496\" \/>\n<meta name=\"twitter:card\" content=\"summary\" \/>\n<script type=\"application\/ld+json\" class=\"yoast-schema-graph\">{\"@context\":\"https:\/\/schema.org\",\"@graph\":[{\"@type\":\"Organization\",\"@id\":\"https:\/\/insurancecorp.com.br\/pt\/#organization\",\"name\":\"Revista Insurance Corp\",\"url\":\"https:\/\/insurancecorp.com.br\/pt\/\",\"sameAs\":[\"https:\/\/www.facebook.com\/RevistaInsuranceCorp\/\"],\"logo\":{\"@type\":\"ImageObject\",\"@id\":\"https:\/\/insurancecorp.com.br\/pt\/#logo\",\"inLanguage\":\"pt-BR\",\"url\":\"\",\"caption\":\"Revista Insurance Corp\"},\"image\":{\"@id\":\"https:\/\/insurancecorp.com.br\/pt\/#logo\"}},{\"@type\":\"WebSite\",\"@id\":\"https:\/\/insurancecorp.com.br\/pt\/#website\",\"url\":\"https:\/\/insurancecorp.com.br\/pt\/\",\"name\":\"Revista Insurance Corp | PT-BR\",\"description\":\"A \\u00fanica revista bil\\u00edngue voltada ao mercado de seguro.\",\"publisher\":{\"@id\":\"https:\/\/insurancecorp.com.br\/pt\/#organization\"},\"potentialAction\":[{\"@type\":\"SearchAction\",\"target\":\"https:\/\/insurancecorp.com.br\/pt\/?s={search_term_string}\",\"query-input\":\"required name=search_term_string\"}],\"inLanguage\":\"pt-BR\"},{\"@type\":\"ImageObject\",\"@id\":\"https:\/\/insurancecorp.com.br\/pt\/2026\/09\/03\/evento-da-aida-discute-o-futuro-do-direito-do-seguro\/#primaryimage\",\"inLanguage\":\"pt-BR\",\"url\":\"https:\/\/insurancecorp.com.br\/pt\/wp-content\/uploads\/2026\/09\/AIDA-EVENTO-ESPECIAL-DOS-GTS-AGO26-1.jpg\",\"width\":929,\"height\":496},{\"@type\":\"WebPage\",\"@id\":\"https:\/\/insurancecorp.com.br\/pt\/2026\/09\/03\/evento-da-aida-discute-o-futuro-do-direito-do-seguro\/#webpage\",\"url\":\"https:\/\/insurancecorp.com.br\/pt\/2026\/09\/03\/evento-da-aida-discute-o-futuro-do-direito-do-seguro\/\",\"name\":\"Evento da AIDA discute o futuro do Direito do Seguro | Revista Insurance Corp | PT-BR\",\"isPartOf\":{\"@id\":\"https:\/\/insurancecorp.com.br\/pt\/#website\"},\"primaryImageOfPage\":{\"@id\":\"https:\/\/insurancecorp.com.br\/pt\/2026\/09\/03\/evento-da-aida-discute-o-futuro-do-direito-do-seguro\/#primaryimage\"},\"datePublished\":\"2026-09-03T17:00:00+00:00\",\"dateModified\":\"2026-09-03T17:00:00+00:00\",\"inLanguage\":\"pt-BR\",\"potentialAction\":[{\"@type\":\"ReadAction\",\"target\":[\"https:\/\/insurancecorp.com.br\/pt\/2026\/09\/03\/evento-da-aida-discute-o-futuro-do-direito-do-seguro\/\"]}]},{\"@type\":\"Article\",\"@id\":\"https:\/\/insurancecorp.com.br\/pt\/2026\/09\/03\/evento-da-aida-discute-o-futuro-do-direito-do-seguro\/#article\",\"isPartOf\":{\"@id\":\"https:\/\/insurancecorp.com.br\/pt\/2026\/09\/03\/evento-da-aida-discute-o-futuro-do-direito-do-seguro\/#webpage\"},\"author\":{\"@id\":\"https:\/\/insurancecorp.com.br\/pt\/#\/schema\/person\/1b69c8cf325f0b7167f1b171f52df4af\"},\"headline\":\"Evento da AIDA discute o futuro do Direito do Seguro\",\"datePublished\":\"2026-09-03T17:00:00+00:00\",\"dateModified\":\"2026-09-03T17:00:00+00:00\",\"mainEntityOfPage\":{\"@id\":\"https:\/\/insurancecorp.com.br\/pt\/2026\/09\/03\/evento-da-aida-discute-o-futuro-do-direito-do-seguro\/#webpage\"},\"commentCount\":0,\"publisher\":{\"@id\":\"https:\/\/insurancecorp.com.br\/pt\/#organization\"},\"image\":{\"@id\":\"https:\/\/insurancecorp.com.br\/pt\/2026\/09\/03\/evento-da-aida-discute-o-futuro-do-direito-do-seguro\/#primaryimage\"},\"keywords\":\"AIDA,direito do seguro,evento\",\"articleSection\":\"AIDA\",\"inLanguage\":\"pt-BR\",\"potentialAction\":[{\"@type\":\"CommentAction\",\"name\":\"Comment\",\"target\":[\"https:\/\/insurancecorp.com.br\/pt\/2026\/09\/03\/evento-da-aida-discute-o-futuro-do-direito-do-seguro\/#respond\"]}]},{\"@type\":\"Person\",\"@id\":\"https:\/\/insurancecorp.com.br\/pt\/#\/schema\/person\/1b69c8cf325f0b7167f1b171f52df4af\",\"name\":\"Publica\\u00e7\\u00e3o\",\"image\":{\"@type\":\"ImageObject\",\"@id\":\"https:\/\/insurancecorp.com.br\/pt\/#personlogo\",\"inLanguage\":\"pt-BR\",\"url\":\"https:\/\/secure.gravatar.com\/avatar\/17226f1f60486eb25d4c6b301ffed37f?s=96&d=mm&r=g\",\"caption\":\"Publica\\u00e7\\u00e3o\"}}]}<\/script>\n<!-- \/ Yoast SEO plugin. -->","_links":{"self":[{"href":"https:\/\/insurancecorp.com.br\/pt\/wp-json\/wp\/v2\/posts\/83037"}],"collection":[{"href":"https:\/\/insurancecorp.com.br\/pt\/wp-json\/wp\/v2\/posts"}],"about":[{"href":"https:\/\/insurancecorp.com.br\/pt\/wp-json\/wp\/v2\/types\/post"}],"author":[{"embeddable":true,"href":"https:\/\/insurancecorp.com.br\/pt\/wp-json\/wp\/v2\/users\/2"}],"replies":[{"embeddable":true,"href":"https:\/\/insurancecorp.com.br\/pt\/wp-json\/wp\/v2\/comments?post=83037"}],"version-history":[{"count":1,"href":"https:\/\/insurancecorp.com.br\/pt\/wp-json\/wp\/v2\/posts\/83037\/revisions"}],"predecessor-version":[{"id":83041,"href":"https:\/\/insurancecorp.com.br\/pt\/wp-json\/wp\/v2\/posts\/83037\/revisions\/83041"}],"wp:featuredmedia":[{"embeddable":true,"href":"https:\/\/insurancecorp.com.br\/pt\/wp-json\/wp\/v2\/media\/83039"}],"wp:attachment":[{"href":"https:\/\/insurancecorp.com.br\/pt\/wp-json\/wp\/v2\/media?parent=83037"}],"wp:term":[{"taxonomy":"category","embeddable":true,"href":"https:\/\/insurancecorp.com.br\/pt\/wp-json\/wp\/v2\/categories?post=83037"},{"taxonomy":"post_tag","embeddable":true,"href":"https:\/\/insurancecorp.com.br\/pt\/wp-json\/wp\/v2\/tags?post=83037"}],"curies":[{"name":"wp","href":"https:\/\/api.w.org\/{rel}","templated":true}]}}