{"id":83032,"date":"2026-09-03T13:43:25","date_gmt":"2026-09-03T16:43:25","guid":{"rendered":"https:\/\/insurancecorp.com.br\/pt\/?p=83032"},"modified":"2026-09-03T13:43:25","modified_gmt":"2026-09-03T16:43:25","slug":"fenacap-acompanha-24o-congresso-brasileiro-dos-corretores-de-seguros","status":"publish","type":"post","link":"https:\/\/insurancecorp.com.br\/pt\/2026\/09\/03\/fenacap-acompanha-24o-congresso-brasileiro-dos-corretores-de-seguros\/","title":{"rendered":"FenaCap acompanha 24\u00ba Congresso Brasileiro dos Corretores de Seguros"},"content":{"rendered":"<p align=\"justify\">O presidente da Federa\u00e7\u00e3o Nacional de Capitaliza\u00e7\u00e3o (FenaCap), Denis Moraes, e o superintendente executivo da entidade, Gilberto Figueira, acompanharam a abertura do 24\u00ba Congresso Brasileiro dos Corretores de Seguros, no Rio de Janeiro, no \u00faltimo dia 27. O evento colocou em discuss\u00e3o os caminhos para uma nova era da distribui\u00e7\u00e3o dos produtos do mercado segurador no Brasil, tema que tamb\u00e9m passa pela amplia\u00e7\u00e3o do di\u00e1logo entre os profissionais e outros segmentos.<\/p>\n<p align=\"justify\">Para a FenaCap, a aproxima\u00e7\u00e3o com os corretores \u00e9 estrat\u00e9gica para fomentar a presen\u00e7a da Capitaliza\u00e7\u00e3o entre as solu\u00e7\u00f5es que podem ser oferecidas aos clientes. Como profissionais que j\u00e1 atuam pr\u00f3ximos de contratantes e empresas, eles podem identificar demandas e apresentar alternativas para diferentes necessidades.<\/p>\n<p align=\"justify\">&#8220;<i>A aproxima\u00e7\u00e3o com os corretores \u00e9 fundamental para que possamos apresentar melhor as possibilidades da Capitaliza\u00e7\u00e3o e ampliar o conhecimento sobre as modalidades dispon\u00edveis. Eles s\u00e3o parceiros importantes para o desenvolvimento do mercado e t\u00eam um papel essencial na orienta\u00e7\u00e3o dos clientes e na comercializa\u00e7\u00e3o dos T\u00edtulos<\/i>&#8220;, afirma Denis Moraes, presidente da FenaCap.<\/p>\n<p align=\"justify\">Com mais de 4 mil participantes inscritos, o evento reuniu profissionais do mercado em aproximadamente 80 pain\u00e9is e 110 palestrantes divididos entre as plen\u00e1rias e as &#8220;Salas de Neg\u00f3cios&#8221;.<\/p>\n<p align=\"justify\"><strong>Danthi<\/strong><\/p>\n","protected":false},"excerpt":{"rendered":"<p>O presidente da Federa\u00e7\u00e3o Nacional de Capitaliza\u00e7\u00e3o (FenaCap), Denis Moraes, e o superintendente executivo da entidade, Gilberto Figueira, acompanharam a abertura do 24\u00ba Congresso Brasileiro dos Corretores de Seguros, no Rio de Janeiro, no \u00faltimo dia 27. O evento colocou em discuss\u00e3o os caminhos para uma nova era da distribui\u00e7\u00e3o dos produtos do mercado segurador [&hellip;]<\/p>\n","protected":false},"author":2,"featured_media":83033,"comment_status":"open","ping_status":"open","sticky":false,"template":"","format":"standard","meta":[],"categories":[246],"tags":[17552,14657,670],"jetpack_featured_media_url":"https:\/\/insurancecorp.com.br\/pt\/wp-content\/uploads\/2026\/09\/1zYmO1MmM2YTY6InYu02bj5Ccy92YlNmbhJXdz5WaA9WYjFGZlJnO3IzM4QzNyETNyozZlBnauc3bsRGZ0ImZ5QGOhBjMlJzY4EGOiBDZkZWZ2QTY0EWOjFWYGJTJjFWYGJTJycDMwQjRyUSNyAzMx8VL1ETLf9VLwITLfpzN.jpeg","yoast_head":"<!-- This site is optimized with the Yoast SEO plugin v14.8 - https:\/\/yoast.com\/wordpress\/plugins\/seo\/ -->\n<title>FenaCap acompanha 24\u00ba Congresso Brasileiro dos Corretores de Seguros | Revista Insurance Corp | PT-BR<\/title>\n<meta name=\"robots\" content=\"index, follow\" \/>\n<meta name=\"googlebot\" content=\"index, follow, max-snippet:-1, max-image-preview:large, max-video-preview:-1\" \/>\n<meta name=\"bingbot\" content=\"index, follow, max-snippet:-1, max-image-preview:large, max-video-preview:-1\" \/>\n<link rel=\"canonical\" href=\"https:\/\/insurancecorp.com.br\/pt\/2026\/09\/03\/fenacap-acompanha-24o-congresso-brasileiro-dos-corretores-de-seguros\/\" \/>\n<meta property=\"og:locale\" content=\"pt_BR\" \/>\n<meta property=\"og:type\" content=\"article\" \/>\n<meta property=\"og:title\" content=\"FenaCap acompanha 24\u00ba Congresso Brasileiro dos Corretores de Seguros | Revista Insurance Corp | PT-BR\" \/>\n<meta property=\"og:description\" content=\"O presidente da Federa\u00e7\u00e3o Nacional de Capitaliza\u00e7\u00e3o (FenaCap), Denis Moraes, e o superintendente executivo da entidade, Gilberto Figueira, acompanharam a abertura do 24\u00ba Congresso Brasileiro dos Corretores de Seguros, no Rio de Janeiro, no \u00faltimo dia 27. O evento colocou em discuss\u00e3o os caminhos para uma nova era da distribui\u00e7\u00e3o dos produtos do mercado segurador [&hellip;]\" \/>\n<meta property=\"og:url\" content=\"https:\/\/insurancecorp.com.br\/pt\/2026\/09\/03\/fenacap-acompanha-24o-congresso-brasileiro-dos-corretores-de-seguros\/\" \/>\n<meta property=\"og:site_name\" content=\"Revista Insurance Corp | PT-BR\" \/>\n<meta property=\"article:publisher\" content=\"https:\/\/www.facebook.com\/RevistaInsuranceCorp\/\" \/>\n<meta property=\"article:published_time\" content=\"2026-09-03T16:43:25+00:00\" \/>\n<meta property=\"og:image\" content=\"https:\/\/insurancecorp.com.br\/pt\/wp-content\/uploads\/2026\/09\/1zYmO1MmM2YTY6InYu02bj5Ccy92YlNmbhJXdz5WaA9WYjFGZlJnO3IzM4QzNyETNyozZlBnauc3bsRGZ0ImZ5QGOhBjMlJzY4EGOiBDZkZWZ2QTY0EWOjFWYGJTJjFWYGJTJycDMwQjRyUSNyAzMx8VL1ETLf9VLwITLfpzN.jpeg\" \/>\n\t<meta property=\"og:image:width\" content=\"800\" \/>\n\t<meta property=\"og:image:height\" content=\"706\" \/>\n<meta name=\"twitter:card\" content=\"summary\" \/>\n<script type=\"application\/ld+json\" class=\"yoast-schema-graph\">{\"@context\":\"https:\/\/schema.org\",\"@graph\":[{\"@type\":\"Organization\",\"@id\":\"https:\/\/insurancecorp.com.br\/pt\/#organization\",\"name\":\"Revista Insurance Corp\",\"url\":\"https:\/\/insurancecorp.com.br\/pt\/\",\"sameAs\":[\"https:\/\/www.facebook.com\/RevistaInsuranceCorp\/\"],\"logo\":{\"@type\":\"ImageObject\",\"@id\":\"https:\/\/insurancecorp.com.br\/pt\/#logo\",\"inLanguage\":\"pt-BR\",\"url\":\"\",\"caption\":\"Revista Insurance Corp\"},\"image\":{\"@id\":\"https:\/\/insurancecorp.com.br\/pt\/#logo\"}},{\"@type\":\"WebSite\",\"@id\":\"https:\/\/insurancecorp.com.br\/pt\/#website\",\"url\":\"https:\/\/insurancecorp.com.br\/pt\/\",\"name\":\"Revista Insurance Corp | PT-BR\",\"description\":\"A \\u00fanica revista bil\\u00edngue voltada ao mercado de seguro.\",\"publisher\":{\"@id\":\"https:\/\/insurancecorp.com.br\/pt\/#organization\"},\"potentialAction\":[{\"@type\":\"SearchAction\",\"target\":\"https:\/\/insurancecorp.com.br\/pt\/?s={search_term_string}\",\"query-input\":\"required name=search_term_string\"}],\"inLanguage\":\"pt-BR\"},{\"@type\":\"ImageObject\",\"@id\":\"https:\/\/insurancecorp.com.br\/pt\/2026\/09\/03\/fenacap-acompanha-24o-congresso-brasileiro-dos-corretores-de-seguros\/#primaryimage\",\"inLanguage\":\"pt-BR\",\"url\":\"https:\/\/insurancecorp.com.br\/pt\/wp-content\/uploads\/2026\/09\/1zYmO1MmM2YTY6InYu02bj5Ccy92YlNmbhJXdz5WaA9WYjFGZlJnO3IzM4QzNyETNyozZlBnauc3bsRGZ0ImZ5QGOhBjMlJzY4EGOiBDZkZWZ2QTY0EWOjFWYGJTJjFWYGJTJycDMwQjRyUSNyAzMx8VL1ETLf9VLwITLfpzN.jpeg\",\"width\":800,\"height\":706},{\"@type\":\"WebPage\",\"@id\":\"https:\/\/insurancecorp.com.br\/pt\/2026\/09\/03\/fenacap-acompanha-24o-congresso-brasileiro-dos-corretores-de-seguros\/#webpage\",\"url\":\"https:\/\/insurancecorp.com.br\/pt\/2026\/09\/03\/fenacap-acompanha-24o-congresso-brasileiro-dos-corretores-de-seguros\/\",\"name\":\"FenaCap acompanha 24\\u00ba Congresso Brasileiro dos Corretores de Seguros | Revista Insurance Corp | PT-BR\",\"isPartOf\":{\"@id\":\"https:\/\/insurancecorp.com.br\/pt\/#website\"},\"primaryImageOfPage\":{\"@id\":\"https:\/\/insurancecorp.com.br\/pt\/2026\/09\/03\/fenacap-acompanha-24o-congresso-brasileiro-dos-corretores-de-seguros\/#primaryimage\"},\"datePublished\":\"2026-09-03T16:43:25+00:00\",\"dateModified\":\"2026-09-03T16:43:25+00:00\",\"inLanguage\":\"pt-BR\",\"potentialAction\":[{\"@type\":\"ReadAction\",\"target\":[\"https:\/\/insurancecorp.com.br\/pt\/2026\/09\/03\/fenacap-acompanha-24o-congresso-brasileiro-dos-corretores-de-seguros\/\"]}]},{\"@type\":\"Article\",\"@id\":\"https:\/\/insurancecorp.com.br\/pt\/2026\/09\/03\/fenacap-acompanha-24o-congresso-brasileiro-dos-corretores-de-seguros\/#article\",\"isPartOf\":{\"@id\":\"https:\/\/insurancecorp.com.br\/pt\/2026\/09\/03\/fenacap-acompanha-24o-congresso-brasileiro-dos-corretores-de-seguros\/#webpage\"},\"author\":{\"@id\":\"https:\/\/insurancecorp.com.br\/pt\/#\/schema\/person\/1b69c8cf325f0b7167f1b171f52df4af\"},\"headline\":\"FenaCap acompanha 24\\u00ba Congresso Brasileiro dos Corretores de Seguros\",\"datePublished\":\"2026-09-03T16:43:25+00:00\",\"dateModified\":\"2026-09-03T16:43:25+00:00\",\"mainEntityOfPage\":{\"@id\":\"https:\/\/insurancecorp.com.br\/pt\/2026\/09\/03\/fenacap-acompanha-24o-congresso-brasileiro-dos-corretores-de-seguros\/#webpage\"},\"commentCount\":0,\"publisher\":{\"@id\":\"https:\/\/insurancecorp.com.br\/pt\/#organization\"},\"image\":{\"@id\":\"https:\/\/insurancecorp.com.br\/pt\/2026\/09\/03\/fenacap-acompanha-24o-congresso-brasileiro-dos-corretores-de-seguros\/#primaryimage\"},\"keywords\":\"24\\u00ba Congresso Brasileiro dos Corretores de Seguros,acompanha,FenaCap\",\"articleSection\":\"Fenacap\",\"inLanguage\":\"pt-BR\",\"potentialAction\":[{\"@type\":\"CommentAction\",\"name\":\"Comment\",\"target\":[\"https:\/\/insurancecorp.com.br\/pt\/2026\/09\/03\/fenacap-acompanha-24o-congresso-brasileiro-dos-corretores-de-seguros\/#respond\"]}]},{\"@type\":\"Person\",\"@id\":\"https:\/\/insurancecorp.com.br\/pt\/#\/schema\/person\/1b69c8cf325f0b7167f1b171f52df4af\",\"name\":\"Publica\\u00e7\\u00e3o\",\"image\":{\"@type\":\"ImageObject\",\"@id\":\"https:\/\/insurancecorp.com.br\/pt\/#personlogo\",\"inLanguage\":\"pt-BR\",\"url\":\"https:\/\/secure.gravatar.com\/avatar\/17226f1f60486eb25d4c6b301ffed37f?s=96&d=mm&r=g\",\"caption\":\"Publica\\u00e7\\u00e3o\"}}]}<\/script>\n<!-- \/ Yoast SEO plugin. -->","_links":{"self":[{"href":"https:\/\/insurancecorp.com.br\/pt\/wp-json\/wp\/v2\/posts\/83032"}],"collection":[{"href":"https:\/\/insurancecorp.com.br\/pt\/wp-json\/wp\/v2\/posts"}],"about":[{"href":"https:\/\/insurancecorp.com.br\/pt\/wp-json\/wp\/v2\/types\/post"}],"author":[{"embeddable":true,"href":"https:\/\/insurancecorp.com.br\/pt\/wp-json\/wp\/v2\/users\/2"}],"replies":[{"embeddable":true,"href":"https:\/\/insurancecorp.com.br\/pt\/wp-json\/wp\/v2\/comments?post=83032"}],"version-history":[{"count":1,"href":"https:\/\/insurancecorp.com.br\/pt\/wp-json\/wp\/v2\/posts\/83032\/revisions"}],"predecessor-version":[{"id":83035,"href":"https:\/\/insurancecorp.com.br\/pt\/wp-json\/wp\/v2\/posts\/83032\/revisions\/83035"}],"wp:featuredmedia":[{"embeddable":true,"href":"https:\/\/insurancecorp.com.br\/pt\/wp-json\/wp\/v2\/media\/83033"}],"wp:attachment":[{"href":"https:\/\/insurancecorp.com.br\/pt\/wp-json\/wp\/v2\/media?parent=83032"}],"wp:term":[{"taxonomy":"category","embeddable":true,"href":"https:\/\/insurancecorp.com.br\/pt\/wp-json\/wp\/v2\/categories?post=83032"},{"taxonomy":"post_tag","embeddable":true,"href":"https:\/\/insurancecorp.com.br\/pt\/wp-json\/wp\/v2\/tags?post=83032"}],"curies":[{"name":"wp","href":"https:\/\/api.w.org\/{rel}","templated":true}]}}