{"id":83022,"date":"2026-09-03T13:37:21","date_gmt":"2026-09-03T16:37:21","guid":{"rendered":"https:\/\/insurancecorp.com.br\/pt\/?p=83022"},"modified":"2026-09-03T13:37:21","modified_gmt":"2026-09-03T16:37:21","slug":"porto-reforca-time-de-influencia-com-isa-goulart-e-fortalece-conexao-com-apaixonados-por-carros","status":"publish","type":"post","link":"https:\/\/insurancecorp.com.br\/pt\/2026\/09\/03\/porto-reforca-time-de-influencia-com-isa-goulart-e-fortalece-conexao-com-apaixonados-por-carros\/","title":{"rendered":"Porto refor\u00e7a time de influ\u00eancia com Isa Goulart e fortalece conex\u00e3o com apaixonados por carros"},"content":{"rendered":"<p align=\"justify\">A Porto anuncia a chegada da jornalista e apresentadora Isa Goulart ao seu time de influenciadores, ampliando a estrat\u00e9gia da Cultura do Autom\u00f3vel, territ\u00f3rio que busca fortalecer a conex\u00e3o com a comunidade apaixonada por carros. Especializada na cobertura de diferentes categorias do automobilismo brasileiro, Isa integra a squad com Aur\u00e9lia Nobels, que compete na GB3 (campeonato europeu de automobilismo) e Gabriel Bortoleto, piloto brasileiro da F\u00f3rmula 1, al\u00e9m de refor\u00e7ar uma agenda que re\u00fane outras iniciativas da Porto ligadas a esse universo.<\/p>\n<p align=\"justify\">A parceria parte de uma premissa que orienta a atua\u00e7\u00e3o da Porto nesse territ\u00f3rio: abrir espa\u00e7o e conectar quem vive essa paix\u00e3o. Isa ser\u00e1 uma voz feminina recorrente da marca e produzir\u00e1 conte\u00fados sobre novidades do mercado, d\u00favidas do universo automotivo, corridas, bastidores e hist\u00f3rias das pistas, conectando informa\u00e7\u00e3o e entretenimento \u00e0 experi\u00eancia de quem acompanha e participa dessa comunidade.<\/p>\n<p align=\"justify\">&#8220;<i>Estou muito feliz e animada para fazer parte do time Porto e poder compartilhar com o p\u00fablico um pouco do que vivo no mundo do automobilismo. \u00c9 uma oportunidade muito especial de estar ainda mais pr\u00f3xima desta comunidade t\u00e3o apaixonada pelo autom\u00f3vel<\/i>&#8220;, comenta Isa Goulart.<\/p>\n<p align=\"justify\">A aproxima\u00e7\u00e3o com esse p\u00fablico tamb\u00e9m acompanha uma mudan\u00e7a no perfil de quem acompanha a modalidade. Segundo pesquisa do Observat\u00f3rio de Novas Gera\u00e7\u00f5es, da consultoria Trope-se, 65,6% dos jovens brasileiros entre 18 e 30 anos acompanham o automobilismo ao vivo e de forma completa. O \u00edndice coloca a modalidade atr\u00e1s apenas de futebol e v\u00f4lei entre os esportes assistidos por essa faixa et\u00e1ria, mostrando a for\u00e7a do automobilismo como um territ\u00f3rio de conex\u00e3o com as novas gera\u00e7\u00f5es.<\/p>\n<p align=\"justify\">\u00c9 nesse cen\u00e1rio que a Porto busca fortalecer sua presen\u00e7a. Mais do que falar sobre carros e corridas, a marca quer abrir espa\u00e7o para quem vive essa paix\u00e3o, colocando a comunidade no centro da conversa. A chegada de Isa amplia essa estrat\u00e9gia ao trazer uma perspectiva jornal\u00edstica e feminina para o territ\u00f3rio e complementa os demais ativos da Porto no universo automotivo.<\/p>\n<p align=\"justify\">&#8220;<i>Ter a Isa conosco amplia nossa capacidade de conversar com esse p\u00fablico de uma forma mais pr\u00f3xima, relevante e humana. Ela traz conhecimento, experi\u00eancia e uma perspectiva que nos ajuda a traduzir esse universo para diferentes audi\u00eancias. Ao lado dos nossos pilotos e das iniciativas que j\u00e1 apoiamos, constru\u00edmos uma presen\u00e7a que vai muito al\u00e9m das pistas: queremos estar pr\u00f3ximos de quem vive a cultura do autom\u00f3vel e mostrar que o cuidado tamb\u00e9m faz parte dessa experi\u00eancia<\/i>&#8220;, afirma Oliver Haider, diretor de Marketing da Porto.<\/p>\n<h4 align=\"justify\">Agenda de inova\u00e7\u00e3o<\/h4>\n<p align=\"justify\">A parceria tamb\u00e9m se conecta \u00e0 agenda de inova\u00e7\u00e3o da Porto, que vem explorando novas formas de criar experi\u00eancias e intera\u00e7\u00f5es com o p\u00fablico a partir de iniciativas ligadas \u00e0 circularidade, ao digital e ao universo automotivo. Para a marca, o cuidado \u00e9 o motor dessa inova\u00e7\u00e3o e est\u00e1 presente tamb\u00e9m na forma como se relaciona com as comunidades que fazem parte de seus territ\u00f3rios de atua\u00e7\u00e3o.<\/p>\n<p align=\"justify\">O primeiro projeto de Isa ser\u00e1 a cobertura da Porsche Cup, nos dias 5 e 6 de setembro. A jornalista estar\u00e1 pr\u00f3xima das pistas e da comunidade para produzir conte\u00fados para os canais da Porto.<\/p>\n<p align=\"justify\">Para acompanhar os conte\u00fados de Isa Goulart e as novidades da Porto acompanhe a rede social da marca: @porto<\/p>\n<p align=\"justify\"><strong>PROS<\/strong><\/p>\n","protected":false},"excerpt":{"rendered":"<p>A Porto anuncia a chegada da jornalista e apresentadora Isa Goulart ao seu time de influenciadores, ampliando a estrat\u00e9gia da Cultura do Autom\u00f3vel, territ\u00f3rio que busca fortalecer a conex\u00e3o com a comunidade apaixonada por carros. Especializada na cobertura de diferentes categorias do automobilismo brasileiro, Isa integra a squad com Aur\u00e9lia Nobels, que compete na GB3 [&hellip;]<\/p>\n","protected":false},"author":2,"featured_media":83025,"comment_status":"open","ping_status":"open","sticky":false,"template":"","format":"standard","meta":[],"categories":[2851],"tags":[4219,17653,17652,2853],"jetpack_featured_media_url":"https:\/\/insurancecorp.com.br\/pt\/wp-content\/uploads\/2026\/09\/7MjZ6IDOmljZwojci5SbvNmLwJ3bjV2YuFmc1NnbpB0bhNWYkVmc6IjM1IDOwgTO4EjOnVGcq5ydvxWYlFmN3UDM4ATNxQGMidDO4UTO0YTOzYmZ5cjYkRTM3YkMlQTM3YkMlQDN0YjMGJTJxEDOxgTM4kTNy8VL1ETLf9VLwITLfpDO-e1788453417254.jpeg","yoast_head":"<!-- This site is optimized with the Yoast SEO plugin v14.8 - https:\/\/yoast.com\/wordpress\/plugins\/seo\/ -->\n<title>Porto refor\u00e7a time de influ\u00eancia com Isa Goulart e fortalece conex\u00e3o com apaixonados por carros | Revista Insurance Corp | PT-BR<\/title>\n<meta name=\"robots\" content=\"index, follow\" \/>\n<meta name=\"googlebot\" content=\"index, follow, max-snippet:-1, max-image-preview:large, max-video-preview:-1\" \/>\n<meta name=\"bingbot\" content=\"index, follow, max-snippet:-1, max-image-preview:large, max-video-preview:-1\" \/>\n<link rel=\"canonical\" href=\"https:\/\/insurancecorp.com.br\/pt\/2026\/09\/03\/porto-reforca-time-de-influencia-com-isa-goulart-e-fortalece-conexao-com-apaixonados-por-carros\/\" \/>\n<meta property=\"og:locale\" content=\"pt_BR\" \/>\n<meta property=\"og:type\" content=\"article\" \/>\n<meta property=\"og:title\" content=\"Porto refor\u00e7a time de influ\u00eancia com Isa Goulart e fortalece conex\u00e3o com apaixonados por carros | Revista Insurance Corp | PT-BR\" \/>\n<meta property=\"og:description\" content=\"A Porto anuncia a chegada da jornalista e apresentadora Isa Goulart ao seu time de influenciadores, ampliando a estrat\u00e9gia da Cultura do Autom\u00f3vel, territ\u00f3rio que busca fortalecer a conex\u00e3o com a comunidade apaixonada por carros. Especializada na cobertura de diferentes categorias do automobilismo brasileiro, Isa integra a squad com Aur\u00e9lia Nobels, que compete na GB3 [&hellip;]\" \/>\n<meta property=\"og:url\" content=\"https:\/\/insurancecorp.com.br\/pt\/2026\/09\/03\/porto-reforca-time-de-influencia-com-isa-goulart-e-fortalece-conexao-com-apaixonados-por-carros\/\" \/>\n<meta property=\"og:site_name\" content=\"Revista Insurance Corp | PT-BR\" \/>\n<meta property=\"article:publisher\" content=\"https:\/\/www.facebook.com\/RevistaInsuranceCorp\/\" \/>\n<meta property=\"article:published_time\" content=\"2026-09-03T16:37:21+00:00\" \/>\n<meta property=\"og:image\" content=\"https:\/\/insurancecorp.com.br\/pt\/wp-content\/uploads\/2026\/09\/7MjZ6IDOmljZwojci5SbvNmLwJ3bjV2YuFmc1NnbpB0bhNWYkVmc6IjM1IDOwgTO4EjOnVGcq5ydvxWYlFmN3UDM4ATNxQGMidDO4UTO0YTOzYmZ5cjYkRTM3YkMlQTM3YkMlQDN0YjMGJTJxEDOxgTM4kTNy8VL1ETLf9VLwITLfpDO-e1788453417254.jpeg\" \/>\n\t<meta property=\"og:image:width\" content=\"690\" \/>\n\t<meta property=\"og:image:height\" content=\"442\" \/>\n<meta name=\"twitter:card\" content=\"summary\" \/>\n<script type=\"application\/ld+json\" class=\"yoast-schema-graph\">{\"@context\":\"https:\/\/schema.org\",\"@graph\":[{\"@type\":\"Organization\",\"@id\":\"https:\/\/insurancecorp.com.br\/pt\/#organization\",\"name\":\"Revista Insurance Corp\",\"url\":\"https:\/\/insurancecorp.com.br\/pt\/\",\"sameAs\":[\"https:\/\/www.facebook.com\/RevistaInsuranceCorp\/\"],\"logo\":{\"@type\":\"ImageObject\",\"@id\":\"https:\/\/insurancecorp.com.br\/pt\/#logo\",\"inLanguage\":\"pt-BR\",\"url\":\"\",\"caption\":\"Revista Insurance Corp\"},\"image\":{\"@id\":\"https:\/\/insurancecorp.com.br\/pt\/#logo\"}},{\"@type\":\"WebSite\",\"@id\":\"https:\/\/insurancecorp.com.br\/pt\/#website\",\"url\":\"https:\/\/insurancecorp.com.br\/pt\/\",\"name\":\"Revista Insurance Corp | PT-BR\",\"description\":\"A \\u00fanica revista bil\\u00edngue voltada ao mercado de seguro.\",\"publisher\":{\"@id\":\"https:\/\/insurancecorp.com.br\/pt\/#organization\"},\"potentialAction\":[{\"@type\":\"SearchAction\",\"target\":\"https:\/\/insurancecorp.com.br\/pt\/?s={search_term_string}\",\"query-input\":\"required name=search_term_string\"}],\"inLanguage\":\"pt-BR\"},{\"@type\":\"ImageObject\",\"@id\":\"https:\/\/insurancecorp.com.br\/pt\/2026\/09\/03\/porto-reforca-time-de-influencia-com-isa-goulart-e-fortalece-conexao-com-apaixonados-por-carros\/#primaryimage\",\"inLanguage\":\"pt-BR\",\"url\":\"https:\/\/insurancecorp.com.br\/pt\/wp-content\/uploads\/2026\/09\/7MjZ6IDOmljZwojci5SbvNmLwJ3bjV2YuFmc1NnbpB0bhNWYkVmc6IjM1IDOwgTO4EjOnVGcq5ydvxWYlFmN3UDM4ATNxQGMidDO4UTO0YTOzYmZ5cjYkRTM3YkMlQTM3YkMlQDN0YjMGJTJxEDOxgTM4kTNy8VL1ETLf9VLwITLfpDO-e1788453417254.jpeg\",\"width\":690,\"height\":442},{\"@type\":\"WebPage\",\"@id\":\"https:\/\/insurancecorp.com.br\/pt\/2026\/09\/03\/porto-reforca-time-de-influencia-com-isa-goulart-e-fortalece-conexao-com-apaixonados-por-carros\/#webpage\",\"url\":\"https:\/\/insurancecorp.com.br\/pt\/2026\/09\/03\/porto-reforca-time-de-influencia-com-isa-goulart-e-fortalece-conexao-com-apaixonados-por-carros\/\",\"name\":\"Porto refor\\u00e7a time de influ\\u00eancia com Isa Goulart e fortalece conex\\u00e3o com apaixonados por carros | Revista Insurance Corp | PT-BR\",\"isPartOf\":{\"@id\":\"https:\/\/insurancecorp.com.br\/pt\/#website\"},\"primaryImageOfPage\":{\"@id\":\"https:\/\/insurancecorp.com.br\/pt\/2026\/09\/03\/porto-reforca-time-de-influencia-com-isa-goulart-e-fortalece-conexao-com-apaixonados-por-carros\/#primaryimage\"},\"datePublished\":\"2026-09-03T16:37:21+00:00\",\"dateModified\":\"2026-09-03T16:37:21+00:00\",\"inLanguage\":\"pt-BR\",\"potentialAction\":[{\"@type\":\"ReadAction\",\"target\":[\"https:\/\/insurancecorp.com.br\/pt\/2026\/09\/03\/porto-reforca-time-de-influencia-com-isa-goulart-e-fortalece-conexao-com-apaixonados-por-carros\/\"]}]},{\"@type\":\"Article\",\"@id\":\"https:\/\/insurancecorp.com.br\/pt\/2026\/09\/03\/porto-reforca-time-de-influencia-com-isa-goulart-e-fortalece-conexao-com-apaixonados-por-carros\/#article\",\"isPartOf\":{\"@id\":\"https:\/\/insurancecorp.com.br\/pt\/2026\/09\/03\/porto-reforca-time-de-influencia-com-isa-goulart-e-fortalece-conexao-com-apaixonados-por-carros\/#webpage\"},\"author\":{\"@id\":\"https:\/\/insurancecorp.com.br\/pt\/#\/schema\/person\/1b69c8cf325f0b7167f1b171f52df4af\"},\"headline\":\"Porto refor\\u00e7a time de influ\\u00eancia com Isa Goulart e fortalece conex\\u00e3o com apaixonados por carros\",\"datePublished\":\"2026-09-03T16:37:21+00:00\",\"dateModified\":\"2026-09-03T16:37:21+00:00\",\"mainEntityOfPage\":{\"@id\":\"https:\/\/insurancecorp.com.br\/pt\/2026\/09\/03\/porto-reforca-time-de-influencia-com-isa-goulart-e-fortalece-conexao-com-apaixonados-por-carros\/#webpage\"},\"commentCount\":0,\"publisher\":{\"@id\":\"https:\/\/insurancecorp.com.br\/pt\/#organization\"},\"image\":{\"@id\":\"https:\/\/insurancecorp.com.br\/pt\/2026\/09\/03\/porto-reforca-time-de-influencia-com-isa-goulart-e-fortalece-conexao-com-apaixonados-por-carros\/#primaryimage\"},\"keywords\":\"carros,fortalece conex\\u00e3o,Isa Goulart,Porto\",\"articleSection\":\"Porto\",\"inLanguage\":\"pt-BR\",\"potentialAction\":[{\"@type\":\"CommentAction\",\"name\":\"Comment\",\"target\":[\"https:\/\/insurancecorp.com.br\/pt\/2026\/09\/03\/porto-reforca-time-de-influencia-com-isa-goulart-e-fortalece-conexao-com-apaixonados-por-carros\/#respond\"]}]},{\"@type\":\"Person\",\"@id\":\"https:\/\/insurancecorp.com.br\/pt\/#\/schema\/person\/1b69c8cf325f0b7167f1b171f52df4af\",\"name\":\"Publica\\u00e7\\u00e3o\",\"image\":{\"@type\":\"ImageObject\",\"@id\":\"https:\/\/insurancecorp.com.br\/pt\/#personlogo\",\"inLanguage\":\"pt-BR\",\"url\":\"https:\/\/secure.gravatar.com\/avatar\/17226f1f60486eb25d4c6b301ffed37f?s=96&d=mm&r=g\",\"caption\":\"Publica\\u00e7\\u00e3o\"}}]}<\/script>\n<!-- \/ Yoast SEO plugin. -->","_links":{"self":[{"href":"https:\/\/insurancecorp.com.br\/pt\/wp-json\/wp\/v2\/posts\/83022"}],"collection":[{"href":"https:\/\/insurancecorp.com.br\/pt\/wp-json\/wp\/v2\/posts"}],"about":[{"href":"https:\/\/insurancecorp.com.br\/pt\/wp-json\/wp\/v2\/types\/post"}],"author":[{"embeddable":true,"href":"https:\/\/insurancecorp.com.br\/pt\/wp-json\/wp\/v2\/users\/2"}],"replies":[{"embeddable":true,"href":"https:\/\/insurancecorp.com.br\/pt\/wp-json\/wp\/v2\/comments?post=83022"}],"version-history":[{"count":1,"href":"https:\/\/insurancecorp.com.br\/pt\/wp-json\/wp\/v2\/posts\/83022\/revisions"}],"predecessor-version":[{"id":83027,"href":"https:\/\/insurancecorp.com.br\/pt\/wp-json\/wp\/v2\/posts\/83022\/revisions\/83027"}],"wp:featuredmedia":[{"embeddable":true,"href":"https:\/\/insurancecorp.com.br\/pt\/wp-json\/wp\/v2\/media\/83025"}],"wp:attachment":[{"href":"https:\/\/insurancecorp.com.br\/pt\/wp-json\/wp\/v2\/media?parent=83022"}],"wp:term":[{"taxonomy":"category","embeddable":true,"href":"https:\/\/insurancecorp.com.br\/pt\/wp-json\/wp\/v2\/categories?post=83022"},{"taxonomy":"post_tag","embeddable":true,"href":"https:\/\/insurancecorp.com.br\/pt\/wp-json\/wp\/v2\/tags?post=83022"}],"curies":[{"name":"wp","href":"https:\/\/api.w.org\/{rel}","templated":true}]}}