{"id":83011,"date":"2026-09-03T13:15:17","date_gmt":"2026-09-03T16:15:17","guid":{"rendered":"https:\/\/insurancecorp.com.br\/pt\/?p=83011"},"modified":"2026-09-03T13:15:17","modified_gmt":"2026-09-03T16:15:17","slug":"bradesco-seguros-apresenta-novo-superintendente-comercial-na-regiao-sul","status":"publish","type":"post","link":"https:\/\/insurancecorp.com.br\/pt\/2026\/09\/03\/bradesco-seguros-apresenta-novo-superintendente-comercial-na-regiao-sul\/","title":{"rendered":"Bradesco seguros apresenta novo superintendente comercial na regi\u00e3o sul"},"content":{"rendered":"<p align=\"justify\">A sucursal de <strong>Caxias do Sul<\/strong> (RS) da <strong>Bradesco Seguros<\/strong> passa a contar com um novo Superintendente Comercial. <strong>Rafael Bevilaqua<\/strong>, que atuava como Gerente Comercial da companhia, assumiu a lideran\u00e7a da opera\u00e7\u00e3o em 1\u00ba de agosto.<\/p>\n<p align=\"justify\"><strong>Rafael Bevilaqua<\/strong> integra a <strong>Bradesco Seguros<\/strong> desde maio de 2021 e acumula s\u00f3lida experi\u00eancia no mercado segurador. Ao longo de sua trajet\u00f3ria na companhia, atuou diretamente no atendimento a grandes corretores da regional e a importantes parceiros do mercado nacional.<\/p>\n<p align=\"justify\">&#8220;<i>Durante esse per\u00edodo, tive a oportunidade de construir relacionamentos s\u00f3lidos e conhecer de perto as necessidades dos nossos parceiros de neg\u00f3cios. Essa experi\u00eancia ampliou minha vis\u00e3o do mercado e refor\u00e7ou a import\u00e2ncia de estarmos cada vez mais pr\u00f3ximos dos corretores<\/i>&#8220;, destaca <strong>Bevilaqua<\/strong>.<\/p>\n<p align=\"justify\">O novo <strong>Superintendente Comercial<\/strong> ressalta que sua trajet\u00f3ria na seguradora foi marcada por aprendizado cont\u00ednuo e desenvolvimento profissional, fatores que contribu\u00edram para sua prepara\u00e7\u00e3o para o novo desafio.<\/p>\n<p align=\"justify\">&#8220;<i>Sempre acreditei que nosso trabalho vai al\u00e9m dos resultados. \u00c9 preciso ouvir, entender as necessidades dos parceiros e buscar solu\u00e7\u00f5es que realmente fa\u00e7am a diferen\u00e7a. Esse relacionamento pr\u00f3ximo \u00e9 fundamental para construirmos uma atua\u00e7\u00e3o cada vez mais relevante<\/i>&#8220;, afirma.<\/p>\n<p align=\"justify\">\u00c0 frente da sucursal, <strong>Rafael Bevilaqua<\/strong> tem como objetivo fortalecer ainda mais a presen\u00e7a da <strong>Bradesco Seguros<\/strong> na regi\u00e3o Sul, ampliando oportunidades de neg\u00f3cios e estreitando o relacionamento com os corretores.<\/p>\n<p align=\"justify\">&#8220;<i>Quero fortalecer ainda mais a proximidade com nossos parceiros, criando novas oportunidades e mantendo como pilares a confian\u00e7a, a qualidade do atendimento e a excel\u00eancia na presta\u00e7\u00e3o de servi\u00e7os<\/i>&#8220;, conclui o <strong>Superintendente Comercial<\/strong>.<\/p>\n<p align=\"justify\"><strong>Approach Comunica\u00e7\u00e3o<\/strong><\/p>\n","protected":false},"excerpt":{"rendered":"<p>A sucursal de Caxias do Sul (RS) da Bradesco Seguros passa a contar com um novo Superintendente Comercial. Rafael Bevilaqua, que atuava como Gerente Comercial da companhia, assumiu a lideran\u00e7a da opera\u00e7\u00e3o em 1\u00ba de agosto. Rafael Bevilaqua integra a Bradesco Seguros desde maio de 2021 e acumula s\u00f3lida experi\u00eancia no mercado segurador. Ao longo [&hellip;]<\/p>\n","protected":false},"author":2,"featured_media":83013,"comment_status":"open","ping_status":"open","sticky":false,"template":"","format":"standard","meta":[],"categories":[273],"tags":[610,7009,3357],"jetpack_featured_media_url":"https:\/\/insurancecorp.com.br\/pt\/wp-content\/uploads\/2026\/09\/5MjZ6AjN2ITOmpjci5SbvNmLwJ3bjV2YuFmc1NnbpB0bhNWYkVmc6UjN3EzMwAjNxEjOn5GcuImMwI2YxkTY0YTNyE2N5UGOwQmM1YmZzUGZhdjZ2cDNGJTJ2cDNGJTJ1UzM5MjRyUiNyYTMx8VL1ETLf9VLwITLfpjM-e1788452068945.png","yoast_head":"<!-- This site is optimized with the Yoast SEO plugin v14.8 - https:\/\/yoast.com\/wordpress\/plugins\/seo\/ -->\n<title>Bradesco seguros apresenta novo superintendente comercial na regi\u00e3o sul | Revista Insurance Corp | PT-BR<\/title>\n<meta name=\"robots\" content=\"index, follow\" \/>\n<meta name=\"googlebot\" content=\"index, follow, max-snippet:-1, max-image-preview:large, max-video-preview:-1\" \/>\n<meta name=\"bingbot\" content=\"index, follow, max-snippet:-1, max-image-preview:large, max-video-preview:-1\" \/>\n<link rel=\"canonical\" href=\"https:\/\/insurancecorp.com.br\/pt\/2026\/09\/03\/bradesco-seguros-apresenta-novo-superintendente-comercial-na-regiao-sul\/\" \/>\n<meta property=\"og:locale\" content=\"pt_BR\" \/>\n<meta property=\"og:type\" content=\"article\" \/>\n<meta property=\"og:title\" content=\"Bradesco seguros apresenta novo superintendente comercial na regi\u00e3o sul | Revista Insurance Corp | PT-BR\" \/>\n<meta property=\"og:description\" content=\"A sucursal de Caxias do Sul (RS) da Bradesco Seguros passa a contar com um novo Superintendente Comercial. Rafael Bevilaqua, que atuava como Gerente Comercial da companhia, assumiu a lideran\u00e7a da opera\u00e7\u00e3o em 1\u00ba de agosto. Rafael Bevilaqua integra a Bradesco Seguros desde maio de 2021 e acumula s\u00f3lida experi\u00eancia no mercado segurador. Ao longo [&hellip;]\" \/>\n<meta property=\"og:url\" content=\"https:\/\/insurancecorp.com.br\/pt\/2026\/09\/03\/bradesco-seguros-apresenta-novo-superintendente-comercial-na-regiao-sul\/\" \/>\n<meta property=\"og:site_name\" content=\"Revista Insurance Corp | PT-BR\" \/>\n<meta property=\"article:publisher\" content=\"https:\/\/www.facebook.com\/RevistaInsuranceCorp\/\" \/>\n<meta property=\"article:published_time\" content=\"2026-09-03T16:15:17+00:00\" \/>\n<meta property=\"og:image\" content=\"https:\/\/insurancecorp.com.br\/pt\/wp-content\/uploads\/2026\/09\/5MjZ6AjN2ITOmpjci5SbvNmLwJ3bjV2YuFmc1NnbpB0bhNWYkVmc6UjN3EzMwAjNxEjOn5GcuImMwI2YxkTY0YTNyE2N5UGOwQmM1YmZzUGZhdjZ2cDNGJTJ2cDNGJTJ1UzM5MjRyUiNyYTMx8VL1ETLf9VLwITLfpjM-e1788452068945.png\" \/>\n\t<meta property=\"og:image:width\" content=\"1086\" \/>\n\t<meta property=\"og:image:height\" content=\"441\" \/>\n<meta name=\"twitter:card\" content=\"summary\" \/>\n<script type=\"application\/ld+json\" class=\"yoast-schema-graph\">{\"@context\":\"https:\/\/schema.org\",\"@graph\":[{\"@type\":\"Organization\",\"@id\":\"https:\/\/insurancecorp.com.br\/pt\/#organization\",\"name\":\"Revista Insurance Corp\",\"url\":\"https:\/\/insurancecorp.com.br\/pt\/\",\"sameAs\":[\"https:\/\/www.facebook.com\/RevistaInsuranceCorp\/\"],\"logo\":{\"@type\":\"ImageObject\",\"@id\":\"https:\/\/insurancecorp.com.br\/pt\/#logo\",\"inLanguage\":\"pt-BR\",\"url\":\"\",\"caption\":\"Revista Insurance Corp\"},\"image\":{\"@id\":\"https:\/\/insurancecorp.com.br\/pt\/#logo\"}},{\"@type\":\"WebSite\",\"@id\":\"https:\/\/insurancecorp.com.br\/pt\/#website\",\"url\":\"https:\/\/insurancecorp.com.br\/pt\/\",\"name\":\"Revista Insurance Corp | PT-BR\",\"description\":\"A \\u00fanica revista bil\\u00edngue voltada ao mercado de seguro.\",\"publisher\":{\"@id\":\"https:\/\/insurancecorp.com.br\/pt\/#organization\"},\"potentialAction\":[{\"@type\":\"SearchAction\",\"target\":\"https:\/\/insurancecorp.com.br\/pt\/?s={search_term_string}\",\"query-input\":\"required name=search_term_string\"}],\"inLanguage\":\"pt-BR\"},{\"@type\":\"ImageObject\",\"@id\":\"https:\/\/insurancecorp.com.br\/pt\/2026\/09\/03\/bradesco-seguros-apresenta-novo-superintendente-comercial-na-regiao-sul\/#primaryimage\",\"inLanguage\":\"pt-BR\",\"url\":\"https:\/\/insurancecorp.com.br\/pt\/wp-content\/uploads\/2026\/09\/5MjZ6AjN2ITOmpjci5SbvNmLwJ3bjV2YuFmc1NnbpB0bhNWYkVmc6UjN3EzMwAjNxEjOn5GcuImMwI2YxkTY0YTNyE2N5UGOwQmM1YmZzUGZhdjZ2cDNGJTJ2cDNGJTJ1UzM5MjRyUiNyYTMx8VL1ETLf9VLwITLfpjM-e1788452068945.png\",\"width\":1086,\"height\":441},{\"@type\":\"WebPage\",\"@id\":\"https:\/\/insurancecorp.com.br\/pt\/2026\/09\/03\/bradesco-seguros-apresenta-novo-superintendente-comercial-na-regiao-sul\/#webpage\",\"url\":\"https:\/\/insurancecorp.com.br\/pt\/2026\/09\/03\/bradesco-seguros-apresenta-novo-superintendente-comercial-na-regiao-sul\/\",\"name\":\"Bradesco seguros apresenta novo superintendente comercial na regi\\u00e3o sul | Revista Insurance Corp | PT-BR\",\"isPartOf\":{\"@id\":\"https:\/\/insurancecorp.com.br\/pt\/#website\"},\"primaryImageOfPage\":{\"@id\":\"https:\/\/insurancecorp.com.br\/pt\/2026\/09\/03\/bradesco-seguros-apresenta-novo-superintendente-comercial-na-regiao-sul\/#primaryimage\"},\"datePublished\":\"2026-09-03T16:15:17+00:00\",\"dateModified\":\"2026-09-03T16:15:17+00:00\",\"inLanguage\":\"pt-BR\",\"potentialAction\":[{\"@type\":\"ReadAction\",\"target\":[\"https:\/\/insurancecorp.com.br\/pt\/2026\/09\/03\/bradesco-seguros-apresenta-novo-superintendente-comercial-na-regiao-sul\/\"]}]},{\"@type\":\"Article\",\"@id\":\"https:\/\/insurancecorp.com.br\/pt\/2026\/09\/03\/bradesco-seguros-apresenta-novo-superintendente-comercial-na-regiao-sul\/#article\",\"isPartOf\":{\"@id\":\"https:\/\/insurancecorp.com.br\/pt\/2026\/09\/03\/bradesco-seguros-apresenta-novo-superintendente-comercial-na-regiao-sul\/#webpage\"},\"author\":{\"@id\":\"https:\/\/insurancecorp.com.br\/pt\/#\/schema\/person\/1b69c8cf325f0b7167f1b171f52df4af\"},\"headline\":\"Bradesco seguros apresenta novo superintendente comercial na regi\\u00e3o sul\",\"datePublished\":\"2026-09-03T16:15:17+00:00\",\"dateModified\":\"2026-09-03T16:15:17+00:00\",\"mainEntityOfPage\":{\"@id\":\"https:\/\/insurancecorp.com.br\/pt\/2026\/09\/03\/bradesco-seguros-apresenta-novo-superintendente-comercial-na-regiao-sul\/#webpage\"},\"commentCount\":0,\"publisher\":{\"@id\":\"https:\/\/insurancecorp.com.br\/pt\/#organization\"},\"image\":{\"@id\":\"https:\/\/insurancecorp.com.br\/pt\/2026\/09\/03\/bradesco-seguros-apresenta-novo-superintendente-comercial-na-regiao-sul\/#primaryimage\"},\"keywords\":\"bradesco seguros,regi\\u00e3o sul,superintendente\",\"articleSection\":\"Bradescos Seguros\",\"inLanguage\":\"pt-BR\",\"potentialAction\":[{\"@type\":\"CommentAction\",\"name\":\"Comment\",\"target\":[\"https:\/\/insurancecorp.com.br\/pt\/2026\/09\/03\/bradesco-seguros-apresenta-novo-superintendente-comercial-na-regiao-sul\/#respond\"]}]},{\"@type\":\"Person\",\"@id\":\"https:\/\/insurancecorp.com.br\/pt\/#\/schema\/person\/1b69c8cf325f0b7167f1b171f52df4af\",\"name\":\"Publica\\u00e7\\u00e3o\",\"image\":{\"@type\":\"ImageObject\",\"@id\":\"https:\/\/insurancecorp.com.br\/pt\/#personlogo\",\"inLanguage\":\"pt-BR\",\"url\":\"https:\/\/secure.gravatar.com\/avatar\/17226f1f60486eb25d4c6b301ffed37f?s=96&d=mm&r=g\",\"caption\":\"Publica\\u00e7\\u00e3o\"}}]}<\/script>\n<!-- \/ Yoast SEO plugin. -->","_links":{"self":[{"href":"https:\/\/insurancecorp.com.br\/pt\/wp-json\/wp\/v2\/posts\/83011"}],"collection":[{"href":"https:\/\/insurancecorp.com.br\/pt\/wp-json\/wp\/v2\/posts"}],"about":[{"href":"https:\/\/insurancecorp.com.br\/pt\/wp-json\/wp\/v2\/types\/post"}],"author":[{"embeddable":true,"href":"https:\/\/insurancecorp.com.br\/pt\/wp-json\/wp\/v2\/users\/2"}],"replies":[{"embeddable":true,"href":"https:\/\/insurancecorp.com.br\/pt\/wp-json\/wp\/v2\/comments?post=83011"}],"version-history":[{"count":1,"href":"https:\/\/insurancecorp.com.br\/pt\/wp-json\/wp\/v2\/posts\/83011\/revisions"}],"predecessor-version":[{"id":83015,"href":"https:\/\/insurancecorp.com.br\/pt\/wp-json\/wp\/v2\/posts\/83011\/revisions\/83015"}],"wp:featuredmedia":[{"embeddable":true,"href":"https:\/\/insurancecorp.com.br\/pt\/wp-json\/wp\/v2\/media\/83013"}],"wp:attachment":[{"href":"https:\/\/insurancecorp.com.br\/pt\/wp-json\/wp\/v2\/media?parent=83011"}],"wp:term":[{"taxonomy":"category","embeddable":true,"href":"https:\/\/insurancecorp.com.br\/pt\/wp-json\/wp\/v2\/categories?post=83011"},{"taxonomy":"post_tag","embeddable":true,"href":"https:\/\/insurancecorp.com.br\/pt\/wp-json\/wp\/v2\/tags?post=83011"}],"curies":[{"name":"wp","href":"https:\/\/api.w.org\/{rel}","templated":true}]}}