{"id":82974,"date":"2026-09-02T12:57:46","date_gmt":"2026-09-02T15:57:46","guid":{"rendered":"https:\/\/insurancecorp.com.br\/pt\/?p=82974"},"modified":"2026-09-02T15:16:28","modified_gmt":"2026-09-02T18:16:28","slug":"allianz-partners-orienta-motoristas-com-checklist-antes-de-pegar-a-estrada-no-feriado-prolongado","status":"publish","type":"post","link":"https:\/\/insurancecorp.com.br\/pt\/2026\/09\/02\/allianz-partners-orienta-motoristas-com-checklist-antes-de-pegar-a-estrada-no-feriado-prolongado\/","title":{"rendered":"Allianz Partners orienta motoristas com checklist antes de pegar a estrada no feriado prolongado"},"content":{"rendered":"<p align=\"justify\">Com a chegada de mais um feriado no pr\u00f3ximo dia 07 de setembro, com fam\u00edlias aproveitando o per\u00edodo para viagens a destinos de serra, litoral e cidades do interior. A <strong>Allianz Partners<\/strong>, l\u00edder global em assist\u00eancia 24h, refor\u00e7a a import\u00e2ncia do planejamento preventivo antes de pegar a estrada, j\u00e1 que imprevistos mec\u00e2nicos e el\u00e9tricos tendem a aumentar em viagens de longa dist\u00e2ncia \u2014 especialmente em regi\u00f5es de temperaturas mais baixas.<\/p>\n<h4 align=\"justify\">Por que os chamados de assist\u00eancia aumentam?<\/h4>\n<p align=\"justify\">De acordo com Renato Maglioni, Diretor de Opera\u00e7\u00f5es da Allianz Partners, grande parte dos chamados de assist\u00eancia em rodovias durante o per\u00edodo est\u00e1 relacionada a itens que poderiam ser evitados com uma revis\u00e3o simples antes da viagem. &#8220;O frio e as longas dist\u00e2ncias exigem aten\u00e7\u00e3o redobrada com itens como bateria, pneus e n\u00edveis de fluido. Uma checagem r\u00e1pida antes de sair reduz significativamente o risco de imprevistos no meio do trajeto&#8221;, afirma o executivo.<\/p>\n<h4 align=\"justify\">O que verificar antes de viajar de carro no feriado?<\/h4>\n<p align=\"justify\">Com base nas ocorr\u00eancias mais recorrentes em viagens de longa dist\u00e2ncia, a Allianz Partners elenca os pontos de aten\u00e7\u00e3o antes de pegar a estrada:<\/p>\n<ol>\n<li><strong>Bateria: <\/strong>baixas temperaturas reduzem o desempenho da bateria; testar a carga antes de viagens para regi\u00f5es serranas evita panes por falta de energia.<\/li>\n<li><strong>Calibragem e estado dos pneus: <\/strong>pneus com desgaste ou calibragem incorreta aumentam o risco de estourar em trajetos longos, especialmente em rodovias com varia\u00e7\u00e3o de altitude.<\/li>\n<li><strong>Fluidos essenciais: <\/strong>verificar n\u00edveis de \u00f3leo, \u00e1gua do radiador e flu\u00eddo de arrefecimento antes de sair, principalmente em viagens para o frio.<\/li>\n<li><strong>Freios e suspens\u00e3o: <\/strong>o desgaste nesses componentes \u00e9 mais cr\u00edtico em estradas de serra, com curvas e descidas acentuadas.<\/li>\n<li><strong>Kit de emerg\u00eancia: <\/strong>tri\u00e2ngulo, macaco, estepe calibrado e uma lanterna s\u00e3o itens que fazem diferen\u00e7a em caso de pane em trechos sem sinal ou pouco movimento.<\/li>\n<li><strong>Documenta\u00e7\u00e3o em dia: <\/strong>CNH, documento do ve\u00edculo e comprovante de assist\u00eancia devem estar acess\u00edveis e regularizados.<\/li>\n<li><strong>Planejamento de paradas: <\/strong>em viagens longas, recomenda-se paradas a cada 2 horas para descanso do motorista, reduzindo o risco de acidentes por fadiga.<\/li>\n<\/ol>\n<h4 align=\"justify\">Manuten\u00e7\u00e3o preventiva substitui a assist\u00eancia 24h?<\/h4>\n<p align=\"justify\">De acordo com o diretor, a manuten\u00e7\u00e3o preventiva e assist\u00eancia 24h cumprem fun\u00e7\u00f5es complementares, n\u00e3o substitutas. A revis\u00e3o antes da viagem reduz a probabilidade de panes, mas n\u00e3o elimina imprevistos totalmente fora do controle do motorista, como pane el\u00e9trica repentina, pneu furado em local de dif\u00edcil acesso ou necessidade de reboque. &#8220;A manuten\u00e7\u00e3o preventiva reduz o risco, mas n\u00e3o elimina o imprevisto. Por isso a assist\u00eancia 24h \u00e9 um complemento importante para quem viaja, garantindo suporte em qualquer ponto da rota&#8221;, complementa Renato Maglioni.<\/p>\n<p><strong>Allianz Partners | Comunica\u00e7\u00e3o<\/strong><\/p>\n","protected":false},"excerpt":{"rendered":"<p>Com a chegada de mais um feriado no pr\u00f3ximo dia 07 de setembro, com fam\u00edlias aproveitando o per\u00edodo para viagens a destinos de serra, litoral e cidades do interior. A Allianz Partners, l\u00edder global em assist\u00eancia 24h, refor\u00e7a a import\u00e2ncia do planejamento preventivo antes de pegar a estrada, j\u00e1 que imprevistos mec\u00e2nicos e el\u00e9tricos tendem [&hellip;]<\/p>\n","protected":false},"author":2,"featured_media":82976,"comment_status":"open","ping_status":"open","sticky":false,"template":"","format":"standard","meta":[],"categories":[169],"tags":[1562,13623,13555,5051,17638],"jetpack_featured_media_url":"https:\/\/insurancecorp.com.br\/pt\/wp-content\/uploads\/2026\/09\/PEXELS.jpg","yoast_head":"<!-- This site is optimized with the Yoast SEO plugin v14.8 - https:\/\/yoast.com\/wordpress\/plugins\/seo\/ -->\n<title>Allianz Partners orienta motoristas com checklist antes de pegar a estrada no feriado prolongado | Revista Insurance Corp | PT-BR<\/title>\n<meta name=\"robots\" content=\"index, follow\" \/>\n<meta name=\"googlebot\" content=\"index, follow, max-snippet:-1, max-image-preview:large, max-video-preview:-1\" \/>\n<meta name=\"bingbot\" content=\"index, follow, max-snippet:-1, max-image-preview:large, max-video-preview:-1\" \/>\n<link rel=\"canonical\" href=\"https:\/\/insurancecorp.com.br\/pt\/2026\/09\/02\/allianz-partners-orienta-motoristas-com-checklist-antes-de-pegar-a-estrada-no-feriado-prolongado\/\" \/>\n<meta property=\"og:locale\" content=\"pt_BR\" \/>\n<meta property=\"og:type\" content=\"article\" \/>\n<meta property=\"og:title\" content=\"Allianz Partners orienta motoristas com checklist antes de pegar a estrada no feriado prolongado | Revista Insurance Corp | PT-BR\" \/>\n<meta property=\"og:description\" content=\"Com a chegada de mais um feriado no pr\u00f3ximo dia 07 de setembro, com fam\u00edlias aproveitando o per\u00edodo para viagens a destinos de serra, litoral e cidades do interior. A Allianz Partners, l\u00edder global em assist\u00eancia 24h, refor\u00e7a a import\u00e2ncia do planejamento preventivo antes de pegar a estrada, j\u00e1 que imprevistos mec\u00e2nicos e el\u00e9tricos tendem [&hellip;]\" \/>\n<meta property=\"og:url\" content=\"https:\/\/insurancecorp.com.br\/pt\/2026\/09\/02\/allianz-partners-orienta-motoristas-com-checklist-antes-de-pegar-a-estrada-no-feriado-prolongado\/\" \/>\n<meta property=\"og:site_name\" content=\"Revista Insurance Corp | PT-BR\" \/>\n<meta property=\"article:publisher\" content=\"https:\/\/www.facebook.com\/RevistaInsuranceCorp\/\" \/>\n<meta property=\"article:published_time\" content=\"2026-09-02T15:57:46+00:00\" \/>\n<meta property=\"article:modified_time\" content=\"2026-09-02T18:16:28+00:00\" \/>\n<meta property=\"og:image\" content=\"https:\/\/insurancecorp.com.br\/pt\/wp-content\/uploads\/2026\/09\/PEXELS.jpg\" \/>\n\t<meta property=\"og:image:width\" content=\"534\" \/>\n\t<meta property=\"og:image:height\" content=\"356\" \/>\n<meta name=\"twitter:card\" content=\"summary\" \/>\n<script type=\"application\/ld+json\" class=\"yoast-schema-graph\">{\"@context\":\"https:\/\/schema.org\",\"@graph\":[{\"@type\":\"Organization\",\"@id\":\"https:\/\/insurancecorp.com.br\/pt\/#organization\",\"name\":\"Revista Insurance Corp\",\"url\":\"https:\/\/insurancecorp.com.br\/pt\/\",\"sameAs\":[\"https:\/\/www.facebook.com\/RevistaInsuranceCorp\/\"],\"logo\":{\"@type\":\"ImageObject\",\"@id\":\"https:\/\/insurancecorp.com.br\/pt\/#logo\",\"inLanguage\":\"pt-BR\",\"url\":\"\",\"caption\":\"Revista Insurance Corp\"},\"image\":{\"@id\":\"https:\/\/insurancecorp.com.br\/pt\/#logo\"}},{\"@type\":\"WebSite\",\"@id\":\"https:\/\/insurancecorp.com.br\/pt\/#website\",\"url\":\"https:\/\/insurancecorp.com.br\/pt\/\",\"name\":\"Revista Insurance Corp | PT-BR\",\"description\":\"A \\u00fanica revista bil\\u00edngue voltada ao mercado de seguro.\",\"publisher\":{\"@id\":\"https:\/\/insurancecorp.com.br\/pt\/#organization\"},\"potentialAction\":[{\"@type\":\"SearchAction\",\"target\":\"https:\/\/insurancecorp.com.br\/pt\/?s={search_term_string}\",\"query-input\":\"required name=search_term_string\"}],\"inLanguage\":\"pt-BR\"},{\"@type\":\"ImageObject\",\"@id\":\"https:\/\/insurancecorp.com.br\/pt\/2026\/09\/02\/allianz-partners-orienta-motoristas-com-checklist-antes-de-pegar-a-estrada-no-feriado-prolongado\/#primaryimage\",\"inLanguage\":\"pt-BR\",\"url\":\"https:\/\/insurancecorp.com.br\/pt\/wp-content\/uploads\/2026\/09\/PEXELS.jpg\",\"width\":534,\"height\":356},{\"@type\":\"WebPage\",\"@id\":\"https:\/\/insurancecorp.com.br\/pt\/2026\/09\/02\/allianz-partners-orienta-motoristas-com-checklist-antes-de-pegar-a-estrada-no-feriado-prolongado\/#webpage\",\"url\":\"https:\/\/insurancecorp.com.br\/pt\/2026\/09\/02\/allianz-partners-orienta-motoristas-com-checklist-antes-de-pegar-a-estrada-no-feriado-prolongado\/\",\"name\":\"Allianz Partners orienta motoristas com checklist antes de pegar a estrada no feriado prolongado | Revista Insurance Corp | PT-BR\",\"isPartOf\":{\"@id\":\"https:\/\/insurancecorp.com.br\/pt\/#website\"},\"primaryImageOfPage\":{\"@id\":\"https:\/\/insurancecorp.com.br\/pt\/2026\/09\/02\/allianz-partners-orienta-motoristas-com-checklist-antes-de-pegar-a-estrada-no-feriado-prolongado\/#primaryimage\"},\"datePublished\":\"2026-09-02T15:57:46+00:00\",\"dateModified\":\"2026-09-02T18:16:28+00:00\",\"inLanguage\":\"pt-BR\",\"potentialAction\":[{\"@type\":\"ReadAction\",\"target\":[\"https:\/\/insurancecorp.com.br\/pt\/2026\/09\/02\/allianz-partners-orienta-motoristas-com-checklist-antes-de-pegar-a-estrada-no-feriado-prolongado\/\"]}]},{\"@type\":\"Article\",\"@id\":\"https:\/\/insurancecorp.com.br\/pt\/2026\/09\/02\/allianz-partners-orienta-motoristas-com-checklist-antes-de-pegar-a-estrada-no-feriado-prolongado\/#article\",\"isPartOf\":{\"@id\":\"https:\/\/insurancecorp.com.br\/pt\/2026\/09\/02\/allianz-partners-orienta-motoristas-com-checklist-antes-de-pegar-a-estrada-no-feriado-prolongado\/#webpage\"},\"author\":{\"@id\":\"https:\/\/insurancecorp.com.br\/pt\/#\/schema\/person\/1b69c8cf325f0b7167f1b171f52df4af\"},\"headline\":\"Allianz Partners orienta motoristas com checklist antes de pegar a estrada no feriado prolongado\",\"datePublished\":\"2026-09-02T15:57:46+00:00\",\"dateModified\":\"2026-09-02T18:16:28+00:00\",\"mainEntityOfPage\":{\"@id\":\"https:\/\/insurancecorp.com.br\/pt\/2026\/09\/02\/allianz-partners-orienta-motoristas-com-checklist-antes-de-pegar-a-estrada-no-feriado-prolongado\/#webpage\"},\"commentCount\":0,\"publisher\":{\"@id\":\"https:\/\/insurancecorp.com.br\/pt\/#organization\"},\"image\":{\"@id\":\"https:\/\/insurancecorp.com.br\/pt\/2026\/09\/02\/allianz-partners-orienta-motoristas-com-checklist-antes-de-pegar-a-estrada-no-feriado-prolongado\/#primaryimage\"},\"keywords\":\"Allianz Partners,checklist,feriado prolongado,motoristas,pegar a estrada\",\"articleSection\":\"Allianz Partenrs\",\"inLanguage\":\"pt-BR\",\"potentialAction\":[{\"@type\":\"CommentAction\",\"name\":\"Comment\",\"target\":[\"https:\/\/insurancecorp.com.br\/pt\/2026\/09\/02\/allianz-partners-orienta-motoristas-com-checklist-antes-de-pegar-a-estrada-no-feriado-prolongado\/#respond\"]}]},{\"@type\":\"Person\",\"@id\":\"https:\/\/insurancecorp.com.br\/pt\/#\/schema\/person\/1b69c8cf325f0b7167f1b171f52df4af\",\"name\":\"Publica\\u00e7\\u00e3o\",\"image\":{\"@type\":\"ImageObject\",\"@id\":\"https:\/\/insurancecorp.com.br\/pt\/#personlogo\",\"inLanguage\":\"pt-BR\",\"url\":\"https:\/\/secure.gravatar.com\/avatar\/17226f1f60486eb25d4c6b301ffed37f?s=96&d=mm&r=g\",\"caption\":\"Publica\\u00e7\\u00e3o\"}}]}<\/script>\n<!-- \/ Yoast SEO plugin. -->","_links":{"self":[{"href":"https:\/\/insurancecorp.com.br\/pt\/wp-json\/wp\/v2\/posts\/82974"}],"collection":[{"href":"https:\/\/insurancecorp.com.br\/pt\/wp-json\/wp\/v2\/posts"}],"about":[{"href":"https:\/\/insurancecorp.com.br\/pt\/wp-json\/wp\/v2\/types\/post"}],"author":[{"embeddable":true,"href":"https:\/\/insurancecorp.com.br\/pt\/wp-json\/wp\/v2\/users\/2"}],"replies":[{"embeddable":true,"href":"https:\/\/insurancecorp.com.br\/pt\/wp-json\/wp\/v2\/comments?post=82974"}],"version-history":[{"count":1,"href":"https:\/\/insurancecorp.com.br\/pt\/wp-json\/wp\/v2\/posts\/82974\/revisions"}],"predecessor-version":[{"id":82977,"href":"https:\/\/insurancecorp.com.br\/pt\/wp-json\/wp\/v2\/posts\/82974\/revisions\/82977"}],"wp:featuredmedia":[{"embeddable":true,"href":"https:\/\/insurancecorp.com.br\/pt\/wp-json\/wp\/v2\/media\/82976"}],"wp:attachment":[{"href":"https:\/\/insurancecorp.com.br\/pt\/wp-json\/wp\/v2\/media?parent=82974"}],"wp:term":[{"taxonomy":"category","embeddable":true,"href":"https:\/\/insurancecorp.com.br\/pt\/wp-json\/wp\/v2\/categories?post=82974"},{"taxonomy":"post_tag","embeddable":true,"href":"https:\/\/insurancecorp.com.br\/pt\/wp-json\/wp\/v2\/tags?post=82974"}],"curies":[{"name":"wp","href":"https:\/\/api.w.org\/{rel}","templated":true}]}}