{"id":82965,"date":"2026-09-02T12:44:20","date_gmt":"2026-09-02T15:44:20","guid":{"rendered":"https:\/\/insurancecorp.com.br\/pt\/?p=82965"},"modified":"2026-09-02T15:18:57","modified_gmt":"2026-09-02T18:18:57","slug":"os-impactos-da-pec-da-seguranca-publica-no-setor-privado-e-o-papel-complementar-do-estatuto-da-seguranca-privada","status":"publish","type":"post","link":"https:\/\/insurancecorp.com.br\/pt\/2026\/09\/02\/os-impactos-da-pec-da-seguranca-publica-no-setor-privado-e-o-papel-complementar-do-estatuto-da-seguranca-privada\/","title":{"rendered":"Os impactos da PEC da Seguran\u00e7a P\u00fablica no setor privado e o papel complementar do Estatuto da Seguran\u00e7a Privada"},"content":{"rendered":"<p align=\"justify\">Prestes a seguir para vota\u00e7\u00e3o final no plen\u00e1rio do Senado, prevista para esta quarta-feira (2\/9), em sess\u00e3o com a Comiss\u00e3o de Constitui\u00e7\u00e3o e Justi\u00e7a (CCJ), a PEC da Seguran\u00e7a P\u00fablica prop\u00f5e reestruturar e integrar as for\u00e7as policiais e fortalecer o combate ao crime organizado. Embora direcionada \u00e0 seguran\u00e7a p\u00fablica, a medida tamb\u00e9m dever\u00e1 produzir efeitos relevantes no setor privado.<\/p>\n<p align=\"justify\">A atua\u00e7\u00e3o integrada das pol\u00edcias Federal, Rodovi\u00e1ria Federal e estaduais poder\u00e1 ampliar a procura por seguran\u00e7a patrimonial, vigil\u00e2ncia residencial e sistemas de monitoramento. A constitucionaliza\u00e7\u00e3o do Sistema \u00danico de Seguran\u00e7a P\u00fablica (SUSP), com a integra\u00e7\u00e3o nacional de dados criminais e de intelig\u00eancia, tende a favorecer empresas que operam centrais de monitoramento e c\u00e2meras inteligentes. A PEC tamb\u00e9m prev\u00ea puni\u00e7\u00f5es rigorosas para empresas relacionadas direta ou indiretamente a fac\u00e7\u00f5es e mil\u00edcias. Auditorias mais r\u00edgidas da Pol\u00edcia Federal dever\u00e3o dificultar o uso de companhias de seguran\u00e7a privada para lavagem de dinheiro ou obten\u00e7\u00e3o irregular de armas e insumos, fortalecendo o combate \u00e0 clandestinidade.<\/p>\n<p align=\"justify\">Outro poss\u00edvel impacto est\u00e1 na disputa por profissionais. A cria\u00e7\u00e3o de pol\u00edcias municipais poder\u00e1 atrair vigilantes privados em busca de estabilidade, pressionando as empresas do setor a melhorar sal\u00e1rios e investir em capacita\u00e7\u00f5es especializadas, como seguran\u00e7a cibern\u00e9tica e an\u00e1lise de riscos.<\/p>\n<h4 align=\"justify\">O Estatuto da Seguran\u00e7a Privada como aliado<\/h4>\n<p align=\"justify\">Nesse cen\u00e1rio, o Estatuto da Seguran\u00e7a Privada dever\u00e1 ter papel complementar. O Decreto n\u00ba 13.012, assinado em 9 de junho, regulamentou a Lei n\u00ba 14.967\/2024 e definiu regras para autoriza\u00e7\u00e3o, controle e fiscaliza\u00e7\u00e3o dos servi\u00e7os de seguran\u00e7a privada e das institui\u00e7\u00f5es financeiras.<\/p>\n<p align=\"justify\">Ao estabelecer a coopera\u00e7\u00e3o entre \u00f3rg\u00e3os p\u00fablicos e empresas privadas na preven\u00e7\u00e3o de delitos e na prote\u00e7\u00e3o da popula\u00e7\u00e3o, o Estatuto contribui para os objetivos da PEC. A regulamenta\u00e7\u00e3o fortalece a fiscaliza\u00e7\u00e3o da Pol\u00edcia Federal, combate a informalidade e eleva os padr\u00f5es de forma\u00e7\u00e3o profissional, inclusive com a exig\u00eancia de um gestor respons\u00e1vel pelos esquemas de seguran\u00e7a.<\/p>\n<p align=\"justify\">As novas regras tamb\u00e9m dever\u00e3o estimular a gera\u00e7\u00e3o de empregos qualificados e consolidar um mercado mais legalizado, padronizado e fiscalizado, favorecendo o interc\u00e2mbio de dados, a preven\u00e7\u00e3o de riscos e a atua\u00e7\u00e3o coordenada entre Uni\u00e3o, estados, munic\u00edpios e iniciativa privada.<\/p>\n<p align=\"justify\">Fonte:\u00a0Fl\u00e1vio Sandrini, presidente do\u00a0Sesvesp (Sindicato das Empresas de Seguran\u00e7a Privada, Seguran\u00e7a Eletr\u00f4nica e Cursos de Forma\u00e7\u00e3o do Estado de S\u00e3o Paulo)\u00a0e da\u00a0Fenavist (Federa\u00e7\u00e3o Nacional das Empresas de Seguran\u00e7a e Transporte de Valores).<\/p>\n<p align=\"justify\"><strong>Comunica\u00e7\u00e3o Al\u00e9m do obvio<\/strong><\/p>\n","protected":false},"excerpt":{"rendered":"<p>Prestes a seguir para vota\u00e7\u00e3o final no plen\u00e1rio do Senado, prevista para esta quarta-feira (2\/9), em sess\u00e3o com a Comiss\u00e3o de Constitui\u00e7\u00e3o e Justi\u00e7a (CCJ), a PEC da Seguran\u00e7a P\u00fablica prop\u00f5e reestruturar e integrar as for\u00e7as policiais e fortalecer o combate ao crime organizado. Embora direcionada \u00e0 seguran\u00e7a p\u00fablica, a medida tamb\u00e9m dever\u00e1 produzir efeitos [&hellip;]<\/p>\n","protected":false},"author":2,"featured_media":82970,"comment_status":"open","ping_status":"open","sticky":false,"template":"","format":"standard","meta":[],"categories":[153],"tags":[17634,17633,17632],"jetpack_featured_media_url":"https:\/\/insurancecorp.com.br\/pt\/wp-content\/uploads\/2026\/09\/5zYmO4EWMiNGO6InYu02bj5ybhNWYjlmb112bj92Z3B0bj5WYyZmLsVWYmFmc6gjMzQjNzIDNxEjOnBnauEjM2ETMyATOwQjRyUSOwQzb0VXYGJTJ4ETOxEDN1ADMx8VL1ETLf9VLwITLfpDM-e1788363807191.jpeg","yoast_head":"<!-- This site is optimized with the Yoast SEO plugin v14.8 - https:\/\/yoast.com\/wordpress\/plugins\/seo\/ -->\n<title>Os impactos da PEC da Seguran\u00e7a P\u00fablica no setor privado e o papel complementar do Estatuto da Seguran\u00e7a Privada | Revista Insurance Corp | PT-BR<\/title>\n<meta name=\"robots\" content=\"index, follow\" \/>\n<meta name=\"googlebot\" content=\"index, follow, max-snippet:-1, max-image-preview:large, max-video-preview:-1\" \/>\n<meta name=\"bingbot\" content=\"index, follow, max-snippet:-1, max-image-preview:large, max-video-preview:-1\" \/>\n<link rel=\"canonical\" href=\"https:\/\/insurancecorp.com.br\/pt\/2026\/09\/02\/os-impactos-da-pec-da-seguranca-publica-no-setor-privado-e-o-papel-complementar-do-estatuto-da-seguranca-privada\/\" \/>\n<meta property=\"og:locale\" content=\"pt_BR\" \/>\n<meta property=\"og:type\" content=\"article\" \/>\n<meta property=\"og:title\" content=\"Os impactos da PEC da Seguran\u00e7a P\u00fablica no setor privado e o papel complementar do Estatuto da Seguran\u00e7a Privada | Revista Insurance Corp | PT-BR\" \/>\n<meta property=\"og:description\" content=\"Prestes a seguir para vota\u00e7\u00e3o final no plen\u00e1rio do Senado, prevista para esta quarta-feira (2\/9), em sess\u00e3o com a Comiss\u00e3o de Constitui\u00e7\u00e3o e Justi\u00e7a (CCJ), a PEC da Seguran\u00e7a P\u00fablica prop\u00f5e reestruturar e integrar as for\u00e7as policiais e fortalecer o combate ao crime organizado. Embora direcionada \u00e0 seguran\u00e7a p\u00fablica, a medida tamb\u00e9m dever\u00e1 produzir efeitos [&hellip;]\" \/>\n<meta property=\"og:url\" content=\"https:\/\/insurancecorp.com.br\/pt\/2026\/09\/02\/os-impactos-da-pec-da-seguranca-publica-no-setor-privado-e-o-papel-complementar-do-estatuto-da-seguranca-privada\/\" \/>\n<meta property=\"og:site_name\" content=\"Revista Insurance Corp | PT-BR\" \/>\n<meta property=\"article:publisher\" content=\"https:\/\/www.facebook.com\/RevistaInsuranceCorp\/\" \/>\n<meta property=\"article:published_time\" content=\"2026-09-02T15:44:20+00:00\" \/>\n<meta property=\"article:modified_time\" content=\"2026-09-02T18:18:57+00:00\" \/>\n<meta property=\"og:image\" content=\"https:\/\/insurancecorp.com.br\/pt\/wp-content\/uploads\/2026\/09\/5zYmO4EWMiNGO6InYu02bj5ybhNWYjlmb112bj92Z3B0bj5WYyZmLsVWYmFmc6gjMzQjNzIDNxEjOnBnauEjM2ETMyATOwQjRyUSOwQzb0VXYGJTJ4ETOxEDN1ADMx8VL1ETLf9VLwITLfpDM-e1788363807191.jpeg\" \/>\n\t<meta property=\"og:image:width\" content=\"680\" \/>\n\t<meta property=\"og:image:height\" content=\"460\" \/>\n<meta name=\"twitter:card\" content=\"summary\" \/>\n<script type=\"application\/ld+json\" class=\"yoast-schema-graph\">{\"@context\":\"https:\/\/schema.org\",\"@graph\":[{\"@type\":\"Organization\",\"@id\":\"https:\/\/insurancecorp.com.br\/pt\/#organization\",\"name\":\"Revista Insurance Corp\",\"url\":\"https:\/\/insurancecorp.com.br\/pt\/\",\"sameAs\":[\"https:\/\/www.facebook.com\/RevistaInsuranceCorp\/\"],\"logo\":{\"@type\":\"ImageObject\",\"@id\":\"https:\/\/insurancecorp.com.br\/pt\/#logo\",\"inLanguage\":\"pt-BR\",\"url\":\"\",\"caption\":\"Revista Insurance Corp\"},\"image\":{\"@id\":\"https:\/\/insurancecorp.com.br\/pt\/#logo\"}},{\"@type\":\"WebSite\",\"@id\":\"https:\/\/insurancecorp.com.br\/pt\/#website\",\"url\":\"https:\/\/insurancecorp.com.br\/pt\/\",\"name\":\"Revista Insurance Corp | PT-BR\",\"description\":\"A \\u00fanica revista bil\\u00edngue voltada ao mercado de seguro.\",\"publisher\":{\"@id\":\"https:\/\/insurancecorp.com.br\/pt\/#organization\"},\"potentialAction\":[{\"@type\":\"SearchAction\",\"target\":\"https:\/\/insurancecorp.com.br\/pt\/?s={search_term_string}\",\"query-input\":\"required name=search_term_string\"}],\"inLanguage\":\"pt-BR\"},{\"@type\":\"ImageObject\",\"@id\":\"https:\/\/insurancecorp.com.br\/pt\/2026\/09\/02\/os-impactos-da-pec-da-seguranca-publica-no-setor-privado-e-o-papel-complementar-do-estatuto-da-seguranca-privada\/#primaryimage\",\"inLanguage\":\"pt-BR\",\"url\":\"https:\/\/insurancecorp.com.br\/pt\/wp-content\/uploads\/2026\/09\/5zYmO4EWMiNGO6InYu02bj5ybhNWYjlmb112bj92Z3B0bj5WYyZmLsVWYmFmc6gjMzQjNzIDNxEjOnBnauEjM2ETMyATOwQjRyUSOwQzb0VXYGJTJ4ETOxEDN1ADMx8VL1ETLf9VLwITLfpDM-e1788363807191.jpeg\",\"width\":680,\"height\":460},{\"@type\":\"WebPage\",\"@id\":\"https:\/\/insurancecorp.com.br\/pt\/2026\/09\/02\/os-impactos-da-pec-da-seguranca-publica-no-setor-privado-e-o-papel-complementar-do-estatuto-da-seguranca-privada\/#webpage\",\"url\":\"https:\/\/insurancecorp.com.br\/pt\/2026\/09\/02\/os-impactos-da-pec-da-seguranca-publica-no-setor-privado-e-o-papel-complementar-do-estatuto-da-seguranca-privada\/\",\"name\":\"Os impactos da PEC da Seguran\\u00e7a P\\u00fablica no setor privado e o papel complementar do Estatuto da Seguran\\u00e7a Privada | Revista Insurance Corp | PT-BR\",\"isPartOf\":{\"@id\":\"https:\/\/insurancecorp.com.br\/pt\/#website\"},\"primaryImageOfPage\":{\"@id\":\"https:\/\/insurancecorp.com.br\/pt\/2026\/09\/02\/os-impactos-da-pec-da-seguranca-publica-no-setor-privado-e-o-papel-complementar-do-estatuto-da-seguranca-privada\/#primaryimage\"},\"datePublished\":\"2026-09-02T15:44:20+00:00\",\"dateModified\":\"2026-09-02T18:18:57+00:00\",\"inLanguage\":\"pt-BR\",\"potentialAction\":[{\"@type\":\"ReadAction\",\"target\":[\"https:\/\/insurancecorp.com.br\/pt\/2026\/09\/02\/os-impactos-da-pec-da-seguranca-publica-no-setor-privado-e-o-papel-complementar-do-estatuto-da-seguranca-privada\/\"]}]},{\"@type\":\"Article\",\"@id\":\"https:\/\/insurancecorp.com.br\/pt\/2026\/09\/02\/os-impactos-da-pec-da-seguranca-publica-no-setor-privado-e-o-papel-complementar-do-estatuto-da-seguranca-privada\/#article\",\"isPartOf\":{\"@id\":\"https:\/\/insurancecorp.com.br\/pt\/2026\/09\/02\/os-impactos-da-pec-da-seguranca-publica-no-setor-privado-e-o-papel-complementar-do-estatuto-da-seguranca-privada\/#webpage\"},\"author\":{\"@id\":\"https:\/\/insurancecorp.com.br\/pt\/#\/schema\/person\/1b69c8cf325f0b7167f1b171f52df4af\"},\"headline\":\"Os impactos da PEC da Seguran\\u00e7a P\\u00fablica no setor privado e o papel complementar do Estatuto da Seguran\\u00e7a Privada\",\"datePublished\":\"2026-09-02T15:44:20+00:00\",\"dateModified\":\"2026-09-02T18:18:57+00:00\",\"mainEntityOfPage\":{\"@id\":\"https:\/\/insurancecorp.com.br\/pt\/2026\/09\/02\/os-impactos-da-pec-da-seguranca-publica-no-setor-privado-e-o-papel-complementar-do-estatuto-da-seguranca-privada\/#webpage\"},\"commentCount\":0,\"publisher\":{\"@id\":\"https:\/\/insurancecorp.com.br\/pt\/#organization\"},\"image\":{\"@id\":\"https:\/\/insurancecorp.com.br\/pt\/2026\/09\/02\/os-impactos-da-pec-da-seguranca-publica-no-setor-privado-e-o-papel-complementar-do-estatuto-da-seguranca-privada\/#primaryimage\"},\"keywords\":\"Estatuto da Seguran\\u00e7a Privada,papel complementar,PEC da Seguran\\u00e7a P\\u00fablica\",\"articleSection\":\"Interesse Mercado\",\"inLanguage\":\"pt-BR\",\"potentialAction\":[{\"@type\":\"CommentAction\",\"name\":\"Comment\",\"target\":[\"https:\/\/insurancecorp.com.br\/pt\/2026\/09\/02\/os-impactos-da-pec-da-seguranca-publica-no-setor-privado-e-o-papel-complementar-do-estatuto-da-seguranca-privada\/#respond\"]}]},{\"@type\":\"Person\",\"@id\":\"https:\/\/insurancecorp.com.br\/pt\/#\/schema\/person\/1b69c8cf325f0b7167f1b171f52df4af\",\"name\":\"Publica\\u00e7\\u00e3o\",\"image\":{\"@type\":\"ImageObject\",\"@id\":\"https:\/\/insurancecorp.com.br\/pt\/#personlogo\",\"inLanguage\":\"pt-BR\",\"url\":\"https:\/\/secure.gravatar.com\/avatar\/17226f1f60486eb25d4c6b301ffed37f?s=96&d=mm&r=g\",\"caption\":\"Publica\\u00e7\\u00e3o\"}}]}<\/script>\n<!-- \/ Yoast SEO plugin. -->","_links":{"self":[{"href":"https:\/\/insurancecorp.com.br\/pt\/wp-json\/wp\/v2\/posts\/82965"}],"collection":[{"href":"https:\/\/insurancecorp.com.br\/pt\/wp-json\/wp\/v2\/posts"}],"about":[{"href":"https:\/\/insurancecorp.com.br\/pt\/wp-json\/wp\/v2\/types\/post"}],"author":[{"embeddable":true,"href":"https:\/\/insurancecorp.com.br\/pt\/wp-json\/wp\/v2\/users\/2"}],"replies":[{"embeddable":true,"href":"https:\/\/insurancecorp.com.br\/pt\/wp-json\/wp\/v2\/comments?post=82965"}],"version-history":[{"count":2,"href":"https:\/\/insurancecorp.com.br\/pt\/wp-json\/wp\/v2\/posts\/82965\/revisions"}],"predecessor-version":[{"id":82984,"href":"https:\/\/insurancecorp.com.br\/pt\/wp-json\/wp\/v2\/posts\/82965\/revisions\/82984"}],"wp:featuredmedia":[{"embeddable":true,"href":"https:\/\/insurancecorp.com.br\/pt\/wp-json\/wp\/v2\/media\/82970"}],"wp:attachment":[{"href":"https:\/\/insurancecorp.com.br\/pt\/wp-json\/wp\/v2\/media?parent=82965"}],"wp:term":[{"taxonomy":"category","embeddable":true,"href":"https:\/\/insurancecorp.com.br\/pt\/wp-json\/wp\/v2\/categories?post=82965"},{"taxonomy":"post_tag","embeddable":true,"href":"https:\/\/insurancecorp.com.br\/pt\/wp-json\/wp\/v2\/tags?post=82965"}],"curies":[{"name":"wp","href":"https:\/\/api.w.org\/{rel}","templated":true}]}}