{"id":82960,"date":"2026-09-02T10:53:27","date_gmt":"2026-09-02T13:53:27","guid":{"rendered":"https:\/\/insurancecorp.com.br\/pt\/?p=82960"},"modified":"2026-09-02T10:53:27","modified_gmt":"2026-09-02T13:53:27","slug":"csp-mg-promove-simposio-sobre-seguro-de-vida-individual-para-debater-estrategias-de-protecao-a-sociedade","status":"publish","type":"post","link":"https:\/\/insurancecorp.com.br\/pt\/2026\/09\/02\/csp-mg-promove-simposio-sobre-seguro-de-vida-individual-para-debater-estrategias-de-protecao-a-sociedade\/","title":{"rendered":"CSP-MG promove simp\u00f3sio sobre Seguro de Vida Individual para debater estrat\u00e9gias de prote\u00e7\u00e3o \u00e0 sociedade"},"content":{"rendered":"<p align=\"justify\">O Clube de Seguros de Pessoas de Minas Gerais (CSP-MG) realiza, no dia 9 de setembro, a 4\u00aa edi\u00e7\u00e3o do Simp\u00f3sio &#8220;Como aumentar a prote\u00e7\u00e3o da sociedade&#8221;. Desta vez, o encontro ter\u00e1 como pauta o Seguro de Vida Individual, reunindo especialistas do mercado para apresentar conte\u00fados estrat\u00e9gicos e atuais voltados aos profissionais do setor. O evento acontece das 8h \u00e0s 12h30, no audit\u00f3rio do SindSeg MG\/GO\/MT\/DF, em Belo Horizonte.<\/p>\n<p align=\"justify\">O painel de debates contar\u00e1 com a presen\u00e7a do gerente comercial da MAG Seguros, Pedro Henrique Torres Santos; do gerente da Filial Minas Gerais da MBM Seguradora, Michel Eloi; do gerente de Filial MG da SulAm\u00e9rica, Felipe Gomes de Rezende; e do superintendente comercial Vida da Zurich, Sergio Prates.<\/p>\n<p align=\"justify\">Segundo o presidente do CSP-MG, Jo\u00e3o Paulo Moreira de Mello, a escolha do tema acompanha a maturidade e o avan\u00e7o cont\u00ednuo do ramo no pa\u00eds, exigindo qualifica\u00e7\u00e3o constante do canal de vendas.<\/p>\n<p align=\"justify\">&#8220;O Seguro de Vida Individual vive um momento de forte expans\u00e3o, impulsionado pela conscientiza\u00e7\u00e3o cada vez maior da popula\u00e7\u00e3o sobre a necessidade de planejamento financeiro e prote\u00e7\u00e3o familiar. Esse movimento abre oportunidades concretas de neg\u00f3cios aos corretores. Nosso objetivo com o simp\u00f3sio \u00e9 entregar ferramentas pr\u00e1ticas e vis\u00e3o estrat\u00e9gica para que os profissionais atuem com ainda mais protagonismo. Todos est\u00e3o convidados a estarem conosco nesse debate fundamental voltado ao fortalecimento do nosso mercado&#8221;, destaca Mello.<\/p>\n<p align=\"justify\">As inscri\u00e7\u00f5es para o simp\u00f3sio s\u00e3o gratuitas, por\u00e9m com vagas limitadas devido \u00e0 capacidade do espa\u00e7o. Os interessados devem garantir a participa\u00e7\u00e3o antecipadamente pelo link <a href=\"https:\/\/forms.gle\/buryhfGEcSvPRBtw5\" target=\"_blank\" rel=\"noopener noreferrer\">https:\/\/forms.gle\/buryhfGEcSvPRBtw5<\/a><\/p>\n<h4 align=\"justify\">Servi\u00e7o<\/h4>\n<p align=\"justify\">Evento: 4\u00ba Simp\u00f3sio &#8220;Como aumentar a prote\u00e7\u00e3o da sociedade&#8221;<\/p>\n<p align=\"justify\">Tema: Seguro de Vida Individual<\/p>\n<p align=\"justify\">Realiza\u00e7\u00e3o: Clube de Seguros de Pessoas de Minas Gerais (CSP-MG)<\/p>\n<p align=\"justify\">Data: 9 de setembro de 2026<\/p>\n<p align=\"justify\">Hor\u00e1rio: 8h \u00e0s 12h30 (caf\u00e9 de boas-vindas \u00e0s 8h, abertura \u00e0s 8h30)<\/p>\n<p align=\"justify\">Local: Audit\u00f3rio do SindSeg MG\/GO\/MT\/DF \u2013 Av. Afonso Pena, 726, 22\u00ba andar, Centro, Belo Horizonte\/MG<\/p>\n<p align=\"justify\">Benem\u00e9ritas participantes: MAG Seguros, MBM Seguradora, SulAm\u00e9rica e Zurich<\/p>\n<p align=\"justify\">Coordena\u00e7\u00e3o e media\u00e7\u00e3o: Jo\u00e3o Paulo Moreira de Mello<\/p>\n<p align=\"justify\">Inscri\u00e7\u00f5es gratuitas: <a href=\"https:\/\/forms.gle\/buryhfGEcSvPRBtw5\" target=\"_blank\" rel=\"noopener noreferrer\">https:\/\/forms.gle\/buryhfGEcSvPRBtw5<\/a><\/p>\n<p align=\"justify\"><strong>DG Comunica\u00e7\u00e3o<\/strong><\/p>\n","protected":false},"excerpt":{"rendered":"<p>O Clube de Seguros de Pessoas de Minas Gerais (CSP-MG) realiza, no dia 9 de setembro, a 4\u00aa edi\u00e7\u00e3o do Simp\u00f3sio &#8220;Como aumentar a prote\u00e7\u00e3o da sociedade&#8221;. Desta vez, o encontro ter\u00e1 como pauta o Seguro de Vida Individual, reunindo especialistas do mercado para apresentar conte\u00fados estrat\u00e9gicos e atuais voltados aos profissionais do setor. O [&hellip;]<\/p>\n","protected":false},"author":2,"featured_media":82962,"comment_status":"open","ping_status":"open","sticky":false,"template":"","format":"standard","meta":[],"categories":[237],"tags":[2145,17630,17629,5046],"jetpack_featured_media_url":"https:\/\/insurancecorp.com.br\/pt\/wp-content\/uploads\/2026\/09\/Card-VI-Simposio-CSP-MG-ok.jpeg","yoast_head":"<!-- This site is optimized with the Yoast SEO plugin v14.8 - https:\/\/yoast.com\/wordpress\/plugins\/seo\/ -->\n<title>CSP-MG promove simp\u00f3sio sobre Seguro de Vida Individual para debater estrat\u00e9gias de prote\u00e7\u00e3o \u00e0 sociedade | Revista Insurance Corp | PT-BR<\/title>\n<meta name=\"robots\" content=\"index, follow\" \/>\n<meta name=\"googlebot\" content=\"index, follow, max-snippet:-1, max-image-preview:large, max-video-preview:-1\" \/>\n<meta name=\"bingbot\" content=\"index, follow, max-snippet:-1, max-image-preview:large, max-video-preview:-1\" \/>\n<link rel=\"canonical\" href=\"https:\/\/insurancecorp.com.br\/pt\/2026\/09\/02\/csp-mg-promove-simposio-sobre-seguro-de-vida-individual-para-debater-estrategias-de-protecao-a-sociedade\/\" \/>\n<meta property=\"og:locale\" content=\"pt_BR\" \/>\n<meta property=\"og:type\" content=\"article\" \/>\n<meta property=\"og:title\" content=\"CSP-MG promove simp\u00f3sio sobre Seguro de Vida Individual para debater estrat\u00e9gias de prote\u00e7\u00e3o \u00e0 sociedade | Revista Insurance Corp | PT-BR\" \/>\n<meta property=\"og:description\" content=\"O Clube de Seguros de Pessoas de Minas Gerais (CSP-MG) realiza, no dia 9 de setembro, a 4\u00aa edi\u00e7\u00e3o do Simp\u00f3sio &#8220;Como aumentar a prote\u00e7\u00e3o da sociedade&#8221;. Desta vez, o encontro ter\u00e1 como pauta o Seguro de Vida Individual, reunindo especialistas do mercado para apresentar conte\u00fados estrat\u00e9gicos e atuais voltados aos profissionais do setor. O [&hellip;]\" \/>\n<meta property=\"og:url\" content=\"https:\/\/insurancecorp.com.br\/pt\/2026\/09\/02\/csp-mg-promove-simposio-sobre-seguro-de-vida-individual-para-debater-estrategias-de-protecao-a-sociedade\/\" \/>\n<meta property=\"og:site_name\" content=\"Revista Insurance Corp | PT-BR\" \/>\n<meta property=\"article:publisher\" content=\"https:\/\/www.facebook.com\/RevistaInsuranceCorp\/\" \/>\n<meta property=\"article:published_time\" content=\"2026-09-02T13:53:27+00:00\" \/>\n<meta property=\"og:image\" content=\"https:\/\/insurancecorp.com.br\/pt\/wp-content\/uploads\/2026\/09\/Card-VI-Simposio-CSP-MG-ok.jpeg\" \/>\n\t<meta property=\"og:image:width\" content=\"1080\" \/>\n\t<meta property=\"og:image:height\" content=\"1350\" \/>\n<meta name=\"twitter:card\" content=\"summary\" \/>\n<script type=\"application\/ld+json\" class=\"yoast-schema-graph\">{\"@context\":\"https:\/\/schema.org\",\"@graph\":[{\"@type\":\"Organization\",\"@id\":\"https:\/\/insurancecorp.com.br\/pt\/#organization\",\"name\":\"Revista Insurance Corp\",\"url\":\"https:\/\/insurancecorp.com.br\/pt\/\",\"sameAs\":[\"https:\/\/www.facebook.com\/RevistaInsuranceCorp\/\"],\"logo\":{\"@type\":\"ImageObject\",\"@id\":\"https:\/\/insurancecorp.com.br\/pt\/#logo\",\"inLanguage\":\"pt-BR\",\"url\":\"\",\"caption\":\"Revista Insurance Corp\"},\"image\":{\"@id\":\"https:\/\/insurancecorp.com.br\/pt\/#logo\"}},{\"@type\":\"WebSite\",\"@id\":\"https:\/\/insurancecorp.com.br\/pt\/#website\",\"url\":\"https:\/\/insurancecorp.com.br\/pt\/\",\"name\":\"Revista Insurance Corp | PT-BR\",\"description\":\"A \\u00fanica revista bil\\u00edngue voltada ao mercado de seguro.\",\"publisher\":{\"@id\":\"https:\/\/insurancecorp.com.br\/pt\/#organization\"},\"potentialAction\":[{\"@type\":\"SearchAction\",\"target\":\"https:\/\/insurancecorp.com.br\/pt\/?s={search_term_string}\",\"query-input\":\"required name=search_term_string\"}],\"inLanguage\":\"pt-BR\"},{\"@type\":\"ImageObject\",\"@id\":\"https:\/\/insurancecorp.com.br\/pt\/2026\/09\/02\/csp-mg-promove-simposio-sobre-seguro-de-vida-individual-para-debater-estrategias-de-protecao-a-sociedade\/#primaryimage\",\"inLanguage\":\"pt-BR\",\"url\":\"https:\/\/insurancecorp.com.br\/pt\/wp-content\/uploads\/2026\/09\/Card-VI-Simposio-CSP-MG-ok.jpeg\",\"width\":1080,\"height\":1350},{\"@type\":\"WebPage\",\"@id\":\"https:\/\/insurancecorp.com.br\/pt\/2026\/09\/02\/csp-mg-promove-simposio-sobre-seguro-de-vida-individual-para-debater-estrategias-de-protecao-a-sociedade\/#webpage\",\"url\":\"https:\/\/insurancecorp.com.br\/pt\/2026\/09\/02\/csp-mg-promove-simposio-sobre-seguro-de-vida-individual-para-debater-estrategias-de-protecao-a-sociedade\/\",\"name\":\"CSP-MG promove simp\\u00f3sio sobre Seguro de Vida Individual para debater estrat\\u00e9gias de prote\\u00e7\\u00e3o \\u00e0 sociedade | Revista Insurance Corp | PT-BR\",\"isPartOf\":{\"@id\":\"https:\/\/insurancecorp.com.br\/pt\/#website\"},\"primaryImageOfPage\":{\"@id\":\"https:\/\/insurancecorp.com.br\/pt\/2026\/09\/02\/csp-mg-promove-simposio-sobre-seguro-de-vida-individual-para-debater-estrategias-de-protecao-a-sociedade\/#primaryimage\"},\"datePublished\":\"2026-09-02T13:53:27+00:00\",\"dateModified\":\"2026-09-02T13:53:27+00:00\",\"inLanguage\":\"pt-BR\",\"potentialAction\":[{\"@type\":\"ReadAction\",\"target\":[\"https:\/\/insurancecorp.com.br\/pt\/2026\/09\/02\/csp-mg-promove-simposio-sobre-seguro-de-vida-individual-para-debater-estrategias-de-protecao-a-sociedade\/\"]}]},{\"@type\":\"Article\",\"@id\":\"https:\/\/insurancecorp.com.br\/pt\/2026\/09\/02\/csp-mg-promove-simposio-sobre-seguro-de-vida-individual-para-debater-estrategias-de-protecao-a-sociedade\/#article\",\"isPartOf\":{\"@id\":\"https:\/\/insurancecorp.com.br\/pt\/2026\/09\/02\/csp-mg-promove-simposio-sobre-seguro-de-vida-individual-para-debater-estrategias-de-protecao-a-sociedade\/#webpage\"},\"author\":{\"@id\":\"https:\/\/insurancecorp.com.br\/pt\/#\/schema\/person\/1b69c8cf325f0b7167f1b171f52df4af\"},\"headline\":\"CSP-MG promove simp\\u00f3sio sobre Seguro de Vida Individual para debater estrat\\u00e9gias de prote\\u00e7\\u00e3o \\u00e0 sociedade\",\"datePublished\":\"2026-09-02T13:53:27+00:00\",\"dateModified\":\"2026-09-02T13:53:27+00:00\",\"mainEntityOfPage\":{\"@id\":\"https:\/\/insurancecorp.com.br\/pt\/2026\/09\/02\/csp-mg-promove-simposio-sobre-seguro-de-vida-individual-para-debater-estrategias-de-protecao-a-sociedade\/#webpage\"},\"commentCount\":0,\"publisher\":{\"@id\":\"https:\/\/insurancecorp.com.br\/pt\/#organization\"},\"image\":{\"@id\":\"https:\/\/insurancecorp.com.br\/pt\/2026\/09\/02\/csp-mg-promove-simposio-sobre-seguro-de-vida-individual-para-debater-estrategias-de-protecao-a-sociedade\/#primaryimage\"},\"keywords\":\"CSP-MG,debater estrat\\u00e9gias,promove simp\\u00f3sio,seguro de vida individual\",\"articleSection\":\"CSP-MG\",\"inLanguage\":\"pt-BR\",\"potentialAction\":[{\"@type\":\"CommentAction\",\"name\":\"Comment\",\"target\":[\"https:\/\/insurancecorp.com.br\/pt\/2026\/09\/02\/csp-mg-promove-simposio-sobre-seguro-de-vida-individual-para-debater-estrategias-de-protecao-a-sociedade\/#respond\"]}]},{\"@type\":\"Person\",\"@id\":\"https:\/\/insurancecorp.com.br\/pt\/#\/schema\/person\/1b69c8cf325f0b7167f1b171f52df4af\",\"name\":\"Publica\\u00e7\\u00e3o\",\"image\":{\"@type\":\"ImageObject\",\"@id\":\"https:\/\/insurancecorp.com.br\/pt\/#personlogo\",\"inLanguage\":\"pt-BR\",\"url\":\"https:\/\/secure.gravatar.com\/avatar\/17226f1f60486eb25d4c6b301ffed37f?s=96&d=mm&r=g\",\"caption\":\"Publica\\u00e7\\u00e3o\"}}]}<\/script>\n<!-- \/ Yoast SEO plugin. -->","_links":{"self":[{"href":"https:\/\/insurancecorp.com.br\/pt\/wp-json\/wp\/v2\/posts\/82960"}],"collection":[{"href":"https:\/\/insurancecorp.com.br\/pt\/wp-json\/wp\/v2\/posts"}],"about":[{"href":"https:\/\/insurancecorp.com.br\/pt\/wp-json\/wp\/v2\/types\/post"}],"author":[{"embeddable":true,"href":"https:\/\/insurancecorp.com.br\/pt\/wp-json\/wp\/v2\/users\/2"}],"replies":[{"embeddable":true,"href":"https:\/\/insurancecorp.com.br\/pt\/wp-json\/wp\/v2\/comments?post=82960"}],"version-history":[{"count":1,"href":"https:\/\/insurancecorp.com.br\/pt\/wp-json\/wp\/v2\/posts\/82960\/revisions"}],"predecessor-version":[{"id":82964,"href":"https:\/\/insurancecorp.com.br\/pt\/wp-json\/wp\/v2\/posts\/82960\/revisions\/82964"}],"wp:featuredmedia":[{"embeddable":true,"href":"https:\/\/insurancecorp.com.br\/pt\/wp-json\/wp\/v2\/media\/82962"}],"wp:attachment":[{"href":"https:\/\/insurancecorp.com.br\/pt\/wp-json\/wp\/v2\/media?parent=82960"}],"wp:term":[{"taxonomy":"category","embeddable":true,"href":"https:\/\/insurancecorp.com.br\/pt\/wp-json\/wp\/v2\/categories?post=82960"},{"taxonomy":"post_tag","embeddable":true,"href":"https:\/\/insurancecorp.com.br\/pt\/wp-json\/wp\/v2\/tags?post=82960"}],"curies":[{"name":"wp","href":"https:\/\/api.w.org\/{rel}","templated":true}]}}