{"id":82953,"date":"2026-09-02T10:41:10","date_gmt":"2026-09-02T13:41:10","guid":{"rendered":"https:\/\/insurancecorp.com.br\/pt\/?p=82953"},"modified":"2026-09-02T10:41:10","modified_gmt":"2026-09-02T13:41:10","slug":"zurich-marca-novo-ciclo-de-distribuicao-durante-a-fenacor","status":"publish","type":"post","link":"https:\/\/insurancecorp.com.br\/pt\/2026\/09\/02\/zurich-marca-novo-ciclo-de-distribuicao-durante-a-fenacor\/","title":{"rendered":"Zurich marca novo ciclo de Distribui\u00e7\u00e3o durante a FENACOR"},"content":{"rendered":"<p align=\"justify\">A Zurich Seguros encerrou a participa\u00e7\u00e3o no 24\u00ba Congresso Brasileiro dos Corretores de Seguros, promovido pela FENACOR entre 27 e 29 de agosto, no ExpoRio, no Rio de Janeiro, com uma agenda voltada ao relacionamento com o canal corretor, \u00e0 apresenta\u00e7\u00e3o do portf\u00f3lio e \u00e0 continuidade da estrat\u00e9gia de Distribui\u00e7\u00e3o no Brasil.<\/p>\n<p align=\"justify\">Ao longo do congresso, a seguradora recebeu corretores e parceiros em um estande com \u00e1reas dedicadas ao atendimento, \u00e0 troca com as equipes comerciais e \u00e0 apresenta\u00e7\u00e3o de solu\u00e7\u00f5es como Autom\u00f3vel, Residencial, Vida Individual e Vida PME.<\/p>\n<p align=\"justify\">A agenda da Zurich na FENACOR incluiu ainda um encontro com corretores para marcar a transi\u00e7\u00e3o da Diretoria Executiva de Distribui\u00e7\u00e3o. Paulo Ricardo assumiu a lideran\u00e7a da \u00e1rea em 3 de agosto, sucedendo Marcio Benevides, que encerra a trajet\u00f3ria na seguradora ao fim do m\u00eas ap\u00f3s 15 anos.<\/p>\n<p align=\"justify\">&#8220;Assumir a \u00e1rea de Distribui\u00e7\u00e3o neste momento traz a responsabilidade de dar sequ\u00eancia a uma estrat\u00e9gia constru\u00edda com proximidade, presen\u00e7a regional e di\u00e1logo constante com corretores e assessorias. A Zurich tem um portf\u00f3lio amplo e uma rela\u00e7\u00e3o s\u00f3lida com o canal, e nosso foco \u00e9 seguir simplificando a jornada comercial, ouvindo os parceiros e criando novas oportunidades de neg\u00f3cio&#8221;, afirma Paulo Ricardo, diretor executivo de Distribui\u00e7\u00e3o da Zurich Seguros.<\/p>\n<h4 align=\"justify\">Continuidade na rela\u00e7\u00e3o com corretores<\/h4>\n<p align=\"justify\">A transi\u00e7\u00e3o ocorre em um momento de avan\u00e7o do Canal Corretor. No primeiro semestre de 2026, o pr\u00eamio emitido pelo canal cresceu 11,2% em rela\u00e7\u00e3o ao mesmo per\u00edodo do ano anterior, com altas de 21,9% em Seguros Corporativos, 10,7% em Vida e 4,9% em Linhas Pessoais.<\/p>\n<p align=\"justify\">A Zurich mant\u00e9m relacionamento com mais de 18 mil corretores e mais de 80 assessorias, estrutura que sustenta sua atua\u00e7\u00e3o regional e a distribui\u00e7\u00e3o de um portf\u00f3lio multilinha para pessoas e empresas. Durante o evento, a estrat\u00e9gia apareceu tamb\u00e9m na apresenta\u00e7\u00e3o de produtos e solu\u00e7\u00f5es voltados \u00e0 diversifica\u00e7\u00e3o da carteira dos parceiros.<\/p>\n<p align=\"justify\">Em Vida, o conceito &#8220;Zurich Vida Para Voc\u00ea, o seguro que entende de vida&#8221; foi apresentado aos corretores como parte de uma abordagem voltada a tornar a conversa sobre prote\u00e7\u00e3o mais clara, pr\u00f3xima e conectada a diferentes fases da vida. Em Autom\u00f3vel e Residencial, a seguradora destacou diferenciais de produto, assist\u00eancias e oportunidades para ampliar a atua\u00e7\u00e3o do corretor junto aos clientes.<\/p>\n<p align=\"justify\">&#8220;Encerrar esse ciclo depois de 15 anos na Zurich \u00e9 olhar para uma hist\u00f3ria constru\u00edda junto aos corretores, assessorias e equipes comerciais. A rela\u00e7\u00e3o com o canal sempre foi um dos pilares da nossa atua\u00e7\u00e3o, e a transi\u00e7\u00e3o preserva essa confian\u00e7a, com uma estrat\u00e9gia de longo prazo e um time preparado para seguir pr\u00f3ximo dos parceiros&#8221;, afirma Marcio Benevides.<\/p>\n<p align=\"justify\">Com a participa\u00e7\u00e3o na FENACOR, a Zurich marca a continuidade de uma agenda comercial baseada em proximidade, regionaliza\u00e7\u00e3o, simplifica\u00e7\u00e3o da jornada e fortalecimento do portf\u00f3lio oferecido ao canal corretor.<\/p>\n<p align=\"justify\"><strong>Fato Relevante<\/strong><\/p>\n","protected":false},"excerpt":{"rendered":"<p>A Zurich Seguros encerrou a participa\u00e7\u00e3o no 24\u00ba Congresso Brasileiro dos Corretores de Seguros, promovido pela FENACOR entre 27 e 29 de agosto, no ExpoRio, no Rio de Janeiro, com uma agenda voltada ao relacionamento com o canal corretor, \u00e0 apresenta\u00e7\u00e3o do portf\u00f3lio e \u00e0 continuidade da estrat\u00e9gia de Distribui\u00e7\u00e3o no Brasil. Ao longo do [&hellip;]<\/p>\n","protected":false},"author":2,"featured_media":82955,"comment_status":"open","ping_status":"open","sticky":false,"template":"","format":"standard","meta":[],"categories":[125],"tags":[8036,647,17266,755],"jetpack_featured_media_url":"https:\/\/insurancecorp.com.br\/pt\/wp-content\/uploads\/2026\/09\/Zurich_FENACOR_divulgacao_02-scaled.jpg","yoast_head":"<!-- This site is optimized with the Yoast SEO plugin v14.8 - https:\/\/yoast.com\/wordpress\/plugins\/seo\/ -->\n<title>Zurich marca novo ciclo de Distribui\u00e7\u00e3o durante a FENACOR | Revista Insurance Corp | PT-BR<\/title>\n<meta name=\"robots\" content=\"index, follow\" \/>\n<meta name=\"googlebot\" content=\"index, follow, max-snippet:-1, max-image-preview:large, max-video-preview:-1\" \/>\n<meta name=\"bingbot\" content=\"index, follow, max-snippet:-1, max-image-preview:large, max-video-preview:-1\" \/>\n<link rel=\"canonical\" href=\"https:\/\/insurancecorp.com.br\/pt\/2026\/09\/02\/zurich-marca-novo-ciclo-de-distribuicao-durante-a-fenacor\/\" \/>\n<meta property=\"og:locale\" content=\"pt_BR\" \/>\n<meta property=\"og:type\" content=\"article\" \/>\n<meta property=\"og:title\" content=\"Zurich marca novo ciclo de Distribui\u00e7\u00e3o durante a FENACOR | Revista Insurance Corp | PT-BR\" \/>\n<meta property=\"og:description\" content=\"A Zurich Seguros encerrou a participa\u00e7\u00e3o no 24\u00ba Congresso Brasileiro dos Corretores de Seguros, promovido pela FENACOR entre 27 e 29 de agosto, no ExpoRio, no Rio de Janeiro, com uma agenda voltada ao relacionamento com o canal corretor, \u00e0 apresenta\u00e7\u00e3o do portf\u00f3lio e \u00e0 continuidade da estrat\u00e9gia de Distribui\u00e7\u00e3o no Brasil. Ao longo do [&hellip;]\" \/>\n<meta property=\"og:url\" content=\"https:\/\/insurancecorp.com.br\/pt\/2026\/09\/02\/zurich-marca-novo-ciclo-de-distribuicao-durante-a-fenacor\/\" \/>\n<meta property=\"og:site_name\" content=\"Revista Insurance Corp | PT-BR\" \/>\n<meta property=\"article:publisher\" content=\"https:\/\/www.facebook.com\/RevistaInsuranceCorp\/\" \/>\n<meta property=\"article:published_time\" content=\"2026-09-02T13:41:10+00:00\" \/>\n<meta property=\"og:image\" content=\"https:\/\/insurancecorp.com.br\/pt\/wp-content\/uploads\/2026\/09\/Zurich_FENACOR_divulgacao_02-scaled.jpg\" \/>\n\t<meta property=\"og:image:width\" content=\"2560\" \/>\n\t<meta property=\"og:image:height\" content=\"1707\" \/>\n<meta name=\"twitter:card\" content=\"summary\" \/>\n<script type=\"application\/ld+json\" class=\"yoast-schema-graph\">{\"@context\":\"https:\/\/schema.org\",\"@graph\":[{\"@type\":\"Organization\",\"@id\":\"https:\/\/insurancecorp.com.br\/pt\/#organization\",\"name\":\"Revista Insurance Corp\",\"url\":\"https:\/\/insurancecorp.com.br\/pt\/\",\"sameAs\":[\"https:\/\/www.facebook.com\/RevistaInsuranceCorp\/\"],\"logo\":{\"@type\":\"ImageObject\",\"@id\":\"https:\/\/insurancecorp.com.br\/pt\/#logo\",\"inLanguage\":\"pt-BR\",\"url\":\"\",\"caption\":\"Revista Insurance Corp\"},\"image\":{\"@id\":\"https:\/\/insurancecorp.com.br\/pt\/#logo\"}},{\"@type\":\"WebSite\",\"@id\":\"https:\/\/insurancecorp.com.br\/pt\/#website\",\"url\":\"https:\/\/insurancecorp.com.br\/pt\/\",\"name\":\"Revista Insurance Corp | PT-BR\",\"description\":\"A \\u00fanica revista bil\\u00edngue voltada ao mercado de seguro.\",\"publisher\":{\"@id\":\"https:\/\/insurancecorp.com.br\/pt\/#organization\"},\"potentialAction\":[{\"@type\":\"SearchAction\",\"target\":\"https:\/\/insurancecorp.com.br\/pt\/?s={search_term_string}\",\"query-input\":\"required name=search_term_string\"}],\"inLanguage\":\"pt-BR\"},{\"@type\":\"ImageObject\",\"@id\":\"https:\/\/insurancecorp.com.br\/pt\/2026\/09\/02\/zurich-marca-novo-ciclo-de-distribuicao-durante-a-fenacor\/#primaryimage\",\"inLanguage\":\"pt-BR\",\"url\":\"https:\/\/insurancecorp.com.br\/pt\/wp-content\/uploads\/2026\/09\/Zurich_FENACOR_divulgacao_02-scaled.jpg\",\"width\":2560,\"height\":1707},{\"@type\":\"WebPage\",\"@id\":\"https:\/\/insurancecorp.com.br\/pt\/2026\/09\/02\/zurich-marca-novo-ciclo-de-distribuicao-durante-a-fenacor\/#webpage\",\"url\":\"https:\/\/insurancecorp.com.br\/pt\/2026\/09\/02\/zurich-marca-novo-ciclo-de-distribuicao-durante-a-fenacor\/\",\"name\":\"Zurich marca novo ciclo de Distribui\\u00e7\\u00e3o durante a FENACOR | Revista Insurance Corp | PT-BR\",\"isPartOf\":{\"@id\":\"https:\/\/insurancecorp.com.br\/pt\/#website\"},\"primaryImageOfPage\":{\"@id\":\"https:\/\/insurancecorp.com.br\/pt\/2026\/09\/02\/zurich-marca-novo-ciclo-de-distribuicao-durante-a-fenacor\/#primaryimage\"},\"datePublished\":\"2026-09-02T13:41:10+00:00\",\"dateModified\":\"2026-09-02T13:41:10+00:00\",\"inLanguage\":\"pt-BR\",\"potentialAction\":[{\"@type\":\"ReadAction\",\"target\":[\"https:\/\/insurancecorp.com.br\/pt\/2026\/09\/02\/zurich-marca-novo-ciclo-de-distribuicao-durante-a-fenacor\/\"]}]},{\"@type\":\"Article\",\"@id\":\"https:\/\/insurancecorp.com.br\/pt\/2026\/09\/02\/zurich-marca-novo-ciclo-de-distribuicao-durante-a-fenacor\/#article\",\"isPartOf\":{\"@id\":\"https:\/\/insurancecorp.com.br\/pt\/2026\/09\/02\/zurich-marca-novo-ciclo-de-distribuicao-durante-a-fenacor\/#webpage\"},\"author\":{\"@id\":\"https:\/\/insurancecorp.com.br\/pt\/#\/schema\/person\/1b69c8cf325f0b7167f1b171f52df4af\"},\"headline\":\"Zurich marca novo ciclo de Distribui\\u00e7\\u00e3o durante a FENACOR\",\"datePublished\":\"2026-09-02T13:41:10+00:00\",\"dateModified\":\"2026-09-02T13:41:10+00:00\",\"mainEntityOfPage\":{\"@id\":\"https:\/\/insurancecorp.com.br\/pt\/2026\/09\/02\/zurich-marca-novo-ciclo-de-distribuicao-durante-a-fenacor\/#webpage\"},\"commentCount\":0,\"publisher\":{\"@id\":\"https:\/\/insurancecorp.com.br\/pt\/#organization\"},\"image\":{\"@id\":\"https:\/\/insurancecorp.com.br\/pt\/2026\/09\/02\/zurich-marca-novo-ciclo-de-distribuicao-durante-a-fenacor\/#primaryimage\"},\"keywords\":\"distribui\\u00e7\\u00e3o,Fenacor,novo ciclo,Zurich\",\"articleSection\":\"Zurich\",\"inLanguage\":\"pt-BR\",\"potentialAction\":[{\"@type\":\"CommentAction\",\"name\":\"Comment\",\"target\":[\"https:\/\/insurancecorp.com.br\/pt\/2026\/09\/02\/zurich-marca-novo-ciclo-de-distribuicao-durante-a-fenacor\/#respond\"]}]},{\"@type\":\"Person\",\"@id\":\"https:\/\/insurancecorp.com.br\/pt\/#\/schema\/person\/1b69c8cf325f0b7167f1b171f52df4af\",\"name\":\"Publica\\u00e7\\u00e3o\",\"image\":{\"@type\":\"ImageObject\",\"@id\":\"https:\/\/insurancecorp.com.br\/pt\/#personlogo\",\"inLanguage\":\"pt-BR\",\"url\":\"https:\/\/secure.gravatar.com\/avatar\/17226f1f60486eb25d4c6b301ffed37f?s=96&d=mm&r=g\",\"caption\":\"Publica\\u00e7\\u00e3o\"}}]}<\/script>\n<!-- \/ Yoast SEO plugin. -->","_links":{"self":[{"href":"https:\/\/insurancecorp.com.br\/pt\/wp-json\/wp\/v2\/posts\/82953"}],"collection":[{"href":"https:\/\/insurancecorp.com.br\/pt\/wp-json\/wp\/v2\/posts"}],"about":[{"href":"https:\/\/insurancecorp.com.br\/pt\/wp-json\/wp\/v2\/types\/post"}],"author":[{"embeddable":true,"href":"https:\/\/insurancecorp.com.br\/pt\/wp-json\/wp\/v2\/users\/2"}],"replies":[{"embeddable":true,"href":"https:\/\/insurancecorp.com.br\/pt\/wp-json\/wp\/v2\/comments?post=82953"}],"version-history":[{"count":1,"href":"https:\/\/insurancecorp.com.br\/pt\/wp-json\/wp\/v2\/posts\/82953\/revisions"}],"predecessor-version":[{"id":82957,"href":"https:\/\/insurancecorp.com.br\/pt\/wp-json\/wp\/v2\/posts\/82953\/revisions\/82957"}],"wp:featuredmedia":[{"embeddable":true,"href":"https:\/\/insurancecorp.com.br\/pt\/wp-json\/wp\/v2\/media\/82955"}],"wp:attachment":[{"href":"https:\/\/insurancecorp.com.br\/pt\/wp-json\/wp\/v2\/media?parent=82953"}],"wp:term":[{"taxonomy":"category","embeddable":true,"href":"https:\/\/insurancecorp.com.br\/pt\/wp-json\/wp\/v2\/categories?post=82953"},{"taxonomy":"post_tag","embeddable":true,"href":"https:\/\/insurancecorp.com.br\/pt\/wp-json\/wp\/v2\/tags?post=82953"}],"curies":[{"name":"wp","href":"https:\/\/api.w.org\/{rel}","templated":true}]}}