{"id":82947,"date":"2026-09-02T10:29:55","date_gmt":"2026-09-02T13:29:55","guid":{"rendered":"https:\/\/insurancecorp.com.br\/pt\/?p=82947"},"modified":"2026-09-02T10:29:55","modified_gmt":"2026-09-02T13:29:55","slug":"aumento-de-casos-de-cancer-em-jovens-adultos-reabre-debate-sobre-planejamento-financeiro-e-reserva-familiar","status":"publish","type":"post","link":"https:\/\/insurancecorp.com.br\/pt\/2026\/09\/02\/aumento-de-casos-de-cancer-em-jovens-adultos-reabre-debate-sobre-planejamento-financeiro-e-reserva-familiar\/","title":{"rendered":"Aumento de casos de c\u00e2ncer em jovens adultos reabre debate sobre planejamento financeiro e reserva familiar"},"content":{"rendered":"<p align=\"justify\">O c\u00e2ncer pode atingir muito mais do que a sa\u00fade. Em um cen\u00e1rio de avan\u00e7o da doen\u00e7a entre adultos jovens, o diagn\u00f3stico tamb\u00e9m pode comprometer renda, patrim\u00f4nio e planejamento familiar. \u00c9 o que apontam os dados do Global Status Report on Cancer 2026, da <a href=\"https:\/\/g1.globo.com\/saude\/noticia\/2026\/07\/08\/oms-alerta-que-uma-em-cada-cinco-pessoas-tera-cancer-e-casos-devem-disparar-ate-2050.ghtml\" target=\"_blank\" rel=\"noopener noreferrer\">Organiza\u00e7\u00e3o Mundial da Sa\u00fade (OMS)<\/a>, com 92% da popula\u00e7\u00e3o mundial sendo afetada direta ou indiretamente pelo c\u00e2ncer em algum momento. No Brasil, a expectativa do <a href=\"https:\/\/www.gov.br\/saude\/acl_users\/credentials_cookie_auth\/require_login?came_from=https%3A\/\/www.gov.br\/saude\/pt-br\/assuntos\/noticias\/2026\/fevereiro\/inca-estima-781-mil-novos-casos-de-cancer-por-ano-e-ministerio-da-saude-amplia-o-cuidado-oncologico\" target=\"_blank\" rel=\"noopener noreferrer\">Instituto Nacional de C\u00e2ncer (INCA)<\/a> prev\u00ea 781 mil novos casos por ano no tri\u00eanio de 2026 a 2028. Desconsiderando os tumores de pele n\u00e3o melanoma, s\u00e3o cerca de 518 mil casos anuais.<\/p>\n<p align=\"justify\">Em 2024, o mundo registrou 20,6 milh\u00f5es de novos casos de c\u00e2ncer, e a estimativa \u00e9 que uma em cada cinco pessoas desenvolva a doen\u00e7a ao longo da vida. Mais do que o avan\u00e7o dos diagn\u00f3sticos, o cen\u00e1rio chama aten\u00e7\u00e3o pelo impacto que o c\u00e2ncer pode provocar na vida financeira de pacientes e familiares. Segundo a <a href=\"https:\/\/g1.globo.com\/saude\/noticia\/2026\/07\/08\/oms-alerta-que-uma-em-cada-cinco-pessoas-tera-cancer-e-casos-devem-disparar-ate-2050.ghtml\" target=\"_blank\" rel=\"noopener noreferrer\">OMS<\/a>, pelo menos 45% das pessoas afetadas pela doen\u00e7a enfrentam dificuldades financeiras, seja pelo aumento das despesas durante o tratamento, seja pela redu\u00e7\u00e3o ou interrup\u00e7\u00e3o da renda.<\/p>\n<h4 align=\"justify\">Um diagn\u00f3stico que chega cada vez mais cedo<\/h4>\n<p align=\"justify\">Mesmo associado ao envelhecimento, com idade m\u00e9dia de diagn\u00f3stico em torno dos <a href=\"https:\/\/g1.globo.com\/saude\/noticia\/2026\/07\/23\/por-que-mais-jovens-estao-tendo-cancer-estudo-aponta-envelhecimento-acelerado-do-organismo-como-possivel-explicacao.ghtml\" target=\"_blank\" rel=\"noopener noreferrer\">69 anos<\/a>, alguns tipos de c\u00e2ncer v\u00eam aumentando entre adultos jovens. Estudo de pesquisadores da Ag\u00eancia Internacional para Pesquisa em C\u00e2ncer (IARC) mostrou que, na Austr\u00e1lia, Canad\u00e1, Reino Unido e Estados Unidos, pessoas nascidas nos anos 1990 t\u00eam pelo menos quatro vezes mais risco de desenvolver c\u00e2ncer colorretal precocemente do que as nascidas nos anos 1960.<\/p>\n<p align=\"justify\">Esse avan\u00e7o da doen\u00e7a para idades mais jovens traz uma consequ\u00eancia financeira importante. Um diagn\u00f3stico aos 35 ou 40 anos pode ocorrer quando a pessoa ainda est\u00e1 construindo patrim\u00f4nio, pagando financiamento, criando filhos e consolidando a carreira. Mesmo quando o tratamento \u00e9 coberto pelo SUS ou por um plano de sa\u00fade, a interrup\u00e7\u00e3o ou redu\u00e7\u00e3o das atividades profissionais pode comprometer planos e compromissos financeiros de longo prazo.<\/p>\n<p align=\"justify\">Na pr\u00e1tica, o impacto se estende a toda a din\u00e2mica familiar. Al\u00e9m da poss\u00edvel queda na renda, surgem despesas extras com deslocamentos, alimenta\u00e7\u00e3o, medicamentos e mudan\u00e7as na rotina. Em alguns casos, um familiar tamb\u00e9m precisa reduzir a jornada ou deixar o trabalho para acompanhar o paciente, ampliando a press\u00e3o sobre o or\u00e7amento. Somada, essa conta ganha propor\u00e7\u00e3o macroecon\u00f4mica. A OMS projeta que, entre 2020 e 2050, o custo anual associado ao c\u00e2ncer corresponda a cerca de 0,55% do PIB mundial.<\/p>\n<h4 align=\"justify\">O papel estrat\u00e9gico do seguro de vida<\/h4>\n<p align=\"justify\">\u00c9 justamente nesse ponto que o seguro de vida se torna uma ferramenta importante de prote\u00e7\u00e3o. Se o tratamento m\u00e9dico cuida da doen\u00e7a, o seguro pode ajudar a preservar a estrutura financeira da fam\u00edlia quando a renda diminui e as despesas aumentam. Dependendo da ap\u00f3lice, a prote\u00e7\u00e3o pode incluir coberturas para morte, invalidez, incapacidade tempor\u00e1ria e doen\u00e7as graves, permitindo que o pr\u00f3prio segurado receba uma indeniza\u00e7\u00e3o em vida diante de um diagn\u00f3stico.<\/p>\n<p align=\"justify\">A cobertura de doen\u00e7as graves \u00e9 a que responde diretamente a esse cen\u00e1rio, mas ela n\u00e3o \u00e9 padronizada: diagn\u00f3sticos contemplados, est\u00e1gios da doen\u00e7a e crit\u00e9rios de pagamento mudam de ap\u00f3lice para ap\u00f3lice. A diferen\u00e7a pesa justamente nos casos precoces, porque detec\u00e7\u00e3o antecipada costuma significar est\u00e1gio inicial e nem todo contrato aciona indeniza\u00e7\u00e3o nesse ponto. Por isso, entender o que est\u00e1 previsto antes de contratar importa tanto quanto o valor da cobertura. O seguro n\u00e3o substitui tratamento m\u00e9dico, SUS, plano de sa\u00fade ou reserva financeira, mas evita que o diagn\u00f3stico se transforme tamb\u00e9m em uma crise financeira.<\/p>\n<p align=\"justify\">Para Rafael Cl\u00f3, CEO e Cofundador da Azos, insurtech especializada no setor, \u201co seguro de vida ainda \u00e9 visto como um produto que s\u00f3 entrega valor depois que a pessoa morre, e isso limita muito a conversa. Existe uma segunda fun\u00e7\u00e3o, que \u00e9 proteger a renda de quem continua vivo e precisa parar de trabalhar por seis meses ou um ano. Quando o diagn\u00f3stico chega aos 35 anos, \u00e9 essa fun\u00e7\u00e3o que importa.\u201d<\/p>\n<p align=\"justify\">A companhia estruturou a cobertura de c\u00e2ncer em tr\u00eas est\u00e1gios (leve, moderado e intenso) e os dados da companhia ajudam a ilustrar o perfil de quem busca esse modelo de prote\u00e7\u00e3o no mercado brasileiro. Segundo um levantamento interno, mais de 70% das ap\u00f3lices de Doen\u00e7as Graves est\u00e3o concentradas entre segurados de 25 a 44 anos, justamente uma faixa de alta atividade econ\u00f4mica. A maior parte est\u00e1 em faixas de renda entre R$10 mil e R$20 mil, enquanto cerca de um ter\u00e7o \u00e9 formado por solteiros ou divorciados.<\/p>\n<p align=\"justify\">Entre as mulheres, o c\u00e2ncer aparece como a principal causa dos sinistros. Em 2025, a doen\u00e7a esteve na origem de 98% dos sinistros de Doen\u00e7as Graves registrados entre seguradas. Desses casos, 61,5% das indeniza\u00e7\u00f5es foram para diagn\u00f3sticos classificados como leves ou moderados, que n\u00e3o seriam contemplados por produtos com cobertura restrita a casos graves de c\u00e2ncer.<\/p>\n<p align=\"justify\">O recorte ajuda a explicar porque a discuss\u00e3o sobre prote\u00e7\u00e3o financeira tem chegado cada vez mais cedo e como ap\u00f3lices que cobrem est\u00e1gios iniciais, e n\u00e3o apenas quadros avan\u00e7ados, passaram a fazer diferen\u00e7a pr\u00e1tica. Para Cl\u00f3, a mudan\u00e7a de perfil exige uma conversa diferente sobre o tema. &#8220;A pergunta n\u00e3o deve ser apenas sobre o que acontece com a minha fam\u00edlia se eu morrer, mas como eu pago as contas se eu precisar parar por seis meses. \u00c9 uma pergunta muito mais concreta, e \u00e9 a que quase ningu\u00e9m faz antes de precisar&#8221;, conclui.<\/p>\n<p align=\"justify\"><strong>NR7<\/strong><\/p>\n","protected":false},"excerpt":{"rendered":"<p>O c\u00e2ncer pode atingir muito mais do que a sa\u00fade. Em um cen\u00e1rio de avan\u00e7o da doen\u00e7a entre adultos jovens, o diagn\u00f3stico tamb\u00e9m pode comprometer renda, patrim\u00f4nio e planejamento familiar. \u00c9 o que apontam os dados do Global Status Report on Cancer 2026, da Organiza\u00e7\u00e3o Mundial da Sa\u00fade (OMS), com 92% da popula\u00e7\u00e3o mundial sendo [&hellip;]<\/p>\n","protected":false},"author":2,"featured_media":82949,"comment_status":"open","ping_status":"open","sticky":false,"template":"","format":"standard","meta":[],"categories":[10355],"tags":[4336,6904,17625,17624],"jetpack_featured_media_url":"https:\/\/insurancecorp.com.br\/pt\/wp-content\/uploads\/2026\/09\/c26dad98fc3b8d99320b821cf4bdf187_medium.jpg","yoast_head":"<!-- This site is optimized with the Yoast SEO plugin v14.8 - https:\/\/yoast.com\/wordpress\/plugins\/seo\/ -->\n<title>Aumento de casos de c\u00e2ncer em jovens adultos reabre debate sobre planejamento financeiro e reserva familiar | Revista Insurance Corp | PT-BR<\/title>\n<meta name=\"robots\" content=\"index, follow\" \/>\n<meta name=\"googlebot\" content=\"index, follow, max-snippet:-1, max-image-preview:large, max-video-preview:-1\" \/>\n<meta name=\"bingbot\" content=\"index, follow, max-snippet:-1, max-image-preview:large, max-video-preview:-1\" \/>\n<link rel=\"canonical\" href=\"https:\/\/insurancecorp.com.br\/pt\/2026\/09\/02\/aumento-de-casos-de-cancer-em-jovens-adultos-reabre-debate-sobre-planejamento-financeiro-e-reserva-familiar\/\" \/>\n<meta property=\"og:locale\" content=\"pt_BR\" \/>\n<meta property=\"og:type\" content=\"article\" \/>\n<meta property=\"og:title\" content=\"Aumento de casos de c\u00e2ncer em jovens adultos reabre debate sobre planejamento financeiro e reserva familiar | Revista Insurance Corp | PT-BR\" \/>\n<meta property=\"og:description\" content=\"O c\u00e2ncer pode atingir muito mais do que a sa\u00fade. Em um cen\u00e1rio de avan\u00e7o da doen\u00e7a entre adultos jovens, o diagn\u00f3stico tamb\u00e9m pode comprometer renda, patrim\u00f4nio e planejamento familiar. \u00c9 o que apontam os dados do Global Status Report on Cancer 2026, da Organiza\u00e7\u00e3o Mundial da Sa\u00fade (OMS), com 92% da popula\u00e7\u00e3o mundial sendo [&hellip;]\" \/>\n<meta property=\"og:url\" content=\"https:\/\/insurancecorp.com.br\/pt\/2026\/09\/02\/aumento-de-casos-de-cancer-em-jovens-adultos-reabre-debate-sobre-planejamento-financeiro-e-reserva-familiar\/\" \/>\n<meta property=\"og:site_name\" content=\"Revista Insurance Corp | PT-BR\" \/>\n<meta property=\"article:publisher\" content=\"https:\/\/www.facebook.com\/RevistaInsuranceCorp\/\" \/>\n<meta property=\"article:published_time\" content=\"2026-09-02T13:29:55+00:00\" \/>\n<meta property=\"og:image\" content=\"https:\/\/insurancecorp.com.br\/pt\/wp-content\/uploads\/2026\/09\/c26dad98fc3b8d99320b821cf4bdf187_medium.jpg\" \/>\n\t<meta property=\"og:image:width\" content=\"300\" \/>\n\t<meta property=\"og:image:height\" content=\"200\" \/>\n<meta name=\"twitter:card\" content=\"summary\" \/>\n<script type=\"application\/ld+json\" class=\"yoast-schema-graph\">{\"@context\":\"https:\/\/schema.org\",\"@graph\":[{\"@type\":\"Organization\",\"@id\":\"https:\/\/insurancecorp.com.br\/pt\/#organization\",\"name\":\"Revista Insurance Corp\",\"url\":\"https:\/\/insurancecorp.com.br\/pt\/\",\"sameAs\":[\"https:\/\/www.facebook.com\/RevistaInsuranceCorp\/\"],\"logo\":{\"@type\":\"ImageObject\",\"@id\":\"https:\/\/insurancecorp.com.br\/pt\/#logo\",\"inLanguage\":\"pt-BR\",\"url\":\"\",\"caption\":\"Revista Insurance Corp\"},\"image\":{\"@id\":\"https:\/\/insurancecorp.com.br\/pt\/#logo\"}},{\"@type\":\"WebSite\",\"@id\":\"https:\/\/insurancecorp.com.br\/pt\/#website\",\"url\":\"https:\/\/insurancecorp.com.br\/pt\/\",\"name\":\"Revista Insurance Corp | PT-BR\",\"description\":\"A \\u00fanica revista bil\\u00edngue voltada ao mercado de seguro.\",\"publisher\":{\"@id\":\"https:\/\/insurancecorp.com.br\/pt\/#organization\"},\"potentialAction\":[{\"@type\":\"SearchAction\",\"target\":\"https:\/\/insurancecorp.com.br\/pt\/?s={search_term_string}\",\"query-input\":\"required name=search_term_string\"}],\"inLanguage\":\"pt-BR\"},{\"@type\":\"ImageObject\",\"@id\":\"https:\/\/insurancecorp.com.br\/pt\/2026\/09\/02\/aumento-de-casos-de-cancer-em-jovens-adultos-reabre-debate-sobre-planejamento-financeiro-e-reserva-familiar\/#primaryimage\",\"inLanguage\":\"pt-BR\",\"url\":\"https:\/\/insurancecorp.com.br\/pt\/wp-content\/uploads\/2026\/09\/c26dad98fc3b8d99320b821cf4bdf187_medium.jpg\",\"width\":300,\"height\":200},{\"@type\":\"WebPage\",\"@id\":\"https:\/\/insurancecorp.com.br\/pt\/2026\/09\/02\/aumento-de-casos-de-cancer-em-jovens-adultos-reabre-debate-sobre-planejamento-financeiro-e-reserva-familiar\/#webpage\",\"url\":\"https:\/\/insurancecorp.com.br\/pt\/2026\/09\/02\/aumento-de-casos-de-cancer-em-jovens-adultos-reabre-debate-sobre-planejamento-financeiro-e-reserva-familiar\/\",\"name\":\"Aumento de casos de c\\u00e2ncer em jovens adultos reabre debate sobre planejamento financeiro e reserva familiar | Revista Insurance Corp | PT-BR\",\"isPartOf\":{\"@id\":\"https:\/\/insurancecorp.com.br\/pt\/#website\"},\"primaryImageOfPage\":{\"@id\":\"https:\/\/insurancecorp.com.br\/pt\/2026\/09\/02\/aumento-de-casos-de-cancer-em-jovens-adultos-reabre-debate-sobre-planejamento-financeiro-e-reserva-familiar\/#primaryimage\"},\"datePublished\":\"2026-09-02T13:29:55+00:00\",\"dateModified\":\"2026-09-02T13:29:55+00:00\",\"inLanguage\":\"pt-BR\",\"potentialAction\":[{\"@type\":\"ReadAction\",\"target\":[\"https:\/\/insurancecorp.com.br\/pt\/2026\/09\/02\/aumento-de-casos-de-cancer-em-jovens-adultos-reabre-debate-sobre-planejamento-financeiro-e-reserva-familiar\/\"]}]},{\"@type\":\"Article\",\"@id\":\"https:\/\/insurancecorp.com.br\/pt\/2026\/09\/02\/aumento-de-casos-de-cancer-em-jovens-adultos-reabre-debate-sobre-planejamento-financeiro-e-reserva-familiar\/#article\",\"isPartOf\":{\"@id\":\"https:\/\/insurancecorp.com.br\/pt\/2026\/09\/02\/aumento-de-casos-de-cancer-em-jovens-adultos-reabre-debate-sobre-planejamento-financeiro-e-reserva-familiar\/#webpage\"},\"author\":{\"@id\":\"https:\/\/insurancecorp.com.br\/pt\/#\/schema\/person\/1b69c8cf325f0b7167f1b171f52df4af\"},\"headline\":\"Aumento de casos de c\\u00e2ncer em jovens adultos reabre debate sobre planejamento financeiro e reserva familiar\",\"datePublished\":\"2026-09-02T13:29:55+00:00\",\"dateModified\":\"2026-09-02T13:29:55+00:00\",\"mainEntityOfPage\":{\"@id\":\"https:\/\/insurancecorp.com.br\/pt\/2026\/09\/02\/aumento-de-casos-de-cancer-em-jovens-adultos-reabre-debate-sobre-planejamento-financeiro-e-reserva-familiar\/#webpage\"},\"commentCount\":0,\"publisher\":{\"@id\":\"https:\/\/insurancecorp.com.br\/pt\/#organization\"},\"image\":{\"@id\":\"https:\/\/insurancecorp.com.br\/pt\/2026\/09\/02\/aumento-de-casos-de-cancer-em-jovens-adultos-reabre-debate-sobre-planejamento-financeiro-e-reserva-familiar\/#primaryimage\"},\"keywords\":\"aumento,c\\u00e2ncer,jovens adultos,reserva familiar\",\"articleSection\":\"Azos\",\"inLanguage\":\"pt-BR\",\"potentialAction\":[{\"@type\":\"CommentAction\",\"name\":\"Comment\",\"target\":[\"https:\/\/insurancecorp.com.br\/pt\/2026\/09\/02\/aumento-de-casos-de-cancer-em-jovens-adultos-reabre-debate-sobre-planejamento-financeiro-e-reserva-familiar\/#respond\"]}]},{\"@type\":\"Person\",\"@id\":\"https:\/\/insurancecorp.com.br\/pt\/#\/schema\/person\/1b69c8cf325f0b7167f1b171f52df4af\",\"name\":\"Publica\\u00e7\\u00e3o\",\"image\":{\"@type\":\"ImageObject\",\"@id\":\"https:\/\/insurancecorp.com.br\/pt\/#personlogo\",\"inLanguage\":\"pt-BR\",\"url\":\"https:\/\/secure.gravatar.com\/avatar\/17226f1f60486eb25d4c6b301ffed37f?s=96&d=mm&r=g\",\"caption\":\"Publica\\u00e7\\u00e3o\"}}]}<\/script>\n<!-- \/ Yoast SEO plugin. -->","_links":{"self":[{"href":"https:\/\/insurancecorp.com.br\/pt\/wp-json\/wp\/v2\/posts\/82947"}],"collection":[{"href":"https:\/\/insurancecorp.com.br\/pt\/wp-json\/wp\/v2\/posts"}],"about":[{"href":"https:\/\/insurancecorp.com.br\/pt\/wp-json\/wp\/v2\/types\/post"}],"author":[{"embeddable":true,"href":"https:\/\/insurancecorp.com.br\/pt\/wp-json\/wp\/v2\/users\/2"}],"replies":[{"embeddable":true,"href":"https:\/\/insurancecorp.com.br\/pt\/wp-json\/wp\/v2\/comments?post=82947"}],"version-history":[{"count":1,"href":"https:\/\/insurancecorp.com.br\/pt\/wp-json\/wp\/v2\/posts\/82947\/revisions"}],"predecessor-version":[{"id":82951,"href":"https:\/\/insurancecorp.com.br\/pt\/wp-json\/wp\/v2\/posts\/82947\/revisions\/82951"}],"wp:featuredmedia":[{"embeddable":true,"href":"https:\/\/insurancecorp.com.br\/pt\/wp-json\/wp\/v2\/media\/82949"}],"wp:attachment":[{"href":"https:\/\/insurancecorp.com.br\/pt\/wp-json\/wp\/v2\/media?parent=82947"}],"wp:term":[{"taxonomy":"category","embeddable":true,"href":"https:\/\/insurancecorp.com.br\/pt\/wp-json\/wp\/v2\/categories?post=82947"},{"taxonomy":"post_tag","embeddable":true,"href":"https:\/\/insurancecorp.com.br\/pt\/wp-json\/wp\/v2\/tags?post=82947"}],"curies":[{"name":"wp","href":"https:\/\/api.w.org\/{rel}","templated":true}]}}