{"id":82921,"date":"2026-09-01T12:21:54","date_gmt":"2026-09-01T15:21:54","guid":{"rendered":"https:\/\/insurancecorp.com.br\/pt\/?p=82921"},"modified":"2026-09-01T12:21:54","modified_gmt":"2026-09-01T15:21:54","slug":"abertas-as-inscricoes-para-o-9o-premio-de-jornalismo-em-seguros","status":"publish","type":"post","link":"https:\/\/insurancecorp.com.br\/pt\/2026\/09\/01\/abertas-as-inscricoes-para-o-9o-premio-de-jornalismo-em-seguros\/","title":{"rendered":"Abertas as inscri\u00e7\u00f5es para o 9\u00ba Pr\u00eamio de Jornalismo em Seguros"},"content":{"rendered":"<p align=\"justify\">Os profissionais de imprensa de todo o Brasil j\u00e1 podem inscrever seus trabalhos no 9\u00ba Pr\u00eamio de Jornalismo em Seguros.<\/p>\n<p align=\"justify\">Consolidado como uma das principais premia\u00e7\u00f5es do jornalismo especializado e econ\u00f4mico do Pa\u00eds, o concurso \u00e9 idealizado e realizado pela Confedera\u00e7\u00e3o Nacional das Seguradoras (CNseg), pela Escola de Neg\u00f3cios e Seguros (ENS), e a Federa\u00e7\u00e3o Nacional dos Corretores de Seguros (Fenacor).<\/p>\n<p align=\"justify\">A iniciativa busca reconhecer reportagens e artigos que auxiliem a sociedade a compreender o impacto econ\u00f4mico e social do setor de seguros, destacando como a prote\u00e7\u00e3o de riscos, o planejamento financeiro, a sa\u00fade e o trabalho dos corretores influenciam o cotidiano dos cidad\u00e3os e das empresas.<\/p>\n<h4 align=\"justify\">Categorias de participa\u00e7\u00e3o<\/h4>\n<p align=\"justify\">Os jornalistas podem concorrer em at\u00e9 6 categorias tem\u00e1ticas, cobrindo conte\u00fados publicados em m\u00eddias impressas, digitais, r\u00e1dio e televis\u00e3o:<\/p>\n<ol>\n<li><strong>Categoria FenaCap &#8211; Capitaliza\u00e7\u00e3o:<\/strong> Reportagens sobre as caracter\u00edsticas, produtos e utilidade da modalidade.<\/li>\n<li><strong>Categoria CAPEMISA &#8211; Vida e Previd\u00eancia:<\/strong> Foco em previd\u00eancia complementar aberta, seguros de vida e planejamento de futuro.<\/li>\n<li><strong>Categoria FenaSa\u00fade &#8211; Sa\u00fade Suplementar:<\/strong> Mat\u00e9rias que abordem o ecossistema de planos e assist\u00eancia \u00e0 sa\u00fade.<\/li>\n<li><strong>Categoria Seguros Unimed &#8211; Seguros Gerais:<\/strong> Cobertura dos diversos ramos de seguros patrimoniais, de grandes riscos, automotivos, entre outros.<\/li>\n<li><strong>Categoria Tokio Marine &#8211; Sustentabilidade em Seguros:<\/strong> Pautas sobre pr\u00e1ticas ESG, inova\u00e7\u00e3o sustent\u00e1vel e gest\u00e3o de riscos ambientais\/sociais no setor.<\/li>\n<li><strong>Categoria AXA &#8211; Educa\u00e7\u00e3o Financeira e em Seguros (categoria especial):<\/strong> Trabalhos que mostrem o seguro como ferramenta essencial de prote\u00e7\u00e3o e organiza\u00e7\u00e3o financeira pessoal e familiar.<\/li>\n<\/ol>\n<h4 align=\"justify\">Premia\u00e7\u00f5es em dinheiro<\/h4>\n<p align=\"justify\">Nesta edi\u00e7\u00e3o, a premia\u00e7\u00e3o contempla os tr\u00eas primeiros colocados de cada categoria com valores em dinheiro, sendo R$ 20.000,00 para o 1\u00ba lugar, R$ 10.000,00 para o 2\u00ba lugar e R$ 5.000,00 para o 3\u00ba lugar.<\/p>\n<h4 align=\"justify\">O &#8220;Jornalista do Ano em Seguros&#8221; e viagem internacional<\/h4>\n<p align=\"justify\">Al\u00e9m do pr\u00eamio em dinheiro, o autor do trabalho que obtiver a maior nota entre todos os vencedores de cada categoria receber\u00e1 o t\u00edtulo de &#8220;Jornalista do Ano em Seguros&#8221;, patrocinado pela Porto. O pr\u00eamio adicional ser\u00e1 uma bolsa de estudos integral em uma imers\u00e3o internacional promovida pela ENS em 2027 (na Am\u00e9rica do Norte ou Europa), com passagens a\u00e9reas e hospedagem pagas.<\/p>\n<h4 align=\"justify\">Regras e quem pode participar<\/h4>\n<p align=\"justify\">Podem ser inscritos trabalhos veiculados entre 16 de dezembro de 2025 e 11 de dezembro de 2026, sendo que cada participante pode submeter at\u00e9 10 trabalhos somando todas as categorias, desde que envie uma ficha de inscri\u00e7\u00e3o para cada mat\u00e9ria. Al\u00e9m disso, jornalistas aut\u00f4nomos (freelancers) tamb\u00e9m podem participar, contanto que anexem uma carta atestando a autoria expedida pelo ve\u00edculo onde a reportagem foi publicada.<\/p>\n<p align=\"justify\"><strong>Formatos:<\/strong><\/p>\n<ul>\n<li><i>M\u00eddia Impressa:<\/i> Envio de arquivo em PDF ou JPEG (at\u00e9 10 MB).<\/li>\n<li><i>Internet \/ Portais:<\/i> Envio da URL ativa do trabalho.<\/li>\n<li><i>R\u00e1dio e TV:<\/i> Indica\u00e7\u00e3o da URL e detalhes de veicula\u00e7\u00e3o (emissora, programa, data e hor\u00e1rio).<\/li>\n<\/ul>\n<h4 align=\"justify\">Julgamento e cerim\u00f4nia<\/h4>\n<p align=\"justify\">A avalia\u00e7\u00e3o t\u00e9cnica das mat\u00e9rias ser\u00e1 realizada de forma isenta por uma Comiss\u00e3o de Julgamento composta por especialistas. Ser\u00e3o levados em considera\u00e7\u00e3o crit\u00e9rios como diversidade e relev\u00e2ncia das informa\u00e7\u00f5es, multiplicidade de fontes, rigor investigativo, clareza, nitidez t\u00e9cnica de \u00e1udio\/imagem e originalidade da pauta.<\/p>\n<p align=\"justify\">Os nomes dos vencedores de cada categoria e o grande campe\u00e3o geral ser\u00e3o anunciados em cerim\u00f4nia especial de premia\u00e7\u00e3o agendada para maio de 2027.<\/p>\n<p align=\"justify\">As inscri\u00e7\u00f5es permanecem abertas at\u00e9 as 23h59 do dia 11 de dezembro de 2026 (hor\u00e1rio de Bras\u00edlia) e devem ser feitas exclusivamente pelo hotsite oficial: <a href=\"https:\/\/premiodejornalismo.ens.edu.br\/\" target=\"_blank\" rel=\"noopener noreferrer\">premiodejornalismo.ens.edu.br<\/a>.<\/p>\n<p align=\"justify\"><strong>Servi\u00e7o: 9\u00ba Pr\u00eamio de Jornalismo em Seguros<\/strong><\/p>\n<ul>\n<li><strong>Inscri\u00e7\u00f5es:<\/strong> De 31\/08\/2026 (12h) a 11\/12\/2026 (23h59).<\/li>\n<li><strong>Per\u00edodo aceito de veicula\u00e7\u00e3o:<\/strong> 16\/12\/2025 a 11\/12\/2026.<\/li>\n<li><strong>Onde se inscrever:<\/strong> <a href=\"https:\/\/premiodejornalismo.ens.edu.br\/\" target=\"_blank\" rel=\"noopener noreferrer\">premiodejornalismo.ens.edu.br<\/a><\/li>\n<li><strong>D\u00favidas e informa\u00e7\u00f5es:<\/strong> <a href=\"mailto:premio.jornalismo@ens.edu.br\" rel=\"noreferrer\">premio.jornalismo@ens.edu.br<\/a><\/li>\n<\/ul>\n<p align=\"justify\"><strong>Assessoria de imprensa da Fenacor<\/strong><\/p>\n","protected":false},"excerpt":{"rendered":"<p>Os profissionais de imprensa de todo o Brasil j\u00e1 podem inscrever seus trabalhos no 9\u00ba Pr\u00eamio de Jornalismo em Seguros. Consolidado como uma das principais premia\u00e7\u00f5es do jornalismo especializado e econ\u00f4mico do Pa\u00eds, o concurso \u00e9 idealizado e realizado pela Confedera\u00e7\u00e3o Nacional das Seguradoras (CNseg), pela Escola de Neg\u00f3cios e Seguros (ENS), e a Federa\u00e7\u00e3o [&hellip;]<\/p>\n","protected":false},"author":2,"featured_media":82923,"comment_status":"open","ping_status":"open","sticky":false,"template":"","format":"standard","meta":[],"categories":[75],"tags":[17619,13320,3962],"jetpack_featured_media_url":"https:\/\/insurancecorp.com.br\/pt\/wp-content\/uploads\/2026\/09\/8wMmpTOkVmYhFjOyJmLt92YuAncvNWZj5WYyV3culGQvF2YhRWZypzN3ADMwgDO0czM6cmbw5SOmJDMlRzNlRWZ0MzN4EWNmZjNkZzN2cjYxQWYiJTOjZkMlITOjZkMlczN4UTMGJTJxUTNzYDO1cDOx8VL1ETLf9VLwITLfpjM.png","yoast_head":"<!-- This site is optimized with the Yoast SEO plugin v14.8 - https:\/\/yoast.com\/wordpress\/plugins\/seo\/ -->\n<title>Abertas as inscri\u00e7\u00f5es para o 9\u00ba Pr\u00eamio de Jornalismo em Seguros | Revista Insurance Corp | PT-BR<\/title>\n<meta name=\"robots\" content=\"index, follow\" \/>\n<meta name=\"googlebot\" content=\"index, follow, max-snippet:-1, max-image-preview:large, max-video-preview:-1\" \/>\n<meta name=\"bingbot\" content=\"index, follow, max-snippet:-1, max-image-preview:large, max-video-preview:-1\" \/>\n<link rel=\"canonical\" href=\"https:\/\/insurancecorp.com.br\/pt\/2026\/09\/01\/abertas-as-inscricoes-para-o-9o-premio-de-jornalismo-em-seguros\/\" \/>\n<meta property=\"og:locale\" content=\"pt_BR\" \/>\n<meta property=\"og:type\" content=\"article\" \/>\n<meta property=\"og:title\" content=\"Abertas as inscri\u00e7\u00f5es para o 9\u00ba Pr\u00eamio de Jornalismo em Seguros | Revista Insurance Corp | PT-BR\" \/>\n<meta property=\"og:description\" content=\"Os profissionais de imprensa de todo o Brasil j\u00e1 podem inscrever seus trabalhos no 9\u00ba Pr\u00eamio de Jornalismo em Seguros. Consolidado como uma das principais premia\u00e7\u00f5es do jornalismo especializado e econ\u00f4mico do Pa\u00eds, o concurso \u00e9 idealizado e realizado pela Confedera\u00e7\u00e3o Nacional das Seguradoras (CNseg), pela Escola de Neg\u00f3cios e Seguros (ENS), e a Federa\u00e7\u00e3o [&hellip;]\" \/>\n<meta property=\"og:url\" content=\"https:\/\/insurancecorp.com.br\/pt\/2026\/09\/01\/abertas-as-inscricoes-para-o-9o-premio-de-jornalismo-em-seguros\/\" \/>\n<meta property=\"og:site_name\" content=\"Revista Insurance Corp | PT-BR\" \/>\n<meta property=\"article:publisher\" content=\"https:\/\/www.facebook.com\/RevistaInsuranceCorp\/\" \/>\n<meta property=\"article:published_time\" content=\"2026-09-01T15:21:54+00:00\" \/>\n<meta property=\"og:image\" content=\"https:\/\/insurancecorp.com.br\/pt\/wp-content\/uploads\/2026\/09\/8wMmpTOkVmYhFjOyJmLt92YuAncvNWZj5WYyV3culGQvF2YhRWZypzN3ADMwgDO0czM6cmbw5SOmJDMlRzNlRWZ0MzN4EWNmZjNkZzN2cjYxQWYiJTOjZkMlITOjZkMlczN4UTMGJTJxUTNzYDO1cDOx8VL1ETLf9VLwITLfpjM.png\" \/>\n\t<meta property=\"og:image:width\" content=\"2279\" \/>\n\t<meta property=\"og:image:height\" content=\"697\" \/>\n<meta name=\"twitter:card\" content=\"summary\" \/>\n<script type=\"application\/ld+json\" class=\"yoast-schema-graph\">{\"@context\":\"https:\/\/schema.org\",\"@graph\":[{\"@type\":\"Organization\",\"@id\":\"https:\/\/insurancecorp.com.br\/pt\/#organization\",\"name\":\"Revista Insurance Corp\",\"url\":\"https:\/\/insurancecorp.com.br\/pt\/\",\"sameAs\":[\"https:\/\/www.facebook.com\/RevistaInsuranceCorp\/\"],\"logo\":{\"@type\":\"ImageObject\",\"@id\":\"https:\/\/insurancecorp.com.br\/pt\/#logo\",\"inLanguage\":\"pt-BR\",\"url\":\"\",\"caption\":\"Revista Insurance Corp\"},\"image\":{\"@id\":\"https:\/\/insurancecorp.com.br\/pt\/#logo\"}},{\"@type\":\"WebSite\",\"@id\":\"https:\/\/insurancecorp.com.br\/pt\/#website\",\"url\":\"https:\/\/insurancecorp.com.br\/pt\/\",\"name\":\"Revista Insurance Corp | PT-BR\",\"description\":\"A \\u00fanica revista bil\\u00edngue voltada ao mercado de seguro.\",\"publisher\":{\"@id\":\"https:\/\/insurancecorp.com.br\/pt\/#organization\"},\"potentialAction\":[{\"@type\":\"SearchAction\",\"target\":\"https:\/\/insurancecorp.com.br\/pt\/?s={search_term_string}\",\"query-input\":\"required name=search_term_string\"}],\"inLanguage\":\"pt-BR\"},{\"@type\":\"ImageObject\",\"@id\":\"https:\/\/insurancecorp.com.br\/pt\/2026\/09\/01\/abertas-as-inscricoes-para-o-9o-premio-de-jornalismo-em-seguros\/#primaryimage\",\"inLanguage\":\"pt-BR\",\"url\":\"https:\/\/insurancecorp.com.br\/pt\/wp-content\/uploads\/2026\/09\/8wMmpTOkVmYhFjOyJmLt92YuAncvNWZj5WYyV3culGQvF2YhRWZypzN3ADMwgDO0czM6cmbw5SOmJDMlRzNlRWZ0MzN4EWNmZjNkZzN2cjYxQWYiJTOjZkMlITOjZkMlczN4UTMGJTJxUTNzYDO1cDOx8VL1ETLf9VLwITLfpjM.png\",\"width\":2279,\"height\":697},{\"@type\":\"WebPage\",\"@id\":\"https:\/\/insurancecorp.com.br\/pt\/2026\/09\/01\/abertas-as-inscricoes-para-o-9o-premio-de-jornalismo-em-seguros\/#webpage\",\"url\":\"https:\/\/insurancecorp.com.br\/pt\/2026\/09\/01\/abertas-as-inscricoes-para-o-9o-premio-de-jornalismo-em-seguros\/\",\"name\":\"Abertas as inscri\\u00e7\\u00f5es para o 9\\u00ba Pr\\u00eamio de Jornalismo em Seguros | Revista Insurance Corp | PT-BR\",\"isPartOf\":{\"@id\":\"https:\/\/insurancecorp.com.br\/pt\/#website\"},\"primaryImageOfPage\":{\"@id\":\"https:\/\/insurancecorp.com.br\/pt\/2026\/09\/01\/abertas-as-inscricoes-para-o-9o-premio-de-jornalismo-em-seguros\/#primaryimage\"},\"datePublished\":\"2026-09-01T15:21:54+00:00\",\"dateModified\":\"2026-09-01T15:21:54+00:00\",\"inLanguage\":\"pt-BR\",\"potentialAction\":[{\"@type\":\"ReadAction\",\"target\":[\"https:\/\/insurancecorp.com.br\/pt\/2026\/09\/01\/abertas-as-inscricoes-para-o-9o-premio-de-jornalismo-em-seguros\/\"]}]},{\"@type\":\"Article\",\"@id\":\"https:\/\/insurancecorp.com.br\/pt\/2026\/09\/01\/abertas-as-inscricoes-para-o-9o-premio-de-jornalismo-em-seguros\/#article\",\"isPartOf\":{\"@id\":\"https:\/\/insurancecorp.com.br\/pt\/2026\/09\/01\/abertas-as-inscricoes-para-o-9o-premio-de-jornalismo-em-seguros\/#webpage\"},\"author\":{\"@id\":\"https:\/\/insurancecorp.com.br\/pt\/#\/schema\/person\/1b69c8cf325f0b7167f1b171f52df4af\"},\"headline\":\"Abertas as inscri\\u00e7\\u00f5es para o 9\\u00ba Pr\\u00eamio de Jornalismo em Seguros\",\"datePublished\":\"2026-09-01T15:21:54+00:00\",\"dateModified\":\"2026-09-01T15:21:54+00:00\",\"mainEntityOfPage\":{\"@id\":\"https:\/\/insurancecorp.com.br\/pt\/2026\/09\/01\/abertas-as-inscricoes-para-o-9o-premio-de-jornalismo-em-seguros\/#webpage\"},\"commentCount\":0,\"publisher\":{\"@id\":\"https:\/\/insurancecorp.com.br\/pt\/#organization\"},\"image\":{\"@id\":\"https:\/\/insurancecorp.com.br\/pt\/2026\/09\/01\/abertas-as-inscricoes-para-o-9o-premio-de-jornalismo-em-seguros\/#primaryimage\"},\"keywords\":\"9\\u00ba Pr\\u00eamio de Jornalismo em Seguros,abertas,inscri\\u00e7\\u00f5es\",\"articleSection\":\"CNseg\",\"inLanguage\":\"pt-BR\",\"potentialAction\":[{\"@type\":\"CommentAction\",\"name\":\"Comment\",\"target\":[\"https:\/\/insurancecorp.com.br\/pt\/2026\/09\/01\/abertas-as-inscricoes-para-o-9o-premio-de-jornalismo-em-seguros\/#respond\"]}]},{\"@type\":\"Person\",\"@id\":\"https:\/\/insurancecorp.com.br\/pt\/#\/schema\/person\/1b69c8cf325f0b7167f1b171f52df4af\",\"name\":\"Publica\\u00e7\\u00e3o\",\"image\":{\"@type\":\"ImageObject\",\"@id\":\"https:\/\/insurancecorp.com.br\/pt\/#personlogo\",\"inLanguage\":\"pt-BR\",\"url\":\"https:\/\/secure.gravatar.com\/avatar\/17226f1f60486eb25d4c6b301ffed37f?s=96&d=mm&r=g\",\"caption\":\"Publica\\u00e7\\u00e3o\"}}]}<\/script>\n<!-- \/ Yoast SEO plugin. -->","_links":{"self":[{"href":"https:\/\/insurancecorp.com.br\/pt\/wp-json\/wp\/v2\/posts\/82921"}],"collection":[{"href":"https:\/\/insurancecorp.com.br\/pt\/wp-json\/wp\/v2\/posts"}],"about":[{"href":"https:\/\/insurancecorp.com.br\/pt\/wp-json\/wp\/v2\/types\/post"}],"author":[{"embeddable":true,"href":"https:\/\/insurancecorp.com.br\/pt\/wp-json\/wp\/v2\/users\/2"}],"replies":[{"embeddable":true,"href":"https:\/\/insurancecorp.com.br\/pt\/wp-json\/wp\/v2\/comments?post=82921"}],"version-history":[{"count":1,"href":"https:\/\/insurancecorp.com.br\/pt\/wp-json\/wp\/v2\/posts\/82921\/revisions"}],"predecessor-version":[{"id":82926,"href":"https:\/\/insurancecorp.com.br\/pt\/wp-json\/wp\/v2\/posts\/82921\/revisions\/82926"}],"wp:featuredmedia":[{"embeddable":true,"href":"https:\/\/insurancecorp.com.br\/pt\/wp-json\/wp\/v2\/media\/82923"}],"wp:attachment":[{"href":"https:\/\/insurancecorp.com.br\/pt\/wp-json\/wp\/v2\/media?parent=82921"}],"wp:term":[{"taxonomy":"category","embeddable":true,"href":"https:\/\/insurancecorp.com.br\/pt\/wp-json\/wp\/v2\/categories?post=82921"},{"taxonomy":"post_tag","embeddable":true,"href":"https:\/\/insurancecorp.com.br\/pt\/wp-json\/wp\/v2\/tags?post=82921"}],"curies":[{"name":"wp","href":"https:\/\/api.w.org\/{rel}","templated":true}]}}