{"id":82904,"date":"2026-09-01T10:56:54","date_gmt":"2026-09-01T13:56:54","guid":{"rendered":"https:\/\/insurancecorp.com.br\/pt\/?p=82904"},"modified":"2026-09-01T10:56:54","modified_gmt":"2026-09-01T13:56:54","slug":"porto-seguro-participa-de-encontro-nacional-dedicado-ao-futuro-da-reparacao-automotiva","status":"publish","type":"post","link":"https:\/\/insurancecorp.com.br\/pt\/2026\/09\/01\/porto-seguro-participa-de-encontro-nacional-dedicado-ao-futuro-da-reparacao-automotiva\/","title":{"rendered":"Porto Seguro participa de encontro nacional dedicado ao futuro da repara\u00e7\u00e3o automotiva"},"content":{"rendered":"<p align=\"justify\">A Porto Seguro participou da 3\u00aa edi\u00e7\u00e3o do Congresso da Repara\u00e7\u00e3o de Ve\u00edculos do Brasil, realizado em S\u00e3o Paulo, refor\u00e7ando seu compromisso e parceria com o segmento. Promovido pelo Sindirepa Brasil &#8211; Sindicato da Ind\u00fastria de Repara\u00e7\u00e3o de Ve\u00edculos e Acess\u00f3rios, o encontro reuniu mais de 300 participantes e representantes de 15 Sindirepas estaduais, em uma programa\u00e7\u00e3o dedicada a temas como inova\u00e7\u00e3o, novas tecnologias e qualifica\u00e7\u00e3o profissional.<\/p>\n<p align=\"justify\">Eduardo Neves, superintendente de Sinistros da Porto Seguro, apresentou os principais avan\u00e7os da parceria com as oficinas, incluindo o Programa de Relacionamento com Oficinas Parceiras (PRP), que re\u00fane remunera\u00e7\u00e3o por desempenho, solu\u00e7\u00f5es financeiras e benef\u00edcios de seguros; iniciativas de qualifica\u00e7\u00e3o de m\u00e3o de obra em parceria com o Senai; a\u00e7\u00f5es de sustentabilidade conectadas ao programa Regenera; e o Ecossistema SOMA, plataforma que utiliza intelig\u00eancia artificial para apoiar a jornada do sinistro, da or\u00e7amenta\u00e7\u00e3o \u00e0 gest\u00e3o financeira da oficina.<\/p>\n<p align=\"justify\">Com sua presen\u00e7a no evento, a Porto Seguro reafirma seu compromisso em manter um di\u00e1logo pr\u00f3ximo com os diferentes agentes do ecossistema automotivo, al\u00e9m de contribuir para a evolu\u00e7\u00e3o e a profissionaliza\u00e7\u00e3o do mercado de repara\u00e7\u00e3o no Brasil.<\/p>\n<p align=\"justify\"><strong>PROS<\/strong><\/p>\n","protected":false},"excerpt":{"rendered":"<p>A Porto Seguro participou da 3\u00aa edi\u00e7\u00e3o do Congresso da Repara\u00e7\u00e3o de Ve\u00edculos do Brasil, realizado em S\u00e3o Paulo, refor\u00e7ando seu compromisso e parceria com o segmento. Promovido pelo Sindirepa Brasil &#8211; Sindicato da Ind\u00fastria de Repara\u00e7\u00e3o de Ve\u00edculos e Acess\u00f3rios, o encontro reuniu mais de 300 participantes e representantes de 15 Sindirepas estaduais, em [&hellip;]<\/p>\n","protected":false},"author":2,"featured_media":66687,"comment_status":"open","ping_status":"open","sticky":false,"template":"","format":"standard","meta":[],"categories":[346],"tags":[14561,1114,17610],"jetpack_featured_media_url":"https:\/\/insurancecorp.com.br\/pt\/wp-content\/uploads\/2025\/04\/Design-sem-nome-1-4.png","yoast_head":"<!-- This site is optimized with the Yoast SEO plugin v14.8 - https:\/\/yoast.com\/wordpress\/plugins\/seo\/ -->\n<title>Porto Seguro participa de encontro nacional dedicado ao futuro da repara\u00e7\u00e3o automotiva | Revista Insurance Corp | PT-BR<\/title>\n<meta name=\"robots\" content=\"index, follow\" \/>\n<meta name=\"googlebot\" content=\"index, follow, max-snippet:-1, max-image-preview:large, max-video-preview:-1\" \/>\n<meta name=\"bingbot\" content=\"index, follow, max-snippet:-1, max-image-preview:large, max-video-preview:-1\" \/>\n<link rel=\"canonical\" href=\"https:\/\/insurancecorp.com.br\/pt\/2026\/09\/01\/porto-seguro-participa-de-encontro-nacional-dedicado-ao-futuro-da-reparacao-automotiva\/\" \/>\n<meta property=\"og:locale\" content=\"pt_BR\" \/>\n<meta property=\"og:type\" content=\"article\" \/>\n<meta property=\"og:title\" content=\"Porto Seguro participa de encontro nacional dedicado ao futuro da repara\u00e7\u00e3o automotiva | Revista Insurance Corp | PT-BR\" \/>\n<meta property=\"og:description\" content=\"A Porto Seguro participou da 3\u00aa edi\u00e7\u00e3o do Congresso da Repara\u00e7\u00e3o de Ve\u00edculos do Brasil, realizado em S\u00e3o Paulo, refor\u00e7ando seu compromisso e parceria com o segmento. Promovido pelo Sindirepa Brasil &#8211; Sindicato da Ind\u00fastria de Repara\u00e7\u00e3o de Ve\u00edculos e Acess\u00f3rios, o encontro reuniu mais de 300 participantes e representantes de 15 Sindirepas estaduais, em [&hellip;]\" \/>\n<meta property=\"og:url\" content=\"https:\/\/insurancecorp.com.br\/pt\/2026\/09\/01\/porto-seguro-participa-de-encontro-nacional-dedicado-ao-futuro-da-reparacao-automotiva\/\" \/>\n<meta property=\"og:site_name\" content=\"Revista Insurance Corp | PT-BR\" \/>\n<meta property=\"article:publisher\" content=\"https:\/\/www.facebook.com\/RevistaInsuranceCorp\/\" \/>\n<meta property=\"article:published_time\" content=\"2026-09-01T13:56:54+00:00\" \/>\n<meta property=\"og:image\" content=\"https:\/\/insurancecorp.com.br\/pt\/wp-content\/uploads\/2025\/04\/Design-sem-nome-1-4.png\" \/>\n\t<meta property=\"og:image:width\" content=\"6912\" \/>\n\t<meta property=\"og:image:height\" content=\"3456\" \/>\n<meta name=\"twitter:card\" content=\"summary\" \/>\n<script type=\"application\/ld+json\" class=\"yoast-schema-graph\">{\"@context\":\"https:\/\/schema.org\",\"@graph\":[{\"@type\":\"Organization\",\"@id\":\"https:\/\/insurancecorp.com.br\/pt\/#organization\",\"name\":\"Revista Insurance Corp\",\"url\":\"https:\/\/insurancecorp.com.br\/pt\/\",\"sameAs\":[\"https:\/\/www.facebook.com\/RevistaInsuranceCorp\/\"],\"logo\":{\"@type\":\"ImageObject\",\"@id\":\"https:\/\/insurancecorp.com.br\/pt\/#logo\",\"inLanguage\":\"pt-BR\",\"url\":\"\",\"caption\":\"Revista Insurance Corp\"},\"image\":{\"@id\":\"https:\/\/insurancecorp.com.br\/pt\/#logo\"}},{\"@type\":\"WebSite\",\"@id\":\"https:\/\/insurancecorp.com.br\/pt\/#website\",\"url\":\"https:\/\/insurancecorp.com.br\/pt\/\",\"name\":\"Revista Insurance Corp | PT-BR\",\"description\":\"A \\u00fanica revista bil\\u00edngue voltada ao mercado de seguro.\",\"publisher\":{\"@id\":\"https:\/\/insurancecorp.com.br\/pt\/#organization\"},\"potentialAction\":[{\"@type\":\"SearchAction\",\"target\":\"https:\/\/insurancecorp.com.br\/pt\/?s={search_term_string}\",\"query-input\":\"required name=search_term_string\"}],\"inLanguage\":\"pt-BR\"},{\"@type\":\"ImageObject\",\"@id\":\"https:\/\/insurancecorp.com.br\/pt\/2026\/09\/01\/porto-seguro-participa-de-encontro-nacional-dedicado-ao-futuro-da-reparacao-automotiva\/#primaryimage\",\"inLanguage\":\"pt-BR\",\"url\":\"https:\/\/insurancecorp.com.br\/pt\/wp-content\/uploads\/2025\/04\/Design-sem-nome-1-4.png\",\"width\":6912,\"height\":3456},{\"@type\":\"WebPage\",\"@id\":\"https:\/\/insurancecorp.com.br\/pt\/2026\/09\/01\/porto-seguro-participa-de-encontro-nacional-dedicado-ao-futuro-da-reparacao-automotiva\/#webpage\",\"url\":\"https:\/\/insurancecorp.com.br\/pt\/2026\/09\/01\/porto-seguro-participa-de-encontro-nacional-dedicado-ao-futuro-da-reparacao-automotiva\/\",\"name\":\"Porto Seguro participa de encontro nacional dedicado ao futuro da repara\\u00e7\\u00e3o automotiva | Revista Insurance Corp | PT-BR\",\"isPartOf\":{\"@id\":\"https:\/\/insurancecorp.com.br\/pt\/#website\"},\"primaryImageOfPage\":{\"@id\":\"https:\/\/insurancecorp.com.br\/pt\/2026\/09\/01\/porto-seguro-participa-de-encontro-nacional-dedicado-ao-futuro-da-reparacao-automotiva\/#primaryimage\"},\"datePublished\":\"2026-09-01T13:56:54+00:00\",\"dateModified\":\"2026-09-01T13:56:54+00:00\",\"inLanguage\":\"pt-BR\",\"potentialAction\":[{\"@type\":\"ReadAction\",\"target\":[\"https:\/\/insurancecorp.com.br\/pt\/2026\/09\/01\/porto-seguro-participa-de-encontro-nacional-dedicado-ao-futuro-da-reparacao-automotiva\/\"]}]},{\"@type\":\"Article\",\"@id\":\"https:\/\/insurancecorp.com.br\/pt\/2026\/09\/01\/porto-seguro-participa-de-encontro-nacional-dedicado-ao-futuro-da-reparacao-automotiva\/#article\",\"isPartOf\":{\"@id\":\"https:\/\/insurancecorp.com.br\/pt\/2026\/09\/01\/porto-seguro-participa-de-encontro-nacional-dedicado-ao-futuro-da-reparacao-automotiva\/#webpage\"},\"author\":{\"@id\":\"https:\/\/insurancecorp.com.br\/pt\/#\/schema\/person\/1b69c8cf325f0b7167f1b171f52df4af\"},\"headline\":\"Porto Seguro participa de encontro nacional dedicado ao futuro da repara\\u00e7\\u00e3o automotiva\",\"datePublished\":\"2026-09-01T13:56:54+00:00\",\"dateModified\":\"2026-09-01T13:56:54+00:00\",\"mainEntityOfPage\":{\"@id\":\"https:\/\/insurancecorp.com.br\/pt\/2026\/09\/01\/porto-seguro-participa-de-encontro-nacional-dedicado-ao-futuro-da-reparacao-automotiva\/#webpage\"},\"commentCount\":0,\"publisher\":{\"@id\":\"https:\/\/insurancecorp.com.br\/pt\/#organization\"},\"image\":{\"@id\":\"https:\/\/insurancecorp.com.br\/pt\/2026\/09\/01\/porto-seguro-participa-de-encontro-nacional-dedicado-ao-futuro-da-reparacao-automotiva\/#primaryimage\"},\"keywords\":\"encontro nacional,Porto Seguro,repara\\u00e7\\u00e3o automotiva\",\"articleSection\":\"Porto Seguro\",\"inLanguage\":\"pt-BR\",\"potentialAction\":[{\"@type\":\"CommentAction\",\"name\":\"Comment\",\"target\":[\"https:\/\/insurancecorp.com.br\/pt\/2026\/09\/01\/porto-seguro-participa-de-encontro-nacional-dedicado-ao-futuro-da-reparacao-automotiva\/#respond\"]}]},{\"@type\":\"Person\",\"@id\":\"https:\/\/insurancecorp.com.br\/pt\/#\/schema\/person\/1b69c8cf325f0b7167f1b171f52df4af\",\"name\":\"Publica\\u00e7\\u00e3o\",\"image\":{\"@type\":\"ImageObject\",\"@id\":\"https:\/\/insurancecorp.com.br\/pt\/#personlogo\",\"inLanguage\":\"pt-BR\",\"url\":\"https:\/\/secure.gravatar.com\/avatar\/17226f1f60486eb25d4c6b301ffed37f?s=96&d=mm&r=g\",\"caption\":\"Publica\\u00e7\\u00e3o\"}}]}<\/script>\n<!-- \/ Yoast SEO plugin. -->","_links":{"self":[{"href":"https:\/\/insurancecorp.com.br\/pt\/wp-json\/wp\/v2\/posts\/82904"}],"collection":[{"href":"https:\/\/insurancecorp.com.br\/pt\/wp-json\/wp\/v2\/posts"}],"about":[{"href":"https:\/\/insurancecorp.com.br\/pt\/wp-json\/wp\/v2\/types\/post"}],"author":[{"embeddable":true,"href":"https:\/\/insurancecorp.com.br\/pt\/wp-json\/wp\/v2\/users\/2"}],"replies":[{"embeddable":true,"href":"https:\/\/insurancecorp.com.br\/pt\/wp-json\/wp\/v2\/comments?post=82904"}],"version-history":[{"count":1,"href":"https:\/\/insurancecorp.com.br\/pt\/wp-json\/wp\/v2\/posts\/82904\/revisions"}],"predecessor-version":[{"id":82906,"href":"https:\/\/insurancecorp.com.br\/pt\/wp-json\/wp\/v2\/posts\/82904\/revisions\/82906"}],"wp:featuredmedia":[{"embeddable":true,"href":"https:\/\/insurancecorp.com.br\/pt\/wp-json\/wp\/v2\/media\/66687"}],"wp:attachment":[{"href":"https:\/\/insurancecorp.com.br\/pt\/wp-json\/wp\/v2\/media?parent=82904"}],"wp:term":[{"taxonomy":"category","embeddable":true,"href":"https:\/\/insurancecorp.com.br\/pt\/wp-json\/wp\/v2\/categories?post=82904"},{"taxonomy":"post_tag","embeddable":true,"href":"https:\/\/insurancecorp.com.br\/pt\/wp-json\/wp\/v2\/tags?post=82904"}],"curies":[{"name":"wp","href":"https:\/\/api.w.org\/{rel}","templated":true}]}}