{"id":82901,"date":"2026-09-01T10:50:56","date_gmt":"2026-09-01T13:50:56","guid":{"rendered":"https:\/\/insurancecorp.com.br\/pt\/?p=82901"},"modified":"2026-09-01T10:50:56","modified_gmt":"2026-09-01T13:50:56","slug":"metlife-reforca-parceria-estrategica-com-corretores-no-24o-congresso-brasileiro-dos-corretores-de-seguros","status":"publish","type":"post","link":"https:\/\/insurancecorp.com.br\/pt\/2026\/09\/01\/metlife-reforca-parceria-estrategica-com-corretores-no-24o-congresso-brasileiro-dos-corretores-de-seguros\/","title":{"rendered":"MetLife refor\u00e7a parceria estrat\u00e9gica com corretores no 24\u00ba Congresso Brasileiro dos Corretores de Seguros"},"content":{"rendered":"<p align=\"justify\">A MetLife participou do 24\u00ba Congresso Brasileiro dos Corretores de Seguros, promovido pela Federa\u00e7\u00e3o Nacional dos Corretores de Seguros Privados e de Resseguros, a Fenacor. Realizado entre os dias 27 e 29 de agosto, no ExpoRio Cidade Nova, no Rio de Janeiro, o encontro reuniu profissionais, seguradoras e representantes de entidades do setor.<\/p>\n<p align=\"justify\">Com o tema <strong>\u201cA nova era da distribui\u00e7\u00e3o de seguros no Brasil\u201d<\/strong>, o Congresso promoveu debates sobre inova\u00e7\u00e3o, novas tecnologias, mudan\u00e7as regulat\u00f3rias, qualifica\u00e7\u00e3o profissional e oportunidades para o desenvolvimento dos neg\u00f3cios dos corretores.<\/p>\n<p align=\"justify\">Como patrocinadora do evento, a MetLife refor\u00e7ou sua proximidade com os corretores, parceiros estrat\u00e9gicos para ampliar o acesso de pessoas e empresas a solu\u00e7\u00f5es de prote\u00e7\u00e3o. A participa\u00e7\u00e3o tamb\u00e9m permitiu \u00e0 companhia acompanhar as principais discuss\u00f5es do mercado, trocar experi\u00eancias e fortalecer o di\u00e1logo com os profissionais que atuam na distribui\u00e7\u00e3o de seguros.<\/p>\n<p align=\"justify\">A MetLife patrocinou ainda o Wi-Fi oficial do Congresso, ampliando a presen\u00e7a da marca e contribuindo para a conectividade dos participantes durante os tr\u00eas dias de programa\u00e7\u00e3o. A iniciativa contou com uma comunica\u00e7\u00e3o relacionada \u00e0 atua\u00e7\u00e3o da companhia no segmento Dental, refor\u00e7ando seu portf\u00f3lio e sua parceria com os corretores que atuam na oferta de seguros e benef\u00edcios.<\/p>\n<p align=\"justify\">\u201cO corretor tem um papel fundamental no desenvolvimento do mercado de seguros e na amplia\u00e7\u00e3o do acesso \u00e0 prote\u00e7\u00e3o. Em um cen\u00e1rio de transforma\u00e7\u00e3o da distribui\u00e7\u00e3o, estar pr\u00f3ximo desses profissionais nos permite compreender suas necessidades, trocar experi\u00eancias e buscar formas de apoiar o desenvolvimento de seus neg\u00f3cios. Nossa participa\u00e7\u00e3o no Congresso refor\u00e7ou o compromisso da MetLife com essa parceria e com o crescimento sustent\u00e1vel do setor\u201d, afirmou Ramon Gomez, vice-presidente comercial da MetLife Brasil.<\/p>\n<p align=\"justify\">Promovido pela Fenacor, o Congresso Brasileiro dos Corretores de Seguros \u00e9 um dos principais encontros do setor no Pa\u00eds e promove discuss\u00f5es sobre tend\u00eancias, desafios e oportunidades para o mercado e para a distribui\u00e7\u00e3o de seguros.<\/p>\n<p align=\"justify\"><strong>Zeno Grupo<\/strong><\/p>\n","protected":false},"excerpt":{"rendered":"<p>A MetLife participou do 24\u00ba Congresso Brasileiro dos Corretores de Seguros, promovido pela Federa\u00e7\u00e3o Nacional dos Corretores de Seguros Privados e de Resseguros, a Fenacor. Realizado entre os dias 27 e 29 de agosto, no ExpoRio Cidade Nova, no Rio de Janeiro, o encontro reuniu profissionais, seguradoras e representantes de entidades do setor. Com o [&hellip;]<\/p>\n","protected":false},"author":2,"featured_media":74268,"comment_status":"open","ping_status":"open","sticky":false,"template":"","format":"standard","meta":[],"categories":[421],"tags":[17552,11137,963],"jetpack_featured_media_url":"https:\/\/insurancecorp.com.br\/pt\/wp-content\/uploads\/2025\/11\/Frame-1-11.png","yoast_head":"<!-- This site is optimized with the Yoast SEO plugin v14.8 - https:\/\/yoast.com\/wordpress\/plugins\/seo\/ -->\n<title>MetLife refor\u00e7a parceria estrat\u00e9gica com corretores no 24\u00ba Congresso Brasileiro dos Corretores de Seguros | Revista Insurance Corp | PT-BR<\/title>\n<meta name=\"robots\" content=\"index, follow\" \/>\n<meta name=\"googlebot\" content=\"index, follow, max-snippet:-1, max-image-preview:large, max-video-preview:-1\" \/>\n<meta name=\"bingbot\" content=\"index, follow, max-snippet:-1, max-image-preview:large, max-video-preview:-1\" \/>\n<link rel=\"canonical\" href=\"https:\/\/insurancecorp.com.br\/pt\/2026\/09\/01\/metlife-reforca-parceria-estrategica-com-corretores-no-24o-congresso-brasileiro-dos-corretores-de-seguros\/\" \/>\n<meta property=\"og:locale\" content=\"pt_BR\" \/>\n<meta property=\"og:type\" content=\"article\" \/>\n<meta property=\"og:title\" content=\"MetLife refor\u00e7a parceria estrat\u00e9gica com corretores no 24\u00ba Congresso Brasileiro dos Corretores de Seguros | Revista Insurance Corp | PT-BR\" \/>\n<meta property=\"og:description\" content=\"A MetLife participou do 24\u00ba Congresso Brasileiro dos Corretores de Seguros, promovido pela Federa\u00e7\u00e3o Nacional dos Corretores de Seguros Privados e de Resseguros, a Fenacor. Realizado entre os dias 27 e 29 de agosto, no ExpoRio Cidade Nova, no Rio de Janeiro, o encontro reuniu profissionais, seguradoras e representantes de entidades do setor. Com o [&hellip;]\" \/>\n<meta property=\"og:url\" content=\"https:\/\/insurancecorp.com.br\/pt\/2026\/09\/01\/metlife-reforca-parceria-estrategica-com-corretores-no-24o-congresso-brasileiro-dos-corretores-de-seguros\/\" \/>\n<meta property=\"og:site_name\" content=\"Revista Insurance Corp | PT-BR\" \/>\n<meta property=\"article:publisher\" content=\"https:\/\/www.facebook.com\/RevistaInsuranceCorp\/\" \/>\n<meta property=\"article:published_time\" content=\"2026-09-01T13:50:56+00:00\" \/>\n<meta property=\"og:image\" content=\"https:\/\/insurancecorp.com.br\/pt\/wp-content\/uploads\/2025\/11\/Frame-1-11.png\" \/>\n\t<meta property=\"og:image:width\" content=\"1797\" \/>\n\t<meta property=\"og:image:height\" content=\"739\" \/>\n<meta name=\"twitter:card\" content=\"summary\" \/>\n<script type=\"application\/ld+json\" class=\"yoast-schema-graph\">{\"@context\":\"https:\/\/schema.org\",\"@graph\":[{\"@type\":\"Organization\",\"@id\":\"https:\/\/insurancecorp.com.br\/pt\/#organization\",\"name\":\"Revista Insurance Corp\",\"url\":\"https:\/\/insurancecorp.com.br\/pt\/\",\"sameAs\":[\"https:\/\/www.facebook.com\/RevistaInsuranceCorp\/\"],\"logo\":{\"@type\":\"ImageObject\",\"@id\":\"https:\/\/insurancecorp.com.br\/pt\/#logo\",\"inLanguage\":\"pt-BR\",\"url\":\"\",\"caption\":\"Revista Insurance Corp\"},\"image\":{\"@id\":\"https:\/\/insurancecorp.com.br\/pt\/#logo\"}},{\"@type\":\"WebSite\",\"@id\":\"https:\/\/insurancecorp.com.br\/pt\/#website\",\"url\":\"https:\/\/insurancecorp.com.br\/pt\/\",\"name\":\"Revista Insurance Corp | PT-BR\",\"description\":\"A \\u00fanica revista bil\\u00edngue voltada ao mercado de seguro.\",\"publisher\":{\"@id\":\"https:\/\/insurancecorp.com.br\/pt\/#organization\"},\"potentialAction\":[{\"@type\":\"SearchAction\",\"target\":\"https:\/\/insurancecorp.com.br\/pt\/?s={search_term_string}\",\"query-input\":\"required name=search_term_string\"}],\"inLanguage\":\"pt-BR\"},{\"@type\":\"ImageObject\",\"@id\":\"https:\/\/insurancecorp.com.br\/pt\/2026\/09\/01\/metlife-reforca-parceria-estrategica-com-corretores-no-24o-congresso-brasileiro-dos-corretores-de-seguros\/#primaryimage\",\"inLanguage\":\"pt-BR\",\"url\":\"https:\/\/insurancecorp.com.br\/pt\/wp-content\/uploads\/2025\/11\/Frame-1-11.png\",\"width\":1797,\"height\":739},{\"@type\":\"WebPage\",\"@id\":\"https:\/\/insurancecorp.com.br\/pt\/2026\/09\/01\/metlife-reforca-parceria-estrategica-com-corretores-no-24o-congresso-brasileiro-dos-corretores-de-seguros\/#webpage\",\"url\":\"https:\/\/insurancecorp.com.br\/pt\/2026\/09\/01\/metlife-reforca-parceria-estrategica-com-corretores-no-24o-congresso-brasileiro-dos-corretores-de-seguros\/\",\"name\":\"MetLife refor\\u00e7a parceria estrat\\u00e9gica com corretores no 24\\u00ba Congresso Brasileiro dos Corretores de Seguros | Revista Insurance Corp | PT-BR\",\"isPartOf\":{\"@id\":\"https:\/\/insurancecorp.com.br\/pt\/#website\"},\"primaryImageOfPage\":{\"@id\":\"https:\/\/insurancecorp.com.br\/pt\/2026\/09\/01\/metlife-reforca-parceria-estrategica-com-corretores-no-24o-congresso-brasileiro-dos-corretores-de-seguros\/#primaryimage\"},\"datePublished\":\"2026-09-01T13:50:56+00:00\",\"dateModified\":\"2026-09-01T13:50:56+00:00\",\"inLanguage\":\"pt-BR\",\"potentialAction\":[{\"@type\":\"ReadAction\",\"target\":[\"https:\/\/insurancecorp.com.br\/pt\/2026\/09\/01\/metlife-reforca-parceria-estrategica-com-corretores-no-24o-congresso-brasileiro-dos-corretores-de-seguros\/\"]}]},{\"@type\":\"Article\",\"@id\":\"https:\/\/insurancecorp.com.br\/pt\/2026\/09\/01\/metlife-reforca-parceria-estrategica-com-corretores-no-24o-congresso-brasileiro-dos-corretores-de-seguros\/#article\",\"isPartOf\":{\"@id\":\"https:\/\/insurancecorp.com.br\/pt\/2026\/09\/01\/metlife-reforca-parceria-estrategica-com-corretores-no-24o-congresso-brasileiro-dos-corretores-de-seguros\/#webpage\"},\"author\":{\"@id\":\"https:\/\/insurancecorp.com.br\/pt\/#\/schema\/person\/1b69c8cf325f0b7167f1b171f52df4af\"},\"headline\":\"MetLife refor\\u00e7a parceria estrat\\u00e9gica com corretores no 24\\u00ba Congresso Brasileiro dos Corretores de Seguros\",\"datePublished\":\"2026-09-01T13:50:56+00:00\",\"dateModified\":\"2026-09-01T13:50:56+00:00\",\"mainEntityOfPage\":{\"@id\":\"https:\/\/insurancecorp.com.br\/pt\/2026\/09\/01\/metlife-reforca-parceria-estrategica-com-corretores-no-24o-congresso-brasileiro-dos-corretores-de-seguros\/#webpage\"},\"commentCount\":1,\"publisher\":{\"@id\":\"https:\/\/insurancecorp.com.br\/pt\/#organization\"},\"image\":{\"@id\":\"https:\/\/insurancecorp.com.br\/pt\/2026\/09\/01\/metlife-reforca-parceria-estrategica-com-corretores-no-24o-congresso-brasileiro-dos-corretores-de-seguros\/#primaryimage\"},\"keywords\":\"24\\u00ba Congresso Brasileiro dos Corretores de Seguros,estrat\\u00e9gica,Metlife\",\"articleSection\":\"MetLife\",\"inLanguage\":\"pt-BR\",\"potentialAction\":[{\"@type\":\"CommentAction\",\"name\":\"Comment\",\"target\":[\"https:\/\/insurancecorp.com.br\/pt\/2026\/09\/01\/metlife-reforca-parceria-estrategica-com-corretores-no-24o-congresso-brasileiro-dos-corretores-de-seguros\/#respond\"]}]},{\"@type\":\"Person\",\"@id\":\"https:\/\/insurancecorp.com.br\/pt\/#\/schema\/person\/1b69c8cf325f0b7167f1b171f52df4af\",\"name\":\"Publica\\u00e7\\u00e3o\",\"image\":{\"@type\":\"ImageObject\",\"@id\":\"https:\/\/insurancecorp.com.br\/pt\/#personlogo\",\"inLanguage\":\"pt-BR\",\"url\":\"https:\/\/secure.gravatar.com\/avatar\/17226f1f60486eb25d4c6b301ffed37f?s=96&d=mm&r=g\",\"caption\":\"Publica\\u00e7\\u00e3o\"}}]}<\/script>\n<!-- \/ Yoast SEO plugin. -->","_links":{"self":[{"href":"https:\/\/insurancecorp.com.br\/pt\/wp-json\/wp\/v2\/posts\/82901"}],"collection":[{"href":"https:\/\/insurancecorp.com.br\/pt\/wp-json\/wp\/v2\/posts"}],"about":[{"href":"https:\/\/insurancecorp.com.br\/pt\/wp-json\/wp\/v2\/types\/post"}],"author":[{"embeddable":true,"href":"https:\/\/insurancecorp.com.br\/pt\/wp-json\/wp\/v2\/users\/2"}],"replies":[{"embeddable":true,"href":"https:\/\/insurancecorp.com.br\/pt\/wp-json\/wp\/v2\/comments?post=82901"}],"version-history":[{"count":1,"href":"https:\/\/insurancecorp.com.br\/pt\/wp-json\/wp\/v2\/posts\/82901\/revisions"}],"predecessor-version":[{"id":82903,"href":"https:\/\/insurancecorp.com.br\/pt\/wp-json\/wp\/v2\/posts\/82901\/revisions\/82903"}],"wp:featuredmedia":[{"embeddable":true,"href":"https:\/\/insurancecorp.com.br\/pt\/wp-json\/wp\/v2\/media\/74268"}],"wp:attachment":[{"href":"https:\/\/insurancecorp.com.br\/pt\/wp-json\/wp\/v2\/media?parent=82901"}],"wp:term":[{"taxonomy":"category","embeddable":true,"href":"https:\/\/insurancecorp.com.br\/pt\/wp-json\/wp\/v2\/categories?post=82901"},{"taxonomy":"post_tag","embeddable":true,"href":"https:\/\/insurancecorp.com.br\/pt\/wp-json\/wp\/v2\/tags?post=82901"}],"curies":[{"name":"wp","href":"https:\/\/api.w.org\/{rel}","templated":true}]}}