{"id":82899,"date":"2026-09-01T10:54:44","date_gmt":"2026-09-01T13:54:44","guid":{"rendered":"https:\/\/insurancecorp.com.br\/pt\/?p=82899"},"modified":"2026-09-01T10:54:44","modified_gmt":"2026-09-01T13:54:44","slug":"tokio-marine-anuncia-sucessao-na-presidencia","status":"publish","type":"post","link":"https:\/\/insurancecorp.com.br\/pt\/2026\/09\/01\/tokio-marine-anuncia-sucessao-na-presidencia\/","title":{"rendered":"Tokio Marine anuncia sucess\u00e3o na Presid\u00eancia"},"content":{"rendered":"<p align=\"justify\">A Tokio Marine Seguradora anuncia que, a partir de 1\u00ba de janeiro de 2027, Marcelo Goldman assumir\u00e1 a Presid\u00eancia da Companhia, sucedendo Jos\u00e9 Adalberto Ferrara, que permanecer\u00e1 como Presidente do Conselho de Administra\u00e7\u00e3o.<\/p>\n<p align=\"justify\">A transi\u00e7\u00e3o faz parte de um processo estruturado de planejamento sucess\u00f3rio, alinhado \u00e0s melhores pr\u00e1ticas de governan\u00e7a corporativa e \u00e0 estrat\u00e9gia de longo prazo da Tokio Marine no Brasil.<\/p>\n<p align=\"justify\">Na Seguradora desde 2008, Marcelo Goldman possui uma trajet\u00f3ria consolidada na organiza\u00e7\u00e3o, com ampla experi\u00eancia no mercado segurador e participa\u00e7\u00e3o ativa nos principais ciclos de crescimento e transforma\u00e7\u00e3o da Companhia. Ao longo de sua carreira, contribuiu significativamente para o fortalecimento dos neg\u00f3cios, da estrat\u00e9gia comercial e do relacionamento com Colaboradores, Corretores, Assessorias, Parceiros, Clientes, Comunidade e Acionistas.<\/p>\n<p align=\"justify\">&#8220;Goldman re\u00fane a experi\u00eancia, a lideran\u00e7a e o profundo conhecimento da Tokio Marine necess\u00e1rios para conduzir a Companhia em sua pr\u00f3xima etapa de desenvolvimento. Tenho plena confian\u00e7a de que ele continuar\u00e1 fortalecendo nossa trajet\u00f3ria de crescimento sustent\u00e1vel, inova\u00e7\u00e3o e gera\u00e7\u00e3o de valor para todos os nossos p\u00fablicos de relacionamento&#8221;, afirma Jos\u00e9 Adalberto Ferrara.<\/p>\n<p align=\"justify\">&#8220;Recebo esta responsabilidade com grande honra e senso de compromisso. Daremos continuidade ao trabalho desenvolvido ao longo dos \u00faltimos anos, preservando a cultura que caracteriza a Tokio Marine e mantendo o foco na excel\u00eancia do atendimento, na inova\u00e7\u00e3o, no crescimento sustent\u00e1vel e na gera\u00e7\u00e3o de valor para todos os nossos stakeholders&#8221;, destaca Marcelo Goldman.<\/p>\n<p align=\"justify\">Ferrara ingressou na Tokio Marine em 2009 como Diretor de Tecnologia e, ao longo de sua trajet\u00f3ria, assumiu responsabilidades crescentes at\u00e9 ser nomeado Diretor Presidente em 2013. Desde ent\u00e3o, liderou um dos per\u00edodos mais relevantes da hist\u00f3ria da Seguradora no Brasil, marcado pelo crescimento sustent\u00e1vel dos neg\u00f3cios, pelo fortalecimento da marca, pela evolu\u00e7\u00e3o da governan\u00e7a corporativa e pela consolida\u00e7\u00e3o da Tokio Marine entre as principais Seguradoras do mercado brasileiro.<\/p>\n<p align=\"justify\">Na condi\u00e7\u00e3o de Presidente do Conselho de Administra\u00e7\u00e3o, Ferrara continuar\u00e1 contribuindo para a defini\u00e7\u00e3o das diretrizes estrat\u00e9gicas, apoiando a nova gest\u00e3o e assegurando a continuidade dos valores que orientam a atua\u00e7\u00e3o da Tokio Marine.<\/p>\n<p align=\"justify\">A sucess\u00e3o refor\u00e7a o compromisso da Tokio Marine com a continuidade dos neg\u00f3cios, a valoriza\u00e7\u00e3o de seus talentos internos e a constru\u00e7\u00e3o de uma organiza\u00e7\u00e3o preparada para os desafios e oportunidades das pr\u00f3ximas d\u00e9cadas.<\/p>\n<p align=\"justify\"><strong>Assessoria Tokio Marine<\/strong><\/p>\n","protected":false},"excerpt":{"rendered":"<p>A Tokio Marine Seguradora anuncia que, a partir de 1\u00ba de janeiro de 2027, Marcelo Goldman assumir\u00e1 a Presid\u00eancia da Companhia, sucedendo Jos\u00e9 Adalberto Ferrara, que permanecer\u00e1 como Presidente do Conselho de Administra\u00e7\u00e3o. A transi\u00e7\u00e3o faz parte de um processo estruturado de planejamento sucess\u00f3rio, alinhado \u00e0s melhores pr\u00e1ticas de governan\u00e7a corporativa e \u00e0 estrat\u00e9gia de [&hellip;]<\/p>\n","protected":false},"author":2,"featured_media":82902,"comment_status":"open","ping_status":"open","sticky":false,"template":"","format":"standard","meta":[],"categories":[129],"tags":[5618,7161,13594,1846],"jetpack_featured_media_url":"https:\/\/insurancecorp.com.br\/pt\/wp-content\/uploads\/2026\/09\/link-2-scaled-e1788270725724.jpeg","yoast_head":"<!-- This site is optimized with the Yoast SEO plugin v14.8 - https:\/\/yoast.com\/wordpress\/plugins\/seo\/ -->\n<title>Tokio Marine anuncia sucess\u00e3o na Presid\u00eancia | Revista Insurance Corp | PT-BR<\/title>\n<meta name=\"robots\" content=\"index, follow\" \/>\n<meta name=\"googlebot\" content=\"index, follow, max-snippet:-1, max-image-preview:large, max-video-preview:-1\" \/>\n<meta name=\"bingbot\" content=\"index, follow, max-snippet:-1, max-image-preview:large, max-video-preview:-1\" \/>\n<link rel=\"canonical\" href=\"https:\/\/insurancecorp.com.br\/pt\/2026\/09\/01\/tokio-marine-anuncia-sucessao-na-presidencia\/\" \/>\n<meta property=\"og:locale\" content=\"pt_BR\" \/>\n<meta property=\"og:type\" content=\"article\" \/>\n<meta property=\"og:title\" content=\"Tokio Marine anuncia sucess\u00e3o na Presid\u00eancia | Revista Insurance Corp | PT-BR\" \/>\n<meta property=\"og:description\" content=\"A Tokio Marine Seguradora anuncia que, a partir de 1\u00ba de janeiro de 2027, Marcelo Goldman assumir\u00e1 a Presid\u00eancia da Companhia, sucedendo Jos\u00e9 Adalberto Ferrara, que permanecer\u00e1 como Presidente do Conselho de Administra\u00e7\u00e3o. A transi\u00e7\u00e3o faz parte de um processo estruturado de planejamento sucess\u00f3rio, alinhado \u00e0s melhores pr\u00e1ticas de governan\u00e7a corporativa e \u00e0 estrat\u00e9gia de [&hellip;]\" \/>\n<meta property=\"og:url\" content=\"https:\/\/insurancecorp.com.br\/pt\/2026\/09\/01\/tokio-marine-anuncia-sucessao-na-presidencia\/\" \/>\n<meta property=\"og:site_name\" content=\"Revista Insurance Corp | PT-BR\" \/>\n<meta property=\"article:publisher\" content=\"https:\/\/www.facebook.com\/RevistaInsuranceCorp\/\" \/>\n<meta property=\"article:published_time\" content=\"2026-09-01T13:54:44+00:00\" \/>\n<meta property=\"og:image\" content=\"https:\/\/insurancecorp.com.br\/pt\/wp-content\/uploads\/2026\/09\/link-2-scaled-e1788270725724.jpeg\" \/>\n\t<meta property=\"og:image:width\" content=\"1707\" \/>\n\t<meta property=\"og:image:height\" content=\"1376\" \/>\n<meta name=\"twitter:card\" content=\"summary\" \/>\n<script type=\"application\/ld+json\" class=\"yoast-schema-graph\">{\"@context\":\"https:\/\/schema.org\",\"@graph\":[{\"@type\":\"Organization\",\"@id\":\"https:\/\/insurancecorp.com.br\/pt\/#organization\",\"name\":\"Revista Insurance Corp\",\"url\":\"https:\/\/insurancecorp.com.br\/pt\/\",\"sameAs\":[\"https:\/\/www.facebook.com\/RevistaInsuranceCorp\/\"],\"logo\":{\"@type\":\"ImageObject\",\"@id\":\"https:\/\/insurancecorp.com.br\/pt\/#logo\",\"inLanguage\":\"pt-BR\",\"url\":\"\",\"caption\":\"Revista Insurance Corp\"},\"image\":{\"@id\":\"https:\/\/insurancecorp.com.br\/pt\/#logo\"}},{\"@type\":\"WebSite\",\"@id\":\"https:\/\/insurancecorp.com.br\/pt\/#website\",\"url\":\"https:\/\/insurancecorp.com.br\/pt\/\",\"name\":\"Revista Insurance Corp | PT-BR\",\"description\":\"A \\u00fanica revista bil\\u00edngue voltada ao mercado de seguro.\",\"publisher\":{\"@id\":\"https:\/\/insurancecorp.com.br\/pt\/#organization\"},\"potentialAction\":[{\"@type\":\"SearchAction\",\"target\":\"https:\/\/insurancecorp.com.br\/pt\/?s={search_term_string}\",\"query-input\":\"required name=search_term_string\"}],\"inLanguage\":\"pt-BR\"},{\"@type\":\"ImageObject\",\"@id\":\"https:\/\/insurancecorp.com.br\/pt\/2026\/09\/01\/tokio-marine-anuncia-sucessao-na-presidencia\/#primaryimage\",\"inLanguage\":\"pt-BR\",\"url\":\"https:\/\/insurancecorp.com.br\/pt\/wp-content\/uploads\/2026\/09\/link-2-scaled-e1788270725724.jpeg\",\"width\":1707,\"height\":1376},{\"@type\":\"WebPage\",\"@id\":\"https:\/\/insurancecorp.com.br\/pt\/2026\/09\/01\/tokio-marine-anuncia-sucessao-na-presidencia\/#webpage\",\"url\":\"https:\/\/insurancecorp.com.br\/pt\/2026\/09\/01\/tokio-marine-anuncia-sucessao-na-presidencia\/\",\"name\":\"Tokio Marine anuncia sucess\\u00e3o na Presid\\u00eancia | Revista Insurance Corp | PT-BR\",\"isPartOf\":{\"@id\":\"https:\/\/insurancecorp.com.br\/pt\/#website\"},\"primaryImageOfPage\":{\"@id\":\"https:\/\/insurancecorp.com.br\/pt\/2026\/09\/01\/tokio-marine-anuncia-sucessao-na-presidencia\/#primaryimage\"},\"datePublished\":\"2026-09-01T13:54:44+00:00\",\"dateModified\":\"2026-09-01T13:54:44+00:00\",\"inLanguage\":\"pt-BR\",\"potentialAction\":[{\"@type\":\"ReadAction\",\"target\":[\"https:\/\/insurancecorp.com.br\/pt\/2026\/09\/01\/tokio-marine-anuncia-sucessao-na-presidencia\/\"]}]},{\"@type\":\"Article\",\"@id\":\"https:\/\/insurancecorp.com.br\/pt\/2026\/09\/01\/tokio-marine-anuncia-sucessao-na-presidencia\/#article\",\"isPartOf\":{\"@id\":\"https:\/\/insurancecorp.com.br\/pt\/2026\/09\/01\/tokio-marine-anuncia-sucessao-na-presidencia\/#webpage\"},\"author\":{\"@id\":\"https:\/\/insurancecorp.com.br\/pt\/#\/schema\/person\/1b69c8cf325f0b7167f1b171f52df4af\"},\"headline\":\"Tokio Marine anuncia sucess\\u00e3o na Presid\\u00eancia\",\"datePublished\":\"2026-09-01T13:54:44+00:00\",\"dateModified\":\"2026-09-01T13:54:44+00:00\",\"mainEntityOfPage\":{\"@id\":\"https:\/\/insurancecorp.com.br\/pt\/2026\/09\/01\/tokio-marine-anuncia-sucessao-na-presidencia\/#webpage\"},\"commentCount\":0,\"publisher\":{\"@id\":\"https:\/\/insurancecorp.com.br\/pt\/#organization\"},\"image\":{\"@id\":\"https:\/\/insurancecorp.com.br\/pt\/2026\/09\/01\/tokio-marine-anuncia-sucessao-na-presidencia\/#primaryimage\"},\"keywords\":\"anuncia,presid\\u00eancia,sucess\\u00e3o,Tokio Marine\",\"articleSection\":\"Tokio Marine\",\"inLanguage\":\"pt-BR\",\"potentialAction\":[{\"@type\":\"CommentAction\",\"name\":\"Comment\",\"target\":[\"https:\/\/insurancecorp.com.br\/pt\/2026\/09\/01\/tokio-marine-anuncia-sucessao-na-presidencia\/#respond\"]}]},{\"@type\":\"Person\",\"@id\":\"https:\/\/insurancecorp.com.br\/pt\/#\/schema\/person\/1b69c8cf325f0b7167f1b171f52df4af\",\"name\":\"Publica\\u00e7\\u00e3o\",\"image\":{\"@type\":\"ImageObject\",\"@id\":\"https:\/\/insurancecorp.com.br\/pt\/#personlogo\",\"inLanguage\":\"pt-BR\",\"url\":\"https:\/\/secure.gravatar.com\/avatar\/17226f1f60486eb25d4c6b301ffed37f?s=96&d=mm&r=g\",\"caption\":\"Publica\\u00e7\\u00e3o\"}}]}<\/script>\n<!-- \/ Yoast SEO plugin. -->","_links":{"self":[{"href":"https:\/\/insurancecorp.com.br\/pt\/wp-json\/wp\/v2\/posts\/82899"}],"collection":[{"href":"https:\/\/insurancecorp.com.br\/pt\/wp-json\/wp\/v2\/posts"}],"about":[{"href":"https:\/\/insurancecorp.com.br\/pt\/wp-json\/wp\/v2\/types\/post"}],"author":[{"embeddable":true,"href":"https:\/\/insurancecorp.com.br\/pt\/wp-json\/wp\/v2\/users\/2"}],"replies":[{"embeddable":true,"href":"https:\/\/insurancecorp.com.br\/pt\/wp-json\/wp\/v2\/comments?post=82899"}],"version-history":[{"count":1,"href":"https:\/\/insurancecorp.com.br\/pt\/wp-json\/wp\/v2\/posts\/82899\/revisions"}],"predecessor-version":[{"id":82905,"href":"https:\/\/insurancecorp.com.br\/pt\/wp-json\/wp\/v2\/posts\/82899\/revisions\/82905"}],"wp:featuredmedia":[{"embeddable":true,"href":"https:\/\/insurancecorp.com.br\/pt\/wp-json\/wp\/v2\/media\/82902"}],"wp:attachment":[{"href":"https:\/\/insurancecorp.com.br\/pt\/wp-json\/wp\/v2\/media?parent=82899"}],"wp:term":[{"taxonomy":"category","embeddable":true,"href":"https:\/\/insurancecorp.com.br\/pt\/wp-json\/wp\/v2\/categories?post=82899"},{"taxonomy":"post_tag","embeddable":true,"href":"https:\/\/insurancecorp.com.br\/pt\/wp-json\/wp\/v2\/tags?post=82899"}],"curies":[{"name":"wp","href":"https:\/\/api.w.org\/{rel}","templated":true}]}}