{"id":82894,"date":"2026-09-01T10:42:07","date_gmt":"2026-09-01T13:42:07","guid":{"rendered":"https:\/\/insurancecorp.com.br\/pt\/?p=82894"},"modified":"2026-09-01T10:42:07","modified_gmt":"2026-09-01T13:42:07","slug":"mudancas-climaticas-ampliam-desafio-de-gestao-de-riscos-no-campo","status":"publish","type":"post","link":"https:\/\/insurancecorp.com.br\/pt\/2026\/09\/01\/mudancas-climaticas-ampliam-desafio-de-gestao-de-riscos-no-campo\/","title":{"rendered":"Mudan\u00e7as clim\u00e1ticas ampliam desafio de gest\u00e3o de riscos no campo"},"content":{"rendered":"<p align=\"justify\">A sucess\u00e3o de eventos clim\u00e1ticos extremos e a maior variabilidade das condi\u00e7\u00f5es meteorol\u00f3gicas v\u00eam adicionando uma nova camada de complexidade ao planejamento do produtor rural. Fen\u00f4menos como El Ni\u00f1o e La Ni\u00f1a, per\u00edodos prolongados de estiagem, excesso de chuvas e oscila\u00e7\u00f5es de temperatura refor\u00e7am um desafio que j\u00e1 faz parte da gest\u00e3o do campo: antecipar riscos e proteger a capacidade de produ\u00e7\u00e3o diante de cen\u00e1rios cada vez menos previs\u00edveis.<\/p>\n<p align=\"justify\">Nesse contexto, a BB Seguros, l\u00edder no segmento de Seguro Rural, vem ampliando o uso de dados, tecnologia e intelig\u00eancia clim\u00e1tica para aprimorar a an\u00e1lise de riscos e desenvolver solu\u00e7\u00f5es mais aderentes \u00e0s diferentes realidades produtivas do pa\u00eds. A estrat\u00e9gia combina informa\u00e7\u00f5es meteorol\u00f3gicas, hist\u00f3rico produtivo, dados geogr\u00e1ficos e modelagem estat\u00edstica para apoiar uma atua\u00e7\u00e3o cada vez mais regionalizada e alinhada \u00e0s caracter\u00edsticas de cada cultura e propriedade.<\/p>\n<p align=\"justify\">\u00c9 dentro dessa agenda que a companhia participa, junto ao Banco do Brasil, da Expointer, realizada de 29 de agosto a 6 de setembro, em Esteio, no Rio Grande do Sul. A presen\u00e7a na feira \u00e9 uma oportunidade para aproximar essas discuss\u00f5es dos produtores e apresentar solu\u00e7\u00f5es voltadas \u00e0 prote\u00e7\u00e3o da produ\u00e7\u00e3o, do patrim\u00f4nio e das opera\u00e7\u00f5es rurais.<\/p>\n<p align=\"justify\">Durante o per\u00edodo relacionado ao evento, a companhia oferece condi\u00e7\u00f5es diferenciadas para a contrata\u00e7\u00e3o dos produtos Agr\u00edcola Flex, Patrim\u00f4nio Rural e Penhor Rural Personalizado, com 10% de desconto para contrata\u00e7\u00f5es realizadas na regi\u00e3o do munic\u00edpio entre 19 de agosto e 26 de setembro.<\/p>\n<p align=\"justify\">A participa\u00e7\u00e3o na Expointer integra a estrat\u00e9gia da companhia de manter um di\u00e1logo pr\u00f3ximo com o agroneg\u00f3cio e acompanhar, no pr\u00f3prio campo, a transforma\u00e7\u00e3o dos riscos que influenciam a atividade. Em um cen\u00e1rio no qual clima, produtividade e sustentabilidade est\u00e3o cada vez mais conectados, a aposta da Brasilseg \u00e9 avan\u00e7ar na capacidade de antecipar riscos para proteger melhor o produtor e a continuidade de seu neg\u00f3cio.<\/p>\n<p align=\"justify\">Para Marcos Treitinger, Superintendente Executivo Comercial da Brasilseg, uma empresa BB Seguros, a mudan\u00e7a no comportamento do clima exige que o setor avance tamb\u00e9m na forma de compreender e proteger os riscos do campo.<\/p>\n<p align=\"justify\">&#8220;Os eventos clim\u00e1ticos sempre fizeram parte da atividade rural, mas hoje o produtor precisa lidar com um ambiente de maior variabilidade e complexidade. Nosso papel \u00e9 evoluir junto com essa realidade, utilizando dados, tecnologia e conhecimento t\u00e9cnico para compreender melhor os riscos e oferecer solu\u00e7\u00f5es adequadas \u00e0s caracter\u00edsticas de cada regi\u00e3o e atividade. O seguro deixa de ser apenas uma resposta depois de uma perda e passa a integrar cada vez mais a estrat\u00e9gia de gest\u00e3o e continuidade do neg\u00f3cio rural&#8221;, afirma Marcos.<\/p>\n<p align=\"justify\"><strong>Servi\u00e7o:<\/strong><br \/>\n<strong>Evento:<\/strong> 49\u00aa edi\u00e7\u00e3o Expointer &#8211; Feira do Setor Agropecu\u00e1rio<br \/>\n<strong>Local: <\/strong>Parque Estadual das Exposi\u00e7\u00f5es Assis Brasil (KM 257 &#8211; BR-116, Esteio (RS)<br \/>\n<strong>Data:<\/strong> De 29 de agosto a 6 de setembro de 2026<br \/>\nPara mais informa\u00e7\u00f5es sobre o evento, <a href=\"https:\/\/www.expointer.rs.gov.br\/inicial\" target=\"_blank\" rel=\"noopener noreferrer\"><u>clique aqui<\/u><\/a>.<\/p>\n<p align=\"justify\"><strong>FSB Comunica\u00e7\u00e3o<\/strong><\/p>\n","protected":false},"excerpt":{"rendered":"<p>A sucess\u00e3o de eventos clim\u00e1ticos extremos e a maior variabilidade das condi\u00e7\u00f5es meteorol\u00f3gicas v\u00eam adicionando uma nova camada de complexidade ao planejamento do produtor rural. Fen\u00f4menos como El Ni\u00f1o e La Ni\u00f1a, per\u00edodos prolongados de estiagem, excesso de chuvas e oscila\u00e7\u00f5es de temperatura refor\u00e7am um desafio que j\u00e1 faz parte da gest\u00e3o do campo: antecipar [&hellip;]<\/p>\n","protected":false},"author":2,"featured_media":82895,"comment_status":"open","ping_status":"open","sticky":false,"template":"","format":"standard","meta":[],"categories":[8662],"tags":[11301,6468,5452,17609],"jetpack_featured_media_url":"https:\/\/insurancecorp.com.br\/pt\/wp-content\/uploads\/2026\/09\/4MjZ6AjMyYTYzojci5SbvNmLwJ3bjV2YuFmc1NnbpB0bhNWYkVmc6MTOwMDO3IjN2EjOnVGcq5ydvxGOkRzM4IWO4UzM0kTY3UGMwgTOwMTM2EjMidzYzQGZyYkMlQGZyYkMlkDOycjMGJTJ2IDMx8VL1ETLf9VLwITLfpDO-e1788270107361.jpeg","yoast_head":"<!-- This site is optimized with the Yoast SEO plugin v14.8 - https:\/\/yoast.com\/wordpress\/plugins\/seo\/ -->\n<title>Mudan\u00e7as clim\u00e1ticas ampliam desafio de gest\u00e3o de riscos no campo | Revista Insurance Corp | PT-BR<\/title>\n<meta name=\"robots\" content=\"index, follow\" \/>\n<meta name=\"googlebot\" content=\"index, follow, max-snippet:-1, max-image-preview:large, max-video-preview:-1\" \/>\n<meta name=\"bingbot\" content=\"index, follow, max-snippet:-1, max-image-preview:large, max-video-preview:-1\" \/>\n<link rel=\"canonical\" href=\"https:\/\/insurancecorp.com.br\/pt\/2026\/09\/01\/mudancas-climaticas-ampliam-desafio-de-gestao-de-riscos-no-campo\/\" \/>\n<meta property=\"og:locale\" content=\"pt_BR\" \/>\n<meta property=\"og:type\" content=\"article\" \/>\n<meta property=\"og:title\" content=\"Mudan\u00e7as clim\u00e1ticas ampliam desafio de gest\u00e3o de riscos no campo | Revista Insurance Corp | PT-BR\" \/>\n<meta property=\"og:description\" content=\"A sucess\u00e3o de eventos clim\u00e1ticos extremos e a maior variabilidade das condi\u00e7\u00f5es meteorol\u00f3gicas v\u00eam adicionando uma nova camada de complexidade ao planejamento do produtor rural. Fen\u00f4menos como El Ni\u00f1o e La Ni\u00f1a, per\u00edodos prolongados de estiagem, excesso de chuvas e oscila\u00e7\u00f5es de temperatura refor\u00e7am um desafio que j\u00e1 faz parte da gest\u00e3o do campo: antecipar [&hellip;]\" \/>\n<meta property=\"og:url\" content=\"https:\/\/insurancecorp.com.br\/pt\/2026\/09\/01\/mudancas-climaticas-ampliam-desafio-de-gestao-de-riscos-no-campo\/\" \/>\n<meta property=\"og:site_name\" content=\"Revista Insurance Corp | PT-BR\" \/>\n<meta property=\"article:publisher\" content=\"https:\/\/www.facebook.com\/RevistaInsuranceCorp\/\" \/>\n<meta property=\"article:published_time\" content=\"2026-09-01T13:42:07+00:00\" \/>\n<meta property=\"og:image\" content=\"https:\/\/insurancecorp.com.br\/pt\/wp-content\/uploads\/2026\/09\/4MjZ6AjMyYTYzojci5SbvNmLwJ3bjV2YuFmc1NnbpB0bhNWYkVmc6MTOwMDO3IjN2EjOnVGcq5ydvxGOkRzM4IWO4UzM0kTY3UGMwgTOwMTM2EjMidzYzQGZyYkMlQGZyYkMlkDOycjMGJTJ2IDMx8VL1ETLf9VLwITLfpDO-e1788270107361.jpeg\" \/>\n\t<meta property=\"og:image:width\" content=\"800\" \/>\n\t<meta property=\"og:image:height\" content=\"342\" \/>\n<meta name=\"twitter:card\" content=\"summary\" \/>\n<script type=\"application\/ld+json\" class=\"yoast-schema-graph\">{\"@context\":\"https:\/\/schema.org\",\"@graph\":[{\"@type\":\"Organization\",\"@id\":\"https:\/\/insurancecorp.com.br\/pt\/#organization\",\"name\":\"Revista Insurance Corp\",\"url\":\"https:\/\/insurancecorp.com.br\/pt\/\",\"sameAs\":[\"https:\/\/www.facebook.com\/RevistaInsuranceCorp\/\"],\"logo\":{\"@type\":\"ImageObject\",\"@id\":\"https:\/\/insurancecorp.com.br\/pt\/#logo\",\"inLanguage\":\"pt-BR\",\"url\":\"\",\"caption\":\"Revista Insurance Corp\"},\"image\":{\"@id\":\"https:\/\/insurancecorp.com.br\/pt\/#logo\"}},{\"@type\":\"WebSite\",\"@id\":\"https:\/\/insurancecorp.com.br\/pt\/#website\",\"url\":\"https:\/\/insurancecorp.com.br\/pt\/\",\"name\":\"Revista Insurance Corp | PT-BR\",\"description\":\"A \\u00fanica revista bil\\u00edngue voltada ao mercado de seguro.\",\"publisher\":{\"@id\":\"https:\/\/insurancecorp.com.br\/pt\/#organization\"},\"potentialAction\":[{\"@type\":\"SearchAction\",\"target\":\"https:\/\/insurancecorp.com.br\/pt\/?s={search_term_string}\",\"query-input\":\"required name=search_term_string\"}],\"inLanguage\":\"pt-BR\"},{\"@type\":\"ImageObject\",\"@id\":\"https:\/\/insurancecorp.com.br\/pt\/2026\/09\/01\/mudancas-climaticas-ampliam-desafio-de-gestao-de-riscos-no-campo\/#primaryimage\",\"inLanguage\":\"pt-BR\",\"url\":\"https:\/\/insurancecorp.com.br\/pt\/wp-content\/uploads\/2026\/09\/4MjZ6AjMyYTYzojci5SbvNmLwJ3bjV2YuFmc1NnbpB0bhNWYkVmc6MTOwMDO3IjN2EjOnVGcq5ydvxGOkRzM4IWO4UzM0kTY3UGMwgTOwMTM2EjMidzYzQGZyYkMlQGZyYkMlkDOycjMGJTJ2IDMx8VL1ETLf9VLwITLfpDO-e1788270107361.jpeg\",\"width\":800,\"height\":342},{\"@type\":\"WebPage\",\"@id\":\"https:\/\/insurancecorp.com.br\/pt\/2026\/09\/01\/mudancas-climaticas-ampliam-desafio-de-gestao-de-riscos-no-campo\/#webpage\",\"url\":\"https:\/\/insurancecorp.com.br\/pt\/2026\/09\/01\/mudancas-climaticas-ampliam-desafio-de-gestao-de-riscos-no-campo\/\",\"name\":\"Mudan\\u00e7as clim\\u00e1ticas ampliam desafio de gest\\u00e3o de riscos no campo | Revista Insurance Corp | PT-BR\",\"isPartOf\":{\"@id\":\"https:\/\/insurancecorp.com.br\/pt\/#website\"},\"primaryImageOfPage\":{\"@id\":\"https:\/\/insurancecorp.com.br\/pt\/2026\/09\/01\/mudancas-climaticas-ampliam-desafio-de-gestao-de-riscos-no-campo\/#primaryimage\"},\"datePublished\":\"2026-09-01T13:42:07+00:00\",\"dateModified\":\"2026-09-01T13:42:07+00:00\",\"inLanguage\":\"pt-BR\",\"potentialAction\":[{\"@type\":\"ReadAction\",\"target\":[\"https:\/\/insurancecorp.com.br\/pt\/2026\/09\/01\/mudancas-climaticas-ampliam-desafio-de-gestao-de-riscos-no-campo\/\"]}]},{\"@type\":\"Article\",\"@id\":\"https:\/\/insurancecorp.com.br\/pt\/2026\/09\/01\/mudancas-climaticas-ampliam-desafio-de-gestao-de-riscos-no-campo\/#article\",\"isPartOf\":{\"@id\":\"https:\/\/insurancecorp.com.br\/pt\/2026\/09\/01\/mudancas-climaticas-ampliam-desafio-de-gestao-de-riscos-no-campo\/#webpage\"},\"author\":{\"@id\":\"https:\/\/insurancecorp.com.br\/pt\/#\/schema\/person\/1b69c8cf325f0b7167f1b171f52df4af\"},\"headline\":\"Mudan\\u00e7as clim\\u00e1ticas ampliam desafio de gest\\u00e3o de riscos no campo\",\"datePublished\":\"2026-09-01T13:42:07+00:00\",\"dateModified\":\"2026-09-01T13:42:07+00:00\",\"mainEntityOfPage\":{\"@id\":\"https:\/\/insurancecorp.com.br\/pt\/2026\/09\/01\/mudancas-climaticas-ampliam-desafio-de-gestao-de-riscos-no-campo\/#webpage\"},\"commentCount\":0,\"publisher\":{\"@id\":\"https:\/\/insurancecorp.com.br\/pt\/#organization\"},\"image\":{\"@id\":\"https:\/\/insurancecorp.com.br\/pt\/2026\/09\/01\/mudancas-climaticas-ampliam-desafio-de-gestao-de-riscos-no-campo\/#primaryimage\"},\"keywords\":\"clim\\u00e1ticas,gest\\u00e3o,mudan\\u00e7as,riscos no campo\",\"articleSection\":\"BB Seguros\",\"inLanguage\":\"pt-BR\",\"potentialAction\":[{\"@type\":\"CommentAction\",\"name\":\"Comment\",\"target\":[\"https:\/\/insurancecorp.com.br\/pt\/2026\/09\/01\/mudancas-climaticas-ampliam-desafio-de-gestao-de-riscos-no-campo\/#respond\"]}]},{\"@type\":\"Person\",\"@id\":\"https:\/\/insurancecorp.com.br\/pt\/#\/schema\/person\/1b69c8cf325f0b7167f1b171f52df4af\",\"name\":\"Publica\\u00e7\\u00e3o\",\"image\":{\"@type\":\"ImageObject\",\"@id\":\"https:\/\/insurancecorp.com.br\/pt\/#personlogo\",\"inLanguage\":\"pt-BR\",\"url\":\"https:\/\/secure.gravatar.com\/avatar\/17226f1f60486eb25d4c6b301ffed37f?s=96&d=mm&r=g\",\"caption\":\"Publica\\u00e7\\u00e3o\"}}]}<\/script>\n<!-- \/ Yoast SEO plugin. -->","_links":{"self":[{"href":"https:\/\/insurancecorp.com.br\/pt\/wp-json\/wp\/v2\/posts\/82894"}],"collection":[{"href":"https:\/\/insurancecorp.com.br\/pt\/wp-json\/wp\/v2\/posts"}],"about":[{"href":"https:\/\/insurancecorp.com.br\/pt\/wp-json\/wp\/v2\/types\/post"}],"author":[{"embeddable":true,"href":"https:\/\/insurancecorp.com.br\/pt\/wp-json\/wp\/v2\/users\/2"}],"replies":[{"embeddable":true,"href":"https:\/\/insurancecorp.com.br\/pt\/wp-json\/wp\/v2\/comments?post=82894"}],"version-history":[{"count":1,"href":"https:\/\/insurancecorp.com.br\/pt\/wp-json\/wp\/v2\/posts\/82894\/revisions"}],"predecessor-version":[{"id":82898,"href":"https:\/\/insurancecorp.com.br\/pt\/wp-json\/wp\/v2\/posts\/82894\/revisions\/82898"}],"wp:featuredmedia":[{"embeddable":true,"href":"https:\/\/insurancecorp.com.br\/pt\/wp-json\/wp\/v2\/media\/82895"}],"wp:attachment":[{"href":"https:\/\/insurancecorp.com.br\/pt\/wp-json\/wp\/v2\/media?parent=82894"}],"wp:term":[{"taxonomy":"category","embeddable":true,"href":"https:\/\/insurancecorp.com.br\/pt\/wp-json\/wp\/v2\/categories?post=82894"},{"taxonomy":"post_tag","embeddable":true,"href":"https:\/\/insurancecorp.com.br\/pt\/wp-json\/wp\/v2\/tags?post=82894"}],"curies":[{"name":"wp","href":"https:\/\/api.w.org\/{rel}","templated":true}]}}