{"id":82893,"date":"2026-09-01T10:41:53","date_gmt":"2026-09-01T13:41:53","guid":{"rendered":"https:\/\/insurancecorp.com.br\/pt\/?p=82893"},"modified":"2026-09-01T10:41:53","modified_gmt":"2026-09-01T13:41:53","slug":"seguros-sura-brasil-apresenta-novo-diretor-da-regional-sul","status":"publish","type":"post","link":"https:\/\/insurancecorp.com.br\/pt\/2026\/09\/01\/seguros-sura-brasil-apresenta-novo-diretor-da-regional-sul\/","title":{"rendered":"Seguros SURA Brasil apresenta novo Diretor da Regional Sul"},"content":{"rendered":"<p align=\"justify\">A Seguros SURA Brasil, especialista em gest\u00e3o de tend\u00eancias e riscos, anuncia Danilo Ara\u00fajo como seu novo Diretor da Regional Sul. A nomea\u00e7\u00e3o refor\u00e7a a estrat\u00e9gia da companhia de impulsionar o crescimento sustent\u00e1vel no Sul do pa\u00eds, para fortalecer a presen\u00e7a institucional e consolidar parcerias comerciais com os corretores nos estados do Paran\u00e1, Santa Catarina e Rio Grande do Sul.<\/p>\n<p align=\"justify\">A chegada do executivo responde \u00e0s particularidades de um mercado din\u00e2mico e que demanda proximidade e alta personaliza\u00e7\u00e3o. A Regi\u00e3o Sul apresenta oportunidades expressivas para o portf\u00f3lio da seguradora, com destaque para o aquecimento do segmento de mobilidade, especialmente em transportes e frotas, al\u00e9m da crescente demanda por autom\u00f3veis de alto valor. Paralelamente, o executivo ter\u00e1 o desafio de disseminar a cultura do seguro no ecossistema local e estimular carteiras com grande potencial de desenvolvimento, como a prote\u00e7\u00e3o para bicicletas e solu\u00e7\u00f5es especializadas.<\/p>\n<p align=\"justify\">Em sua segunda passagem pela SURA, iniciada h\u00e1 13 anos, Danilo come\u00e7ou na empresa em 2008 como estagi\u00e1rio na \u00e1rea de estat\u00edstica e construiu uma s\u00f3lida jornada t\u00e9cnica e comercial. Com a movimenta\u00e7\u00e3o, o executivo expande seu escopo de atua\u00e7\u00e3o ao acumular a diretoria da Regional Sul com a lideran\u00e7a da Regional S\u00e3o Paulo Interior, posi\u00e7\u00e3o que j\u00e1 ocupava. A gest\u00e3o integrada das duas estruturas busca potencializar sinergias comerciais e operacionais entre polos econ\u00f4micos de alta relev\u00e2ncia no pa\u00eds, de modo a promover a troca de melhores pr\u00e1ticas e ampliar a capilaridade da seguradora.<\/p>\n<p align=\"justify\">&#8220;Assumir essa posi\u00e7\u00e3o \u00e9 um passo conectado ao prop\u00f3sito de estar onde o mercado acontece, com autonomia e presen\u00e7a constante para quem est\u00e1 na ponta, incluindo a subscri\u00e7\u00e3o sob gest\u00e3o das regionais. A regi\u00e3o re\u00fane uma grande for\u00e7a econ\u00f4mica e corretores altamente qualificados&#8221;, afirma Ara\u00fajo. &#8220;O foco \u00e9 consolidar a marca no Sul, estar ainda mais perto dos parceiros, atuar regionalmente, escutar as voca\u00e7\u00f5es locais e entregar solu\u00e7\u00f5es sob medida para frotas, transporte e auto&#8221;, finaliza.<\/p>\n<p align=\"justify\"><strong>Ideal Axicom<\/strong><\/p>\n","protected":false},"excerpt":{"rendered":"<p>A Seguros SURA Brasil, especialista em gest\u00e3o de tend\u00eancias e riscos, anuncia Danilo Ara\u00fajo como seu novo Diretor da Regional Sul. A nomea\u00e7\u00e3o refor\u00e7a a estrat\u00e9gia da companhia de impulsionar o crescimento sustent\u00e1vel no Sul do pa\u00eds, para fortalecer a presen\u00e7a institucional e consolidar parcerias comerciais com os corretores nos estados do Paran\u00e1, Santa Catarina [&hellip;]<\/p>\n","protected":false},"author":2,"featured_media":82896,"comment_status":"open","ping_status":"open","sticky":false,"template":"","format":"standard","meta":[],"categories":[106],"tags":[2663,17608,1842],"jetpack_featured_media_url":"https:\/\/insurancecorp.com.br\/pt\/wp-content\/uploads\/2026\/09\/link-1-e1788270055106.jpeg","yoast_head":"<!-- This site is optimized with the Yoast SEO plugin v14.8 - https:\/\/yoast.com\/wordpress\/plugins\/seo\/ -->\n<title>Seguros SURA Brasil apresenta novo Diretor da Regional Sul | Revista Insurance Corp | PT-BR<\/title>\n<meta name=\"robots\" content=\"index, follow\" \/>\n<meta name=\"googlebot\" content=\"index, follow, max-snippet:-1, max-image-preview:large, max-video-preview:-1\" \/>\n<meta name=\"bingbot\" content=\"index, follow, max-snippet:-1, max-image-preview:large, max-video-preview:-1\" \/>\n<link rel=\"canonical\" href=\"https:\/\/insurancecorp.com.br\/pt\/2026\/09\/01\/seguros-sura-brasil-apresenta-novo-diretor-da-regional-sul\/\" \/>\n<meta property=\"og:locale\" content=\"pt_BR\" \/>\n<meta property=\"og:type\" content=\"article\" \/>\n<meta property=\"og:title\" content=\"Seguros SURA Brasil apresenta novo Diretor da Regional Sul | Revista Insurance Corp | PT-BR\" \/>\n<meta property=\"og:description\" content=\"A Seguros SURA Brasil, especialista em gest\u00e3o de tend\u00eancias e riscos, anuncia Danilo Ara\u00fajo como seu novo Diretor da Regional Sul. A nomea\u00e7\u00e3o refor\u00e7a a estrat\u00e9gia da companhia de impulsionar o crescimento sustent\u00e1vel no Sul do pa\u00eds, para fortalecer a presen\u00e7a institucional e consolidar parcerias comerciais com os corretores nos estados do Paran\u00e1, Santa Catarina [&hellip;]\" \/>\n<meta property=\"og:url\" content=\"https:\/\/insurancecorp.com.br\/pt\/2026\/09\/01\/seguros-sura-brasil-apresenta-novo-diretor-da-regional-sul\/\" \/>\n<meta property=\"og:site_name\" content=\"Revista Insurance Corp | PT-BR\" \/>\n<meta property=\"article:publisher\" content=\"https:\/\/www.facebook.com\/RevistaInsuranceCorp\/\" \/>\n<meta property=\"article:published_time\" content=\"2026-09-01T13:41:53+00:00\" \/>\n<meta property=\"og:image\" content=\"https:\/\/insurancecorp.com.br\/pt\/wp-content\/uploads\/2026\/09\/link-1-e1788270055106.jpeg\" \/>\n\t<meta property=\"og:image:width\" content=\"1365\" \/>\n\t<meta property=\"og:image:height\" content=\"808\" \/>\n<meta name=\"twitter:card\" content=\"summary\" \/>\n<script type=\"application\/ld+json\" class=\"yoast-schema-graph\">{\"@context\":\"https:\/\/schema.org\",\"@graph\":[{\"@type\":\"Organization\",\"@id\":\"https:\/\/insurancecorp.com.br\/pt\/#organization\",\"name\":\"Revista Insurance Corp\",\"url\":\"https:\/\/insurancecorp.com.br\/pt\/\",\"sameAs\":[\"https:\/\/www.facebook.com\/RevistaInsuranceCorp\/\"],\"logo\":{\"@type\":\"ImageObject\",\"@id\":\"https:\/\/insurancecorp.com.br\/pt\/#logo\",\"inLanguage\":\"pt-BR\",\"url\":\"\",\"caption\":\"Revista Insurance Corp\"},\"image\":{\"@id\":\"https:\/\/insurancecorp.com.br\/pt\/#logo\"}},{\"@type\":\"WebSite\",\"@id\":\"https:\/\/insurancecorp.com.br\/pt\/#website\",\"url\":\"https:\/\/insurancecorp.com.br\/pt\/\",\"name\":\"Revista Insurance Corp | PT-BR\",\"description\":\"A \\u00fanica revista bil\\u00edngue voltada ao mercado de seguro.\",\"publisher\":{\"@id\":\"https:\/\/insurancecorp.com.br\/pt\/#organization\"},\"potentialAction\":[{\"@type\":\"SearchAction\",\"target\":\"https:\/\/insurancecorp.com.br\/pt\/?s={search_term_string}\",\"query-input\":\"required name=search_term_string\"}],\"inLanguage\":\"pt-BR\"},{\"@type\":\"ImageObject\",\"@id\":\"https:\/\/insurancecorp.com.br\/pt\/2026\/09\/01\/seguros-sura-brasil-apresenta-novo-diretor-da-regional-sul\/#primaryimage\",\"inLanguage\":\"pt-BR\",\"url\":\"https:\/\/insurancecorp.com.br\/pt\/wp-content\/uploads\/2026\/09\/link-1-e1788270055106.jpeg\",\"width\":1365,\"height\":808},{\"@type\":\"WebPage\",\"@id\":\"https:\/\/insurancecorp.com.br\/pt\/2026\/09\/01\/seguros-sura-brasil-apresenta-novo-diretor-da-regional-sul\/#webpage\",\"url\":\"https:\/\/insurancecorp.com.br\/pt\/2026\/09\/01\/seguros-sura-brasil-apresenta-novo-diretor-da-regional-sul\/\",\"name\":\"Seguros SURA Brasil apresenta novo Diretor da Regional Sul | Revista Insurance Corp | PT-BR\",\"isPartOf\":{\"@id\":\"https:\/\/insurancecorp.com.br\/pt\/#website\"},\"primaryImageOfPage\":{\"@id\":\"https:\/\/insurancecorp.com.br\/pt\/2026\/09\/01\/seguros-sura-brasil-apresenta-novo-diretor-da-regional-sul\/#primaryimage\"},\"datePublished\":\"2026-09-01T13:41:53+00:00\",\"dateModified\":\"2026-09-01T13:41:53+00:00\",\"inLanguage\":\"pt-BR\",\"potentialAction\":[{\"@type\":\"ReadAction\",\"target\":[\"https:\/\/insurancecorp.com.br\/pt\/2026\/09\/01\/seguros-sura-brasil-apresenta-novo-diretor-da-regional-sul\/\"]}]},{\"@type\":\"Article\",\"@id\":\"https:\/\/insurancecorp.com.br\/pt\/2026\/09\/01\/seguros-sura-brasil-apresenta-novo-diretor-da-regional-sul\/#article\",\"isPartOf\":{\"@id\":\"https:\/\/insurancecorp.com.br\/pt\/2026\/09\/01\/seguros-sura-brasil-apresenta-novo-diretor-da-regional-sul\/#webpage\"},\"author\":{\"@id\":\"https:\/\/insurancecorp.com.br\/pt\/#\/schema\/person\/1b69c8cf325f0b7167f1b171f52df4af\"},\"headline\":\"Seguros SURA Brasil apresenta novo Diretor da Regional Sul\",\"datePublished\":\"2026-09-01T13:41:53+00:00\",\"dateModified\":\"2026-09-01T13:41:53+00:00\",\"mainEntityOfPage\":{\"@id\":\"https:\/\/insurancecorp.com.br\/pt\/2026\/09\/01\/seguros-sura-brasil-apresenta-novo-diretor-da-regional-sul\/#webpage\"},\"commentCount\":0,\"publisher\":{\"@id\":\"https:\/\/insurancecorp.com.br\/pt\/#organization\"},\"image\":{\"@id\":\"https:\/\/insurancecorp.com.br\/pt\/2026\/09\/01\/seguros-sura-brasil-apresenta-novo-diretor-da-regional-sul\/#primaryimage\"},\"keywords\":\"novo diretor,Regional Sul,Seguros Sura\",\"articleSection\":\"Sura\",\"inLanguage\":\"pt-BR\",\"potentialAction\":[{\"@type\":\"CommentAction\",\"name\":\"Comment\",\"target\":[\"https:\/\/insurancecorp.com.br\/pt\/2026\/09\/01\/seguros-sura-brasil-apresenta-novo-diretor-da-regional-sul\/#respond\"]}]},{\"@type\":\"Person\",\"@id\":\"https:\/\/insurancecorp.com.br\/pt\/#\/schema\/person\/1b69c8cf325f0b7167f1b171f52df4af\",\"name\":\"Publica\\u00e7\\u00e3o\",\"image\":{\"@type\":\"ImageObject\",\"@id\":\"https:\/\/insurancecorp.com.br\/pt\/#personlogo\",\"inLanguage\":\"pt-BR\",\"url\":\"https:\/\/secure.gravatar.com\/avatar\/17226f1f60486eb25d4c6b301ffed37f?s=96&d=mm&r=g\",\"caption\":\"Publica\\u00e7\\u00e3o\"}}]}<\/script>\n<!-- \/ Yoast SEO plugin. -->","_links":{"self":[{"href":"https:\/\/insurancecorp.com.br\/pt\/wp-json\/wp\/v2\/posts\/82893"}],"collection":[{"href":"https:\/\/insurancecorp.com.br\/pt\/wp-json\/wp\/v2\/posts"}],"about":[{"href":"https:\/\/insurancecorp.com.br\/pt\/wp-json\/wp\/v2\/types\/post"}],"author":[{"embeddable":true,"href":"https:\/\/insurancecorp.com.br\/pt\/wp-json\/wp\/v2\/users\/2"}],"replies":[{"embeddable":true,"href":"https:\/\/insurancecorp.com.br\/pt\/wp-json\/wp\/v2\/comments?post=82893"}],"version-history":[{"count":1,"href":"https:\/\/insurancecorp.com.br\/pt\/wp-json\/wp\/v2\/posts\/82893\/revisions"}],"predecessor-version":[{"id":82897,"href":"https:\/\/insurancecorp.com.br\/pt\/wp-json\/wp\/v2\/posts\/82893\/revisions\/82897"}],"wp:featuredmedia":[{"embeddable":true,"href":"https:\/\/insurancecorp.com.br\/pt\/wp-json\/wp\/v2\/media\/82896"}],"wp:attachment":[{"href":"https:\/\/insurancecorp.com.br\/pt\/wp-json\/wp\/v2\/media?parent=82893"}],"wp:term":[{"taxonomy":"category","embeddable":true,"href":"https:\/\/insurancecorp.com.br\/pt\/wp-json\/wp\/v2\/categories?post=82893"},{"taxonomy":"post_tag","embeddable":true,"href":"https:\/\/insurancecorp.com.br\/pt\/wp-json\/wp\/v2\/tags?post=82893"}],"curies":[{"name":"wp","href":"https:\/\/api.w.org\/{rel}","templated":true}]}}