{"id":82881,"date":"2026-09-01T10:26:15","date_gmt":"2026-09-01T13:26:15","guid":{"rendered":"https:\/\/insurancecorp.com.br\/pt\/?p=82881"},"modified":"2026-09-01T10:26:15","modified_gmt":"2026-09-01T13:26:15","slug":"gboex-lanca-campanha-de-comunicacao-no-mes-farroupilha","status":"publish","type":"post","link":"https:\/\/insurancecorp.com.br\/pt\/2026\/09\/01\/gboex-lanca-campanha-de-comunicacao-no-mes-farroupilha\/","title":{"rendered":"GBOEX lan\u00e7a campanha de comunica\u00e7\u00e3o no M\u00eas Farroupilha"},"content":{"rendered":"<p align=\"justify\">\u201cUma marca genuinamente ga\u00facha\u201d. As ra\u00edzes da funda\u00e7\u00e3o do GBOEX, criado h\u00e1 mais de um s\u00e9culo, em Porto Alegre, s\u00e3o o mote da campanha de comunica\u00e7\u00e3o proposta para o m\u00eas de setembro. A iniciativa ocupa o trajeto que leva para o Acampamento Farroupilha, no Parque Harmonia (Parque Maur\u00edcio Sirotsky Sobrinho), na capital do Rio Grande do Sul.<\/p>\n<p align=\"justify\">No m\u00eas em que se celebra a cultura do Estado que \u00e9 sede da empresa, o GBOEX destaca a tradi\u00e7\u00e3o e a personalidade aguerrida dos ga\u00fachos. Por meio de um circuito composto por painel digital e totens, a entidade leva a mensagem da import\u00e2ncia da prote\u00e7\u00e3o das fam\u00edlias e do futuro ao contar com o apoio do GBOEX. A identidade visual segue padr\u00f5es das cores da bandeira e o formato do mapa do Rio Grande do Sul.<\/p>\n<p align=\"justify\">\u201cO GBOEX sempre celebrou a sua hist\u00f3ria com orgulho. Estar ao lado do nosso povo neste momento de valoriza\u00e7\u00e3o das tradi\u00e7\u00f5es tamb\u00e9m significa enaltecer nossos valores de neg\u00f3cios\u201d, resume a gerente de Produtos, Intelig\u00eancia de Mercado e Marketing, Let\u00edcia Vaz.<\/p>\n<p align=\"justify\">A empresa completou 113 anos em maio \u00faltimo, \u00e9 especialista em previd\u00eancia de risco e produtos combinados com seguro de pessoas, e est\u00e1 presente em todo o pa\u00eds por meio de unidades de neg\u00f3cios e pontos de atendimento situados em diferentes localidades.<\/p>\n<p align=\"justify\"><strong>Ampliare Comunica\u00e7\u00e3o<\/strong><\/p>\n","protected":false},"excerpt":{"rendered":"<p>\u201cUma marca genuinamente ga\u00facha\u201d. As ra\u00edzes da funda\u00e7\u00e3o do GBOEX, criado h\u00e1 mais de um s\u00e9culo, em Porto Alegre, s\u00e3o o mote da campanha de comunica\u00e7\u00e3o proposta para o m\u00eas de setembro. A iniciativa ocupa o trajeto que leva para o Acampamento Farroupilha, no Parque Harmonia (Parque Maur\u00edcio Sirotsky Sobrinho), na capital do Rio Grande [&hellip;]<\/p>\n","protected":false},"author":2,"featured_media":82883,"comment_status":"open","ping_status":"open","sticky":false,"template":"","format":"standard","meta":[],"categories":[991],"tags":[7831,992,17606],"jetpack_featured_media_url":"https:\/\/insurancecorp.com.br\/pt\/wp-content\/uploads\/2026\/09\/Imagem-pauta-02.png","yoast_head":"<!-- This site is optimized with the Yoast SEO plugin v14.8 - https:\/\/yoast.com\/wordpress\/plugins\/seo\/ -->\n<title>GBOEX lan\u00e7a campanha de comunica\u00e7\u00e3o no M\u00eas Farroupilha | Revista Insurance Corp | PT-BR<\/title>\n<meta name=\"robots\" content=\"index, follow\" \/>\n<meta name=\"googlebot\" content=\"index, follow, max-snippet:-1, max-image-preview:large, max-video-preview:-1\" \/>\n<meta name=\"bingbot\" content=\"index, follow, max-snippet:-1, max-image-preview:large, max-video-preview:-1\" \/>\n<link rel=\"canonical\" href=\"https:\/\/insurancecorp.com.br\/pt\/2026\/09\/01\/gboex-lanca-campanha-de-comunicacao-no-mes-farroupilha\/\" \/>\n<meta property=\"og:locale\" content=\"pt_BR\" \/>\n<meta property=\"og:type\" content=\"article\" \/>\n<meta property=\"og:title\" content=\"GBOEX lan\u00e7a campanha de comunica\u00e7\u00e3o no M\u00eas Farroupilha | Revista Insurance Corp | PT-BR\" \/>\n<meta property=\"og:description\" content=\"\u201cUma marca genuinamente ga\u00facha\u201d. As ra\u00edzes da funda\u00e7\u00e3o do GBOEX, criado h\u00e1 mais de um s\u00e9culo, em Porto Alegre, s\u00e3o o mote da campanha de comunica\u00e7\u00e3o proposta para o m\u00eas de setembro. A iniciativa ocupa o trajeto que leva para o Acampamento Farroupilha, no Parque Harmonia (Parque Maur\u00edcio Sirotsky Sobrinho), na capital do Rio Grande [&hellip;]\" \/>\n<meta property=\"og:url\" content=\"https:\/\/insurancecorp.com.br\/pt\/2026\/09\/01\/gboex-lanca-campanha-de-comunicacao-no-mes-farroupilha\/\" \/>\n<meta property=\"og:site_name\" content=\"Revista Insurance Corp | PT-BR\" \/>\n<meta property=\"article:publisher\" content=\"https:\/\/www.facebook.com\/RevistaInsuranceCorp\/\" \/>\n<meta property=\"article:published_time\" content=\"2026-09-01T13:26:15+00:00\" \/>\n<meta property=\"og:image\" content=\"https:\/\/insurancecorp.com.br\/pt\/wp-content\/uploads\/2026\/09\/Imagem-pauta-02-1024x576.png\" \/>\n\t<meta property=\"og:image:width\" content=\"1024\" \/>\n\t<meta property=\"og:image:height\" content=\"576\" \/>\n<meta name=\"twitter:card\" content=\"summary\" \/>\n<script type=\"application\/ld+json\" class=\"yoast-schema-graph\">{\"@context\":\"https:\/\/schema.org\",\"@graph\":[{\"@type\":\"Organization\",\"@id\":\"https:\/\/insurancecorp.com.br\/pt\/#organization\",\"name\":\"Revista Insurance Corp\",\"url\":\"https:\/\/insurancecorp.com.br\/pt\/\",\"sameAs\":[\"https:\/\/www.facebook.com\/RevistaInsuranceCorp\/\"],\"logo\":{\"@type\":\"ImageObject\",\"@id\":\"https:\/\/insurancecorp.com.br\/pt\/#logo\",\"inLanguage\":\"pt-BR\",\"url\":\"\",\"caption\":\"Revista Insurance Corp\"},\"image\":{\"@id\":\"https:\/\/insurancecorp.com.br\/pt\/#logo\"}},{\"@type\":\"WebSite\",\"@id\":\"https:\/\/insurancecorp.com.br\/pt\/#website\",\"url\":\"https:\/\/insurancecorp.com.br\/pt\/\",\"name\":\"Revista Insurance Corp | PT-BR\",\"description\":\"A \\u00fanica revista bil\\u00edngue voltada ao mercado de seguro.\",\"publisher\":{\"@id\":\"https:\/\/insurancecorp.com.br\/pt\/#organization\"},\"potentialAction\":[{\"@type\":\"SearchAction\",\"target\":\"https:\/\/insurancecorp.com.br\/pt\/?s={search_term_string}\",\"query-input\":\"required name=search_term_string\"}],\"inLanguage\":\"pt-BR\"},{\"@type\":\"ImageObject\",\"@id\":\"https:\/\/insurancecorp.com.br\/pt\/2026\/09\/01\/gboex-lanca-campanha-de-comunicacao-no-mes-farroupilha\/#primaryimage\",\"inLanguage\":\"pt-BR\",\"url\":\"https:\/\/insurancecorp.com.br\/pt\/wp-content\/uploads\/2026\/09\/Imagem-pauta-02.png\",\"width\":1920,\"height\":1080},{\"@type\":\"WebPage\",\"@id\":\"https:\/\/insurancecorp.com.br\/pt\/2026\/09\/01\/gboex-lanca-campanha-de-comunicacao-no-mes-farroupilha\/#webpage\",\"url\":\"https:\/\/insurancecorp.com.br\/pt\/2026\/09\/01\/gboex-lanca-campanha-de-comunicacao-no-mes-farroupilha\/\",\"name\":\"GBOEX lan\\u00e7a campanha de comunica\\u00e7\\u00e3o no M\\u00eas Farroupilha | Revista Insurance Corp | PT-BR\",\"isPartOf\":{\"@id\":\"https:\/\/insurancecorp.com.br\/pt\/#website\"},\"primaryImageOfPage\":{\"@id\":\"https:\/\/insurancecorp.com.br\/pt\/2026\/09\/01\/gboex-lanca-campanha-de-comunicacao-no-mes-farroupilha\/#primaryimage\"},\"datePublished\":\"2026-09-01T13:26:15+00:00\",\"dateModified\":\"2026-09-01T13:26:15+00:00\",\"inLanguage\":\"pt-BR\",\"potentialAction\":[{\"@type\":\"ReadAction\",\"target\":[\"https:\/\/insurancecorp.com.br\/pt\/2026\/09\/01\/gboex-lanca-campanha-de-comunicacao-no-mes-farroupilha\/\"]}]},{\"@type\":\"Article\",\"@id\":\"https:\/\/insurancecorp.com.br\/pt\/2026\/09\/01\/gboex-lanca-campanha-de-comunicacao-no-mes-farroupilha\/#article\",\"isPartOf\":{\"@id\":\"https:\/\/insurancecorp.com.br\/pt\/2026\/09\/01\/gboex-lanca-campanha-de-comunicacao-no-mes-farroupilha\/#webpage\"},\"author\":{\"@id\":\"https:\/\/insurancecorp.com.br\/pt\/#\/schema\/person\/1b69c8cf325f0b7167f1b171f52df4af\"},\"headline\":\"GBOEX lan\\u00e7a campanha de comunica\\u00e7\\u00e3o no M\\u00eas Farroupilha\",\"datePublished\":\"2026-09-01T13:26:15+00:00\",\"dateModified\":\"2026-09-01T13:26:15+00:00\",\"mainEntityOfPage\":{\"@id\":\"https:\/\/insurancecorp.com.br\/pt\/2026\/09\/01\/gboex-lanca-campanha-de-comunicacao-no-mes-farroupilha\/#webpage\"},\"commentCount\":0,\"publisher\":{\"@id\":\"https:\/\/insurancecorp.com.br\/pt\/#organization\"},\"image\":{\"@id\":\"https:\/\/insurancecorp.com.br\/pt\/2026\/09\/01\/gboex-lanca-campanha-de-comunicacao-no-mes-farroupilha\/#primaryimage\"},\"keywords\":\"comunica\\u00e7\\u00e3o,GBOEX,M\\u00eas Farroupilha\",\"articleSection\":\"GBOEX\",\"inLanguage\":\"pt-BR\",\"potentialAction\":[{\"@type\":\"CommentAction\",\"name\":\"Comment\",\"target\":[\"https:\/\/insurancecorp.com.br\/pt\/2026\/09\/01\/gboex-lanca-campanha-de-comunicacao-no-mes-farroupilha\/#respond\"]}]},{\"@type\":\"Person\",\"@id\":\"https:\/\/insurancecorp.com.br\/pt\/#\/schema\/person\/1b69c8cf325f0b7167f1b171f52df4af\",\"name\":\"Publica\\u00e7\\u00e3o\",\"image\":{\"@type\":\"ImageObject\",\"@id\":\"https:\/\/insurancecorp.com.br\/pt\/#personlogo\",\"inLanguage\":\"pt-BR\",\"url\":\"https:\/\/secure.gravatar.com\/avatar\/17226f1f60486eb25d4c6b301ffed37f?s=96&d=mm&r=g\",\"caption\":\"Publica\\u00e7\\u00e3o\"}}]}<\/script>\n<!-- \/ Yoast SEO plugin. -->","_links":{"self":[{"href":"https:\/\/insurancecorp.com.br\/pt\/wp-json\/wp\/v2\/posts\/82881"}],"collection":[{"href":"https:\/\/insurancecorp.com.br\/pt\/wp-json\/wp\/v2\/posts"}],"about":[{"href":"https:\/\/insurancecorp.com.br\/pt\/wp-json\/wp\/v2\/types\/post"}],"author":[{"embeddable":true,"href":"https:\/\/insurancecorp.com.br\/pt\/wp-json\/wp\/v2\/users\/2"}],"replies":[{"embeddable":true,"href":"https:\/\/insurancecorp.com.br\/pt\/wp-json\/wp\/v2\/comments?post=82881"}],"version-history":[{"count":1,"href":"https:\/\/insurancecorp.com.br\/pt\/wp-json\/wp\/v2\/posts\/82881\/revisions"}],"predecessor-version":[{"id":82885,"href":"https:\/\/insurancecorp.com.br\/pt\/wp-json\/wp\/v2\/posts\/82881\/revisions\/82885"}],"wp:featuredmedia":[{"embeddable":true,"href":"https:\/\/insurancecorp.com.br\/pt\/wp-json\/wp\/v2\/media\/82883"}],"wp:attachment":[{"href":"https:\/\/insurancecorp.com.br\/pt\/wp-json\/wp\/v2\/media?parent=82881"}],"wp:term":[{"taxonomy":"category","embeddable":true,"href":"https:\/\/insurancecorp.com.br\/pt\/wp-json\/wp\/v2\/categories?post=82881"},{"taxonomy":"post_tag","embeddable":true,"href":"https:\/\/insurancecorp.com.br\/pt\/wp-json\/wp\/v2\/tags?post=82881"}],"curies":[{"name":"wp","href":"https:\/\/api.w.org\/{rel}","templated":true}]}}