{"id":82880,"date":"2026-09-01T10:26:02","date_gmt":"2026-09-01T13:26:02","guid":{"rendered":"https:\/\/insurancecorp.com.br\/pt\/?p=82880"},"modified":"2026-09-01T10:26:02","modified_gmt":"2026-09-01T13:26:02","slug":"pansera-defende-colaboracao-entre-corretores-para-ampliar-negocios-durante-congresso-no-rio","status":"publish","type":"post","link":"https:\/\/insurancecorp.com.br\/pt\/2026\/09\/01\/pansera-defende-colaboracao-entre-corretores-para-ampliar-negocios-durante-congresso-no-rio\/","title":{"rendered":"Pansera defende colabora\u00e7\u00e3o entre corretores para ampliar neg\u00f3cios durante Congresso no Rio"},"content":{"rendered":"<p align=\"justify\">O corretor de seguros n\u00e3o precisa conhecer profundamente todos os segmentos do mercado, mas precisa saber a quem recorrer quando surgir uma oportunidade fora de sua especialidade. A reflex\u00e3o \u00e9 de Ricardo Pansera, presidente da Pansera Corretora de Seguros, durante o 24\u00ba Congresso Brasileiro dos Corretores de Seguros, realizado entre os dias 27 e 29 de agosto, no Rio de Janeiro.<\/p>\n<p align=\"justify\">Promovido pela Fenacor, o evento re\u00fane corretores, seguradoras, prestadores de servi\u00e7os e lideran\u00e7as de diferentes regi\u00f5es do pa\u00eds. Para Pansera, al\u00e9m de apresentar tend\u00eancias e aproximar os profissionais das companhias, o Congresso oferece um ambiente especialmente favor\u00e1vel \u00e0 forma\u00e7\u00e3o de conex\u00f5es que podem se transformar em novos neg\u00f3cios.<\/p>\n<p align=\"justify\">&#8220;Sem a presen\u00e7a e a for\u00e7a do corretor de seguros, um evento dessa grandeza n\u00e3o acontece. \u00c9 uma oportunidade \u00edmpar de mostrar n\u00e3o apenas para o mercado, mas especialmente para o consumidor e para a sociedade, o quanto o seguro \u00e9 importante para proteger a vida das pessoas, seus bens, sua sa\u00fade e suas conquistas&#8221;, afirma.<\/p>\n<p align=\"justify\">Em um mercado com produtos e riscos cada vez mais diversos, Pansera considera pouco realista esperar que um \u00fanico profissional domine todas as \u00e1reas. Na pr\u00e1tica, uma demanda por seguro aeron\u00e1utico, rural, empresarial ou de responsabilidade civil, por exemplo, pode exigir conhecimentos que n\u00e3o fazem parte da rotina daquele corretor.<\/p>\n<p align=\"justify\">Em vez de recusar a oportunidade ou tentar conduzi-la sem o dom\u00ednio necess\u00e1rio, ele recomenda buscar o apoio de profissionais especializados.<\/p>\n<p align=\"justify\">&#8220;Se voc\u00ea \u00e9 especialista em alguns segmentos e surge um neg\u00f3cio que n\u00e3o domina, n\u00e3o hesite em procurar um parceiro. A partir dessa rela\u00e7\u00e3o, \u00e9 poss\u00edvel buscar o neg\u00f3cio em conjunto. Isso pode ser o embri\u00e3o de uma parceria muito mais promissora&#8221;, orienta.<\/p>\n<p align=\"justify\">A colabora\u00e7\u00e3o tamb\u00e9m tende a gerar reciprocidade. Quem contribui com sua experi\u00eancia em determinado ramo pode procurar o outro profissional quando encontrar uma demanda que exija conhecimentos diferentes. Dessa forma, os corretores preservam oportunidades, ampliam sua capacidade de atendimento e entregam uma orienta\u00e7\u00e3o mais qualificada ao consumidor.<\/p>\n<p align=\"justify\">Para Pansera, encontros como o Congresso ajudam a criar essas pontes e demonstram que a coopera\u00e7\u00e3o n\u00e3o reduz o espa\u00e7o de nenhum profissional. Ao contr\u00e1rio: permite reunir compet\u00eancias, acessar novos mercados e levar solu\u00e7\u00f5es de prote\u00e7\u00e3o a um n\u00famero maior de pessoas.<\/p>\n<p align=\"justify\"><strong>B26 Comunica\u00e7\u00e3o<\/strong><\/p>\n","protected":false},"excerpt":{"rendered":"<p>O corretor de seguros n\u00e3o precisa conhecer profundamente todos os segmentos do mercado, mas precisa saber a quem recorrer quando surgir uma oportunidade fora de sua especialidade. A reflex\u00e3o \u00e9 de Ricardo Pansera, presidente da Pansera Corretora de Seguros, durante o 24\u00ba Congresso Brasileiro dos Corretores de Seguros, realizado entre os dias 27 e 29 [&hellip;]<\/p>\n","protected":false},"author":2,"featured_media":82882,"comment_status":"open","ping_status":"open","sticky":false,"template":"","format":"standard","meta":[],"categories":[130],"tags":[5703,17605,17604],"jetpack_featured_media_url":"https:\/\/insurancecorp.com.br\/pt\/wp-content\/uploads\/2026\/09\/Credito-Filipe-Tedesco.jpg","yoast_head":"<!-- This site is optimized with the Yoast SEO plugin v14.8 - https:\/\/yoast.com\/wordpress\/plugins\/seo\/ -->\n<title>Pansera defende colabora\u00e7\u00e3o entre corretores para ampliar neg\u00f3cios durante Congresso no Rio | Revista Insurance Corp | PT-BR<\/title>\n<meta name=\"robots\" content=\"index, follow\" \/>\n<meta name=\"googlebot\" content=\"index, follow, max-snippet:-1, max-image-preview:large, max-video-preview:-1\" \/>\n<meta name=\"bingbot\" content=\"index, follow, max-snippet:-1, max-image-preview:large, max-video-preview:-1\" \/>\n<link rel=\"canonical\" href=\"https:\/\/insurancecorp.com.br\/pt\/2026\/09\/01\/pansera-defende-colaboracao-entre-corretores-para-ampliar-negocios-durante-congresso-no-rio\/\" \/>\n<meta property=\"og:locale\" content=\"pt_BR\" \/>\n<meta property=\"og:type\" content=\"article\" \/>\n<meta property=\"og:title\" content=\"Pansera defende colabora\u00e7\u00e3o entre corretores para ampliar neg\u00f3cios durante Congresso no Rio | Revista Insurance Corp | PT-BR\" \/>\n<meta property=\"og:description\" content=\"O corretor de seguros n\u00e3o precisa conhecer profundamente todos os segmentos do mercado, mas precisa saber a quem recorrer quando surgir uma oportunidade fora de sua especialidade. A reflex\u00e3o \u00e9 de Ricardo Pansera, presidente da Pansera Corretora de Seguros, durante o 24\u00ba Congresso Brasileiro dos Corretores de Seguros, realizado entre os dias 27 e 29 [&hellip;]\" \/>\n<meta property=\"og:url\" content=\"https:\/\/insurancecorp.com.br\/pt\/2026\/09\/01\/pansera-defende-colaboracao-entre-corretores-para-ampliar-negocios-durante-congresso-no-rio\/\" \/>\n<meta property=\"og:site_name\" content=\"Revista Insurance Corp | PT-BR\" \/>\n<meta property=\"article:publisher\" content=\"https:\/\/www.facebook.com\/RevistaInsuranceCorp\/\" \/>\n<meta property=\"article:published_time\" content=\"2026-09-01T13:26:02+00:00\" \/>\n<meta property=\"og:image\" content=\"https:\/\/insurancecorp.com.br\/pt\/wp-content\/uploads\/2026\/09\/Credito-Filipe-Tedesco.jpg\" \/>\n\t<meta property=\"og:image:width\" content=\"1600\" \/>\n\t<meta property=\"og:image:height\" content=\"1066\" \/>\n<meta name=\"twitter:card\" content=\"summary\" \/>\n<script type=\"application\/ld+json\" class=\"yoast-schema-graph\">{\"@context\":\"https:\/\/schema.org\",\"@graph\":[{\"@type\":\"Organization\",\"@id\":\"https:\/\/insurancecorp.com.br\/pt\/#organization\",\"name\":\"Revista Insurance Corp\",\"url\":\"https:\/\/insurancecorp.com.br\/pt\/\",\"sameAs\":[\"https:\/\/www.facebook.com\/RevistaInsuranceCorp\/\"],\"logo\":{\"@type\":\"ImageObject\",\"@id\":\"https:\/\/insurancecorp.com.br\/pt\/#logo\",\"inLanguage\":\"pt-BR\",\"url\":\"\",\"caption\":\"Revista Insurance Corp\"},\"image\":{\"@id\":\"https:\/\/insurancecorp.com.br\/pt\/#logo\"}},{\"@type\":\"WebSite\",\"@id\":\"https:\/\/insurancecorp.com.br\/pt\/#website\",\"url\":\"https:\/\/insurancecorp.com.br\/pt\/\",\"name\":\"Revista Insurance Corp | PT-BR\",\"description\":\"A \\u00fanica revista bil\\u00edngue voltada ao mercado de seguro.\",\"publisher\":{\"@id\":\"https:\/\/insurancecorp.com.br\/pt\/#organization\"},\"potentialAction\":[{\"@type\":\"SearchAction\",\"target\":\"https:\/\/insurancecorp.com.br\/pt\/?s={search_term_string}\",\"query-input\":\"required name=search_term_string\"}],\"inLanguage\":\"pt-BR\"},{\"@type\":\"ImageObject\",\"@id\":\"https:\/\/insurancecorp.com.br\/pt\/2026\/09\/01\/pansera-defende-colaboracao-entre-corretores-para-ampliar-negocios-durante-congresso-no-rio\/#primaryimage\",\"inLanguage\":\"pt-BR\",\"url\":\"https:\/\/insurancecorp.com.br\/pt\/wp-content\/uploads\/2026\/09\/Credito-Filipe-Tedesco.jpg\",\"width\":1600,\"height\":1066},{\"@type\":\"WebPage\",\"@id\":\"https:\/\/insurancecorp.com.br\/pt\/2026\/09\/01\/pansera-defende-colaboracao-entre-corretores-para-ampliar-negocios-durante-congresso-no-rio\/#webpage\",\"url\":\"https:\/\/insurancecorp.com.br\/pt\/2026\/09\/01\/pansera-defende-colaboracao-entre-corretores-para-ampliar-negocios-durante-congresso-no-rio\/\",\"name\":\"Pansera defende colabora\\u00e7\\u00e3o entre corretores para ampliar neg\\u00f3cios durante Congresso no Rio | Revista Insurance Corp | PT-BR\",\"isPartOf\":{\"@id\":\"https:\/\/insurancecorp.com.br\/pt\/#website\"},\"primaryImageOfPage\":{\"@id\":\"https:\/\/insurancecorp.com.br\/pt\/2026\/09\/01\/pansera-defende-colaboracao-entre-corretores-para-ampliar-negocios-durante-congresso-no-rio\/#primaryimage\"},\"datePublished\":\"2026-09-01T13:26:02+00:00\",\"dateModified\":\"2026-09-01T13:26:02+00:00\",\"inLanguage\":\"pt-BR\",\"potentialAction\":[{\"@type\":\"ReadAction\",\"target\":[\"https:\/\/insurancecorp.com.br\/pt\/2026\/09\/01\/pansera-defende-colaboracao-entre-corretores-para-ampliar-negocios-durante-congresso-no-rio\/\"]}]},{\"@type\":\"Article\",\"@id\":\"https:\/\/insurancecorp.com.br\/pt\/2026\/09\/01\/pansera-defende-colaboracao-entre-corretores-para-ampliar-negocios-durante-congresso-no-rio\/#article\",\"isPartOf\":{\"@id\":\"https:\/\/insurancecorp.com.br\/pt\/2026\/09\/01\/pansera-defende-colaboracao-entre-corretores-para-ampliar-negocios-durante-congresso-no-rio\/#webpage\"},\"author\":{\"@id\":\"https:\/\/insurancecorp.com.br\/pt\/#\/schema\/person\/1b69c8cf325f0b7167f1b171f52df4af\"},\"headline\":\"Pansera defende colabora\\u00e7\\u00e3o entre corretores para ampliar neg\\u00f3cios durante Congresso no Rio\",\"datePublished\":\"2026-09-01T13:26:02+00:00\",\"dateModified\":\"2026-09-01T13:26:02+00:00\",\"mainEntityOfPage\":{\"@id\":\"https:\/\/insurancecorp.com.br\/pt\/2026\/09\/01\/pansera-defende-colaboracao-entre-corretores-para-ampliar-negocios-durante-congresso-no-rio\/#webpage\"},\"commentCount\":0,\"publisher\":{\"@id\":\"https:\/\/insurancecorp.com.br\/pt\/#organization\"},\"image\":{\"@id\":\"https:\/\/insurancecorp.com.br\/pt\/2026\/09\/01\/pansera-defende-colaboracao-entre-corretores-para-ampliar-negocios-durante-congresso-no-rio\/#primaryimage\"},\"keywords\":\"colabora\\u00e7\\u00e3o,Congresso no Rio,Pansera\",\"articleSection\":\"Diversos\",\"inLanguage\":\"pt-BR\",\"potentialAction\":[{\"@type\":\"CommentAction\",\"name\":\"Comment\",\"target\":[\"https:\/\/insurancecorp.com.br\/pt\/2026\/09\/01\/pansera-defende-colaboracao-entre-corretores-para-ampliar-negocios-durante-congresso-no-rio\/#respond\"]}]},{\"@type\":\"Person\",\"@id\":\"https:\/\/insurancecorp.com.br\/pt\/#\/schema\/person\/1b69c8cf325f0b7167f1b171f52df4af\",\"name\":\"Publica\\u00e7\\u00e3o\",\"image\":{\"@type\":\"ImageObject\",\"@id\":\"https:\/\/insurancecorp.com.br\/pt\/#personlogo\",\"inLanguage\":\"pt-BR\",\"url\":\"https:\/\/secure.gravatar.com\/avatar\/17226f1f60486eb25d4c6b301ffed37f?s=96&d=mm&r=g\",\"caption\":\"Publica\\u00e7\\u00e3o\"}}]}<\/script>\n<!-- \/ Yoast SEO plugin. -->","_links":{"self":[{"href":"https:\/\/insurancecorp.com.br\/pt\/wp-json\/wp\/v2\/posts\/82880"}],"collection":[{"href":"https:\/\/insurancecorp.com.br\/pt\/wp-json\/wp\/v2\/posts"}],"about":[{"href":"https:\/\/insurancecorp.com.br\/pt\/wp-json\/wp\/v2\/types\/post"}],"author":[{"embeddable":true,"href":"https:\/\/insurancecorp.com.br\/pt\/wp-json\/wp\/v2\/users\/2"}],"replies":[{"embeddable":true,"href":"https:\/\/insurancecorp.com.br\/pt\/wp-json\/wp\/v2\/comments?post=82880"}],"version-history":[{"count":1,"href":"https:\/\/insurancecorp.com.br\/pt\/wp-json\/wp\/v2\/posts\/82880\/revisions"}],"predecessor-version":[{"id":82884,"href":"https:\/\/insurancecorp.com.br\/pt\/wp-json\/wp\/v2\/posts\/82880\/revisions\/82884"}],"wp:featuredmedia":[{"embeddable":true,"href":"https:\/\/insurancecorp.com.br\/pt\/wp-json\/wp\/v2\/media\/82882"}],"wp:attachment":[{"href":"https:\/\/insurancecorp.com.br\/pt\/wp-json\/wp\/v2\/media?parent=82880"}],"wp:term":[{"taxonomy":"category","embeddable":true,"href":"https:\/\/insurancecorp.com.br\/pt\/wp-json\/wp\/v2\/categories?post=82880"},{"taxonomy":"post_tag","embeddable":true,"href":"https:\/\/insurancecorp.com.br\/pt\/wp-json\/wp\/v2\/tags?post=82880"}],"curies":[{"name":"wp","href":"https:\/\/api.w.org\/{rel}","templated":true}]}}