{"id":82875,"date":"2026-09-01T10:18:56","date_gmt":"2026-09-01T13:18:56","guid":{"rendered":"https:\/\/insurancecorp.com.br\/pt\/?p=82875"},"modified":"2026-09-01T10:18:56","modified_gmt":"2026-09-01T13:18:56","slug":"mapfre-leva-solucoes-para-diversificacao-de-negocios-ao-congresso-da-fenacor","status":"publish","type":"post","link":"https:\/\/insurancecorp.com.br\/pt\/2026\/09\/01\/mapfre-leva-solucoes-para-diversificacao-de-negocios-ao-congresso-da-fenacor\/","title":{"rendered":"Mapfre leva solu\u00e7\u00f5es para diversifica\u00e7\u00e3o de neg\u00f3cios ao Congresso da Fenacor"},"content":{"rendered":"<p align=\"justify\">A gera\u00e7\u00e3o de neg\u00f3cios e a aproxima\u00e7\u00e3o com os corretores deram o tom da participa\u00e7\u00e3o da Mapfre no <strong>24\u00ba Congresso Brasileiro dos Corretores de Seguros<\/strong>, encerrado neste s\u00e1bado (29), no Rio de Janeiro. Durante os tr\u00eas dias de evento, a companhia trouxe ativa\u00e7\u00f5es e uma agenda robusta junto aos profissionais de diferentes regi\u00f5es do pa\u00eds para discutir as necessidades de cada carteira e as oportunidades de atua\u00e7\u00e3o em outros ramos.<\/p>\n<p align=\"justify\">A Sala de Neg\u00f3cios foi um dos principais pontos da programa\u00e7\u00e3o da companhia. Ao longo do Congresso, executivos das \u00e1reas comerciais e t\u00e9cnicas da Mapfre conversaram com corretores sobre seguros massificados, Auto, Vida, Property e Aeron\u00e1utico, al\u00e9m de temas relacionados \u00e0 presen\u00e7a regional da companhia. A proposta foi levar a discuss\u00e3o para situa\u00e7\u00f5es do dia a dia do neg\u00f3cio, considerando o perfil das carteiras e as oportunidades identificadas pelos pr\u00f3prios profissionais.<\/p>\n<p align=\"justify\">A diversifica\u00e7\u00e3o apareceu como uma das principais frentes discutidas pela companhia. A Mapfre apresentou solu\u00e7\u00f5es como Mapfre Air, para avia\u00e7\u00e3o geral, Mapfre Cargo, para transporte, e produtos de Agro, com a inten\u00e7\u00e3o de ampliar as possibilidades de venda para clientes que j\u00e1 fazem parte da carteira dos corretores.<\/p>\n<p align=\"justify\"><i>&#8220;Cada regi\u00e3o tem uma realidade e uma carteira diferentes. A aproxima\u00e7\u00e3o com os parceiros permite entender o que est\u00e1 acontecendo nos mercados locais e discutir alternativas comerciais a partir dessas demandas&#8221;,<\/i> afirma Karine Brand\u00e3o, diretora executiva comercial da Mapfre. <i>&#8220;Esses encontros s\u00e3o fundamentais para identificar oportunidades de neg\u00f3cios alinhadas \u00e0s necessidades de cada mercado.&#8221;<\/i><\/p>\n<h4 align=\"justify\">Tecnologia a favor do corretor<\/h4>\n<p align=\"justify\">O relacionamento tamb\u00e9m esteve no centro da presen\u00e7a da companhia no estande. O espa\u00e7o recebeu corretores e parceiros para reuni\u00f5es e apresentou iniciativas do programa &#8216;Mapfre + Corretor&#8217;, al\u00e9m da campanha Copa DNA Mapfre, campanha de incentivo para corretores parceiros. A companhia aproveitou ainda o v\u00ednculo com a CONMEBOL Libertadores para levar ao evento ativa\u00e7\u00f5es ligadas ao futebol com distribui\u00e7\u00e3o de bolas oficiais e exposi\u00e7\u00e3o da ta\u00e7a da competi\u00e7\u00e3o.<\/p>\n<p align=\"justify\">Na abertura do Congresso, o CEO Felipe Nascimento falou sobre o uso da tecnologia na distribui\u00e7\u00e3o de seguros e sobre como essas ferramentas podem apoiar o trabalho dos corretores. A redu\u00e7\u00e3o de etapas e tarefas operacionais, segundo a discuss\u00e3o apresentada no evento, pode facilitar o atendimento aos clientes e abrir espa\u00e7o na rotina dos profissionais para a prospec\u00e7\u00e3o e a gera\u00e7\u00e3o de novos neg\u00f3cios.<\/p>\n<p align=\"justify\">Nos pain\u00e9is, a discuss\u00e3o avan\u00e7ou para tecnologia e opera\u00e7\u00e3o. Nelson Alves, COO da Mapfre, apresentou ferramentas de intelig\u00eancia artificial que j\u00e1 est\u00e3o em uso na companhia e os resultados alcan\u00e7ados. O Agente de Sinistro Auto no WhatsApp, por exemplo, registra 68% dos atendimentos conclu\u00eddos automaticamente. J\u00e1 o Agente de Assist\u00eancia 24 horas alcan\u00e7ou 88% de satisfa\u00e7\u00e3o dos clientes.<\/p>\n<p align=\"justify\"><i>&#8220;Estar no Congresso da Fenacor ser\u00e1 sempre uma oportunidade para renovar o nosso compromisso com o mercado e com a constru\u00e7\u00e3o conjunta de solu\u00e7\u00f5es ao lado dos corretores. Proximidade que nos permite desenvolver a\u00e7\u00f5es mais simples, eficientes e alinhadas \u00e0s necessidades do neg\u00f3cio&#8221;,<\/i> concluiu Karine Brand\u00e3o.<\/p>\n<p align=\"justify\"><strong>InPress Porter Novelli<\/strong><\/p>\n","protected":false},"excerpt":{"rendered":"<p>A gera\u00e7\u00e3o de neg\u00f3cios e a aproxima\u00e7\u00e3o com os corretores deram o tom da participa\u00e7\u00e3o da Mapfre no 24\u00ba Congresso Brasileiro dos Corretores de Seguros, encerrado neste s\u00e1bado (29), no Rio de Janeiro. Durante os tr\u00eas dias de evento, a companhia trouxe ativa\u00e7\u00f5es e uma agenda robusta junto aos profissionais de diferentes regi\u00f5es do pa\u00eds [&hellip;]<\/p>\n","protected":false},"author":2,"featured_media":82876,"comment_status":"open","ping_status":"open","sticky":false,"template":"","format":"standard","meta":[],"categories":[123],"tags":[17543,10130,2381,2832],"jetpack_featured_media_url":"https:\/\/insurancecorp.com.br\/pt\/wp-content\/uploads\/2026\/09\/link.jpeg","yoast_head":"<!-- This site is optimized with the Yoast SEO plugin v14.8 - https:\/\/yoast.com\/wordpress\/plugins\/seo\/ -->\n<title>Mapfre leva solu\u00e7\u00f5es para diversifica\u00e7\u00e3o de neg\u00f3cios ao Congresso da Fenacor | Revista Insurance Corp | PT-BR<\/title>\n<meta name=\"robots\" content=\"index, follow\" \/>\n<meta name=\"googlebot\" content=\"index, follow, max-snippet:-1, max-image-preview:large, max-video-preview:-1\" \/>\n<meta name=\"bingbot\" content=\"index, follow, max-snippet:-1, max-image-preview:large, max-video-preview:-1\" \/>\n<link rel=\"canonical\" href=\"https:\/\/insurancecorp.com.br\/pt\/2026\/09\/01\/mapfre-leva-solucoes-para-diversificacao-de-negocios-ao-congresso-da-fenacor\/\" \/>\n<meta property=\"og:locale\" content=\"pt_BR\" \/>\n<meta property=\"og:type\" content=\"article\" \/>\n<meta property=\"og:title\" content=\"Mapfre leva solu\u00e7\u00f5es para diversifica\u00e7\u00e3o de neg\u00f3cios ao Congresso da Fenacor | Revista Insurance Corp | PT-BR\" \/>\n<meta property=\"og:description\" content=\"A gera\u00e7\u00e3o de neg\u00f3cios e a aproxima\u00e7\u00e3o com os corretores deram o tom da participa\u00e7\u00e3o da Mapfre no 24\u00ba Congresso Brasileiro dos Corretores de Seguros, encerrado neste s\u00e1bado (29), no Rio de Janeiro. Durante os tr\u00eas dias de evento, a companhia trouxe ativa\u00e7\u00f5es e uma agenda robusta junto aos profissionais de diferentes regi\u00f5es do pa\u00eds [&hellip;]\" \/>\n<meta property=\"og:url\" content=\"https:\/\/insurancecorp.com.br\/pt\/2026\/09\/01\/mapfre-leva-solucoes-para-diversificacao-de-negocios-ao-congresso-da-fenacor\/\" \/>\n<meta property=\"og:site_name\" content=\"Revista Insurance Corp | PT-BR\" \/>\n<meta property=\"article:publisher\" content=\"https:\/\/www.facebook.com\/RevistaInsuranceCorp\/\" \/>\n<meta property=\"article:published_time\" content=\"2026-09-01T13:18:56+00:00\" \/>\n<meta property=\"og:image\" content=\"https:\/\/insurancecorp.com.br\/pt\/wp-content\/uploads\/2026\/09\/link.jpeg\" \/>\n\t<meta property=\"og:image:width\" content=\"1600\" \/>\n\t<meta property=\"og:image:height\" content=\"1067\" \/>\n<meta name=\"twitter:card\" content=\"summary\" \/>\n<script type=\"application\/ld+json\" class=\"yoast-schema-graph\">{\"@context\":\"https:\/\/schema.org\",\"@graph\":[{\"@type\":\"Organization\",\"@id\":\"https:\/\/insurancecorp.com.br\/pt\/#organization\",\"name\":\"Revista Insurance Corp\",\"url\":\"https:\/\/insurancecorp.com.br\/pt\/\",\"sameAs\":[\"https:\/\/www.facebook.com\/RevistaInsuranceCorp\/\"],\"logo\":{\"@type\":\"ImageObject\",\"@id\":\"https:\/\/insurancecorp.com.br\/pt\/#logo\",\"inLanguage\":\"pt-BR\",\"url\":\"\",\"caption\":\"Revista Insurance Corp\"},\"image\":{\"@id\":\"https:\/\/insurancecorp.com.br\/pt\/#logo\"}},{\"@type\":\"WebSite\",\"@id\":\"https:\/\/insurancecorp.com.br\/pt\/#website\",\"url\":\"https:\/\/insurancecorp.com.br\/pt\/\",\"name\":\"Revista Insurance Corp | PT-BR\",\"description\":\"A \\u00fanica revista bil\\u00edngue voltada ao mercado de seguro.\",\"publisher\":{\"@id\":\"https:\/\/insurancecorp.com.br\/pt\/#organization\"},\"potentialAction\":[{\"@type\":\"SearchAction\",\"target\":\"https:\/\/insurancecorp.com.br\/pt\/?s={search_term_string}\",\"query-input\":\"required name=search_term_string\"}],\"inLanguage\":\"pt-BR\"},{\"@type\":\"ImageObject\",\"@id\":\"https:\/\/insurancecorp.com.br\/pt\/2026\/09\/01\/mapfre-leva-solucoes-para-diversificacao-de-negocios-ao-congresso-da-fenacor\/#primaryimage\",\"inLanguage\":\"pt-BR\",\"url\":\"https:\/\/insurancecorp.com.br\/pt\/wp-content\/uploads\/2026\/09\/link.jpeg\",\"width\":1600,\"height\":1067},{\"@type\":\"WebPage\",\"@id\":\"https:\/\/insurancecorp.com.br\/pt\/2026\/09\/01\/mapfre-leva-solucoes-para-diversificacao-de-negocios-ao-congresso-da-fenacor\/#webpage\",\"url\":\"https:\/\/insurancecorp.com.br\/pt\/2026\/09\/01\/mapfre-leva-solucoes-para-diversificacao-de-negocios-ao-congresso-da-fenacor\/\",\"name\":\"Mapfre leva solu\\u00e7\\u00f5es para diversifica\\u00e7\\u00e3o de neg\\u00f3cios ao Congresso da Fenacor | Revista Insurance Corp | PT-BR\",\"isPartOf\":{\"@id\":\"https:\/\/insurancecorp.com.br\/pt\/#website\"},\"primaryImageOfPage\":{\"@id\":\"https:\/\/insurancecorp.com.br\/pt\/2026\/09\/01\/mapfre-leva-solucoes-para-diversificacao-de-negocios-ao-congresso-da-fenacor\/#primaryimage\"},\"datePublished\":\"2026-09-01T13:18:56+00:00\",\"dateModified\":\"2026-09-01T13:18:56+00:00\",\"inLanguage\":\"pt-BR\",\"potentialAction\":[{\"@type\":\"ReadAction\",\"target\":[\"https:\/\/insurancecorp.com.br\/pt\/2026\/09\/01\/mapfre-leva-solucoes-para-diversificacao-de-negocios-ao-congresso-da-fenacor\/\"]}]},{\"@type\":\"Article\",\"@id\":\"https:\/\/insurancecorp.com.br\/pt\/2026\/09\/01\/mapfre-leva-solucoes-para-diversificacao-de-negocios-ao-congresso-da-fenacor\/#article\",\"isPartOf\":{\"@id\":\"https:\/\/insurancecorp.com.br\/pt\/2026\/09\/01\/mapfre-leva-solucoes-para-diversificacao-de-negocios-ao-congresso-da-fenacor\/#webpage\"},\"author\":{\"@id\":\"https:\/\/insurancecorp.com.br\/pt\/#\/schema\/person\/1b69c8cf325f0b7167f1b171f52df4af\"},\"headline\":\"Mapfre leva solu\\u00e7\\u00f5es para diversifica\\u00e7\\u00e3o de neg\\u00f3cios ao Congresso da Fenacor\",\"datePublished\":\"2026-09-01T13:18:56+00:00\",\"dateModified\":\"2026-09-01T13:18:56+00:00\",\"mainEntityOfPage\":{\"@id\":\"https:\/\/insurancecorp.com.br\/pt\/2026\/09\/01\/mapfre-leva-solucoes-para-diversificacao-de-negocios-ao-congresso-da-fenacor\/#webpage\"},\"commentCount\":0,\"publisher\":{\"@id\":\"https:\/\/insurancecorp.com.br\/pt\/#organization\"},\"image\":{\"@id\":\"https:\/\/insurancecorp.com.br\/pt\/2026\/09\/01\/mapfre-leva-solucoes-para-diversificacao-de-negocios-ao-congresso-da-fenacor\/#primaryimage\"},\"keywords\":\"Congresso da Fenacor,diversifica\\u00e7\\u00e3o,Mapfre,neg\\u00f3cios\",\"articleSection\":\"Mapfre\",\"inLanguage\":\"pt-BR\",\"potentialAction\":[{\"@type\":\"CommentAction\",\"name\":\"Comment\",\"target\":[\"https:\/\/insurancecorp.com.br\/pt\/2026\/09\/01\/mapfre-leva-solucoes-para-diversificacao-de-negocios-ao-congresso-da-fenacor\/#respond\"]}]},{\"@type\":\"Person\",\"@id\":\"https:\/\/insurancecorp.com.br\/pt\/#\/schema\/person\/1b69c8cf325f0b7167f1b171f52df4af\",\"name\":\"Publica\\u00e7\\u00e3o\",\"image\":{\"@type\":\"ImageObject\",\"@id\":\"https:\/\/insurancecorp.com.br\/pt\/#personlogo\",\"inLanguage\":\"pt-BR\",\"url\":\"https:\/\/secure.gravatar.com\/avatar\/17226f1f60486eb25d4c6b301ffed37f?s=96&d=mm&r=g\",\"caption\":\"Publica\\u00e7\\u00e3o\"}}]}<\/script>\n<!-- \/ Yoast SEO plugin. -->","_links":{"self":[{"href":"https:\/\/insurancecorp.com.br\/pt\/wp-json\/wp\/v2\/posts\/82875"}],"collection":[{"href":"https:\/\/insurancecorp.com.br\/pt\/wp-json\/wp\/v2\/posts"}],"about":[{"href":"https:\/\/insurancecorp.com.br\/pt\/wp-json\/wp\/v2\/types\/post"}],"author":[{"embeddable":true,"href":"https:\/\/insurancecorp.com.br\/pt\/wp-json\/wp\/v2\/users\/2"}],"replies":[{"embeddable":true,"href":"https:\/\/insurancecorp.com.br\/pt\/wp-json\/wp\/v2\/comments?post=82875"}],"version-history":[{"count":1,"href":"https:\/\/insurancecorp.com.br\/pt\/wp-json\/wp\/v2\/posts\/82875\/revisions"}],"predecessor-version":[{"id":82879,"href":"https:\/\/insurancecorp.com.br\/pt\/wp-json\/wp\/v2\/posts\/82875\/revisions\/82879"}],"wp:featuredmedia":[{"embeddable":true,"href":"https:\/\/insurancecorp.com.br\/pt\/wp-json\/wp\/v2\/media\/82876"}],"wp:attachment":[{"href":"https:\/\/insurancecorp.com.br\/pt\/wp-json\/wp\/v2\/media?parent=82875"}],"wp:term":[{"taxonomy":"category","embeddable":true,"href":"https:\/\/insurancecorp.com.br\/pt\/wp-json\/wp\/v2\/categories?post=82875"},{"taxonomy":"post_tag","embeddable":true,"href":"https:\/\/insurancecorp.com.br\/pt\/wp-json\/wp\/v2\/tags?post=82875"}],"curies":[{"name":"wp","href":"https:\/\/api.w.org\/{rel}","templated":true}]}}