{"id":82869,"date":"2026-08-31T16:55:15","date_gmt":"2026-08-31T19:55:15","guid":{"rendered":"https:\/\/insurancecorp.com.br\/pt\/?p=82869"},"modified":"2026-08-31T16:55:15","modified_gmt":"2026-08-31T19:55:15","slug":"susep-debate-desafios-e-transformacoes-na-distribuicao-de-seguros","status":"publish","type":"post","link":"https:\/\/insurancecorp.com.br\/pt\/2026\/08\/31\/susep-debate-desafios-e-transformacoes-na-distribuicao-de-seguros\/","title":{"rendered":"Susep debate desafios e transforma\u00e7\u00f5es na distribui\u00e7\u00e3o de seguros"},"content":{"rendered":"<p align=\"justify\">A Superintend\u00eancia de Seguros Privados (Susep), representada pelo Superintendente, Alessandro Octaviani, e pelos Diretores Julia Lins, Marcilio Nascimento e Carlos Queiroz, participou do 24\u00ba Congresso Brasileiro dos Corretores de Seguros, realizado de 27 a 29 de agosto, no Rio de Janeiro. A programa\u00e7\u00e3o reuniu representantes do setor para discutir temas relacionados \u00e0 distribui\u00e7\u00e3o de seguros, regula\u00e7\u00e3o e desenvolvimento do mercado.<\/p>\n<p align=\"justify\">O Superintendente Alessandro Octaviani integrou, no dia 28, o Painel &#8220;A Nova Era da Distribui\u00e7\u00e3o de Seguros e o Futuro do Setor&#8221;, mediado por Armando Verg\u00edlio, presidente da Federa\u00e7\u00e3o Nacional de Corretores de Seguros (Fenacor). Tamb\u00e9m participaram do debate Dyogo Oliveira, Presidente da Confedere\u00e7\u00e3o Nacional das Seguradoras (CNseg); Eduard Folch Rue, CEO da Allianz Seguros no Brasil; Eduardo Dal Ri, CEO do Grupo HDI; Felipe Nascimento, CEO da MAPFRE Brasil; Jos\u00e9 Adalberto Ferrara, Presidente da Tokio Marine Seguradora; Ney Dias, CEO da Bradseg Participa\u00e7\u00f5es; e Paulo Kakinoff, CEO do Grupo Porto.<\/p>\n<p align=\"justify\">No dia 29, a Diretora J\u00falia Normande Lins e o Diretor Marcilio Otavio Nascimento Filho participaram do painel &#8220;Autorregula\u00e7\u00e3o e PDMIS \u2013 A ponte para o futuro do Corretor de Seguros&#8221;, mediado por Augusto Coelho Cardoso, Consultor da ENS. O painel contou ainda com a participa\u00e7\u00e3o de Claudio Contador, economista e palestrante; e Maria Filomena Magalh\u00e3es Branquinho, Presidente do Instituto Brasileiro de Autorregula\u00e7\u00e3o do Mercado de Seguros (IBRACOR).<\/p>\n<p align=\"justify\">Na mesma data, o Diretor Carlos Queiroz participou do painel &#8220;Novos Mercados de PPM e Cooperativas de Seguros&#8221;, como palestrante. O debate foi mediado por Marcelo Augusto Camacho Rocha, Assessor da ENS, e contou com a participa\u00e7\u00e3o de Jo\u00e3o Armando de Castro Santos, Presidente do Sicoob Credseguro; Hugo de Castro Andrade, Coordinador de Ramos da Organiza\u00e7\u00e3o das Cooperativas Brasileiras (OCB); e Marco Antonio Gon\u00e7alves, Presidente do Conselho Consultivo MAG e do F\u00f3rum Mario Petrelli.<\/p>\n<p align=\"justify\">Os debates abordaram temas relacionados \u00e0 distribui\u00e7\u00e3o de seguros, autorregula\u00e7\u00e3o, novos mercados e modelos de atua\u00e7\u00e3o no setor.<\/p>\n<p align=\"justify\"><strong>Assessoria Susep<\/strong><\/p>\n","protected":false},"excerpt":{"rendered":"<p>A Superintend\u00eancia de Seguros Privados (Susep), representada pelo Superintendente, Alessandro Octaviani, e pelos Diretores Julia Lins, Marcilio Nascimento e Carlos Queiroz, participou do 24\u00ba Congresso Brasileiro dos Corretores de Seguros, realizado de 27 a 29 de agosto, no Rio de Janeiro. A programa\u00e7\u00e3o reuniu representantes do setor para discutir temas relacionados \u00e0 distribui\u00e7\u00e3o de seguros, [&hellip;]<\/p>\n","protected":false},"author":2,"featured_media":79723,"comment_status":"open","ping_status":"open","sticky":false,"template":"","format":"standard","meta":[],"categories":[74],"tags":[1033,8838,589,1165],"jetpack_featured_media_url":"https:\/\/insurancecorp.com.br\/pt\/wp-content\/uploads\/2026\/05\/Design-sem-nome-2026-05-19T144429.410.png","yoast_head":"<!-- This site is optimized with the Yoast SEO plugin v14.8 - https:\/\/yoast.com\/wordpress\/plugins\/seo\/ -->\n<title>Susep debate desafios e transforma\u00e7\u00f5es na distribui\u00e7\u00e3o de seguros | Revista Insurance Corp | PT-BR<\/title>\n<meta name=\"robots\" content=\"index, follow\" \/>\n<meta name=\"googlebot\" content=\"index, follow, max-snippet:-1, max-image-preview:large, max-video-preview:-1\" \/>\n<meta name=\"bingbot\" content=\"index, follow, max-snippet:-1, max-image-preview:large, max-video-preview:-1\" \/>\n<link rel=\"canonical\" href=\"https:\/\/insurancecorp.com.br\/pt\/2026\/08\/31\/susep-debate-desafios-e-transformacoes-na-distribuicao-de-seguros\/\" \/>\n<meta property=\"og:locale\" content=\"pt_BR\" \/>\n<meta property=\"og:type\" content=\"article\" \/>\n<meta property=\"og:title\" content=\"Susep debate desafios e transforma\u00e7\u00f5es na distribui\u00e7\u00e3o de seguros | Revista Insurance Corp | PT-BR\" \/>\n<meta property=\"og:description\" content=\"A Superintend\u00eancia de Seguros Privados (Susep), representada pelo Superintendente, Alessandro Octaviani, e pelos Diretores Julia Lins, Marcilio Nascimento e Carlos Queiroz, participou do 24\u00ba Congresso Brasileiro dos Corretores de Seguros, realizado de 27 a 29 de agosto, no Rio de Janeiro. A programa\u00e7\u00e3o reuniu representantes do setor para discutir temas relacionados \u00e0 distribui\u00e7\u00e3o de seguros, [&hellip;]\" \/>\n<meta property=\"og:url\" content=\"https:\/\/insurancecorp.com.br\/pt\/2026\/08\/31\/susep-debate-desafios-e-transformacoes-na-distribuicao-de-seguros\/\" \/>\n<meta property=\"og:site_name\" content=\"Revista Insurance Corp | PT-BR\" \/>\n<meta property=\"article:publisher\" content=\"https:\/\/www.facebook.com\/RevistaInsuranceCorp\/\" \/>\n<meta property=\"article:published_time\" content=\"2026-08-31T19:55:15+00:00\" \/>\n<meta property=\"og:image\" content=\"https:\/\/insurancecorp.com.br\/pt\/wp-content\/uploads\/2026\/05\/Design-sem-nome-2026-05-19T144429.410.png\" \/>\n\t<meta property=\"og:image:width\" content=\"1366\" \/>\n\t<meta property=\"og:image:height\" content=\"610\" \/>\n<meta name=\"twitter:card\" content=\"summary\" \/>\n<script type=\"application\/ld+json\" class=\"yoast-schema-graph\">{\"@context\":\"https:\/\/schema.org\",\"@graph\":[{\"@type\":\"Organization\",\"@id\":\"https:\/\/insurancecorp.com.br\/pt\/#organization\",\"name\":\"Revista Insurance Corp\",\"url\":\"https:\/\/insurancecorp.com.br\/pt\/\",\"sameAs\":[\"https:\/\/www.facebook.com\/RevistaInsuranceCorp\/\"],\"logo\":{\"@type\":\"ImageObject\",\"@id\":\"https:\/\/insurancecorp.com.br\/pt\/#logo\",\"inLanguage\":\"pt-BR\",\"url\":\"\",\"caption\":\"Revista Insurance Corp\"},\"image\":{\"@id\":\"https:\/\/insurancecorp.com.br\/pt\/#logo\"}},{\"@type\":\"WebSite\",\"@id\":\"https:\/\/insurancecorp.com.br\/pt\/#website\",\"url\":\"https:\/\/insurancecorp.com.br\/pt\/\",\"name\":\"Revista Insurance Corp | PT-BR\",\"description\":\"A \\u00fanica revista bil\\u00edngue voltada ao mercado de seguro.\",\"publisher\":{\"@id\":\"https:\/\/insurancecorp.com.br\/pt\/#organization\"},\"potentialAction\":[{\"@type\":\"SearchAction\",\"target\":\"https:\/\/insurancecorp.com.br\/pt\/?s={search_term_string}\",\"query-input\":\"required name=search_term_string\"}],\"inLanguage\":\"pt-BR\"},{\"@type\":\"ImageObject\",\"@id\":\"https:\/\/insurancecorp.com.br\/pt\/2026\/08\/31\/susep-debate-desafios-e-transformacoes-na-distribuicao-de-seguros\/#primaryimage\",\"inLanguage\":\"pt-BR\",\"url\":\"https:\/\/insurancecorp.com.br\/pt\/wp-content\/uploads\/2026\/05\/Design-sem-nome-2026-05-19T144429.410.png\",\"width\":1366,\"height\":610},{\"@type\":\"WebPage\",\"@id\":\"https:\/\/insurancecorp.com.br\/pt\/2026\/08\/31\/susep-debate-desafios-e-transformacoes-na-distribuicao-de-seguros\/#webpage\",\"url\":\"https:\/\/insurancecorp.com.br\/pt\/2026\/08\/31\/susep-debate-desafios-e-transformacoes-na-distribuicao-de-seguros\/\",\"name\":\"Susep debate desafios e transforma\\u00e7\\u00f5es na distribui\\u00e7\\u00e3o de seguros | Revista Insurance Corp | PT-BR\",\"isPartOf\":{\"@id\":\"https:\/\/insurancecorp.com.br\/pt\/#website\"},\"primaryImageOfPage\":{\"@id\":\"https:\/\/insurancecorp.com.br\/pt\/2026\/08\/31\/susep-debate-desafios-e-transformacoes-na-distribuicao-de-seguros\/#primaryimage\"},\"datePublished\":\"2026-08-31T19:55:15+00:00\",\"dateModified\":\"2026-08-31T19:55:15+00:00\",\"inLanguage\":\"pt-BR\",\"potentialAction\":[{\"@type\":\"ReadAction\",\"target\":[\"https:\/\/insurancecorp.com.br\/pt\/2026\/08\/31\/susep-debate-desafios-e-transformacoes-na-distribuicao-de-seguros\/\"]}]},{\"@type\":\"Article\",\"@id\":\"https:\/\/insurancecorp.com.br\/pt\/2026\/08\/31\/susep-debate-desafios-e-transformacoes-na-distribuicao-de-seguros\/#article\",\"isPartOf\":{\"@id\":\"https:\/\/insurancecorp.com.br\/pt\/2026\/08\/31\/susep-debate-desafios-e-transformacoes-na-distribuicao-de-seguros\/#webpage\"},\"author\":{\"@id\":\"https:\/\/insurancecorp.com.br\/pt\/#\/schema\/person\/1b69c8cf325f0b7167f1b171f52df4af\"},\"headline\":\"Susep debate desafios e transforma\\u00e7\\u00f5es na distribui\\u00e7\\u00e3o de seguros\",\"datePublished\":\"2026-08-31T19:55:15+00:00\",\"dateModified\":\"2026-08-31T19:55:15+00:00\",\"mainEntityOfPage\":{\"@id\":\"https:\/\/insurancecorp.com.br\/pt\/2026\/08\/31\/susep-debate-desafios-e-transformacoes-na-distribuicao-de-seguros\/#webpage\"},\"commentCount\":0,\"publisher\":{\"@id\":\"https:\/\/insurancecorp.com.br\/pt\/#organization\"},\"image\":{\"@id\":\"https:\/\/insurancecorp.com.br\/pt\/2026\/08\/31\/susep-debate-desafios-e-transformacoes-na-distribuicao-de-seguros\/#primaryimage\"},\"keywords\":\"desafios,distribui\\u00e7\\u00e3o de seguros,susep,transforma\\u00e7\\u00f5es\",\"articleSection\":\"Susep\",\"inLanguage\":\"pt-BR\",\"potentialAction\":[{\"@type\":\"CommentAction\",\"name\":\"Comment\",\"target\":[\"https:\/\/insurancecorp.com.br\/pt\/2026\/08\/31\/susep-debate-desafios-e-transformacoes-na-distribuicao-de-seguros\/#respond\"]}]},{\"@type\":\"Person\",\"@id\":\"https:\/\/insurancecorp.com.br\/pt\/#\/schema\/person\/1b69c8cf325f0b7167f1b171f52df4af\",\"name\":\"Publica\\u00e7\\u00e3o\",\"image\":{\"@type\":\"ImageObject\",\"@id\":\"https:\/\/insurancecorp.com.br\/pt\/#personlogo\",\"inLanguage\":\"pt-BR\",\"url\":\"https:\/\/secure.gravatar.com\/avatar\/17226f1f60486eb25d4c6b301ffed37f?s=96&d=mm&r=g\",\"caption\":\"Publica\\u00e7\\u00e3o\"}}]}<\/script>\n<!-- \/ Yoast SEO plugin. -->","_links":{"self":[{"href":"https:\/\/insurancecorp.com.br\/pt\/wp-json\/wp\/v2\/posts\/82869"}],"collection":[{"href":"https:\/\/insurancecorp.com.br\/pt\/wp-json\/wp\/v2\/posts"}],"about":[{"href":"https:\/\/insurancecorp.com.br\/pt\/wp-json\/wp\/v2\/types\/post"}],"author":[{"embeddable":true,"href":"https:\/\/insurancecorp.com.br\/pt\/wp-json\/wp\/v2\/users\/2"}],"replies":[{"embeddable":true,"href":"https:\/\/insurancecorp.com.br\/pt\/wp-json\/wp\/v2\/comments?post=82869"}],"version-history":[{"count":1,"href":"https:\/\/insurancecorp.com.br\/pt\/wp-json\/wp\/v2\/posts\/82869\/revisions"}],"predecessor-version":[{"id":82870,"href":"https:\/\/insurancecorp.com.br\/pt\/wp-json\/wp\/v2\/posts\/82869\/revisions\/82870"}],"wp:featuredmedia":[{"embeddable":true,"href":"https:\/\/insurancecorp.com.br\/pt\/wp-json\/wp\/v2\/media\/79723"}],"wp:attachment":[{"href":"https:\/\/insurancecorp.com.br\/pt\/wp-json\/wp\/v2\/media?parent=82869"}],"wp:term":[{"taxonomy":"category","embeddable":true,"href":"https:\/\/insurancecorp.com.br\/pt\/wp-json\/wp\/v2\/categories?post=82869"},{"taxonomy":"post_tag","embeddable":true,"href":"https:\/\/insurancecorp.com.br\/pt\/wp-json\/wp\/v2\/tags?post=82869"}],"curies":[{"name":"wp","href":"https:\/\/api.w.org\/{rel}","templated":true}]}}