{"id":82868,"date":"2026-08-31T16:58:40","date_gmt":"2026-08-31T19:58:40","guid":{"rendered":"https:\/\/insurancecorp.com.br\/pt\/?p=82868"},"modified":"2026-08-31T16:58:40","modified_gmt":"2026-08-31T19:58:40","slug":"congresso-dos-corretores-de-seguros-evidencia-a-importancia-das-entidades","status":"publish","type":"post","link":"https:\/\/insurancecorp.com.br\/pt\/2026\/08\/31\/congresso-dos-corretores-de-seguros-evidencia-a-importancia-das-entidades\/","title":{"rendered":"Congresso dos Corretores de Seguros evidencia a import\u00e2ncia das entidades"},"content":{"rendered":"<p align=\"justify\">F\u00e1tima Monteiro, presidente do Clube dos Corretores de Seguros do Rio de Janeiro (CCS-RJ), acredita que o 24\u00ba Congresso Brasileiro dos Corretores de Seguros \u00e9 muito importante para resgatar o protagonismo da cidade como capital do seguro. Essa confian\u00e7a foi demonstrada com a presen\u00e7a maci\u00e7a da diretoria e dos associados nos tr\u00eas dias do congresso, de 27 e 29 de agosto, no Rio.<\/p>\n<p align=\"justify\">\u201cO evento objetiva dar visibilidade ao mercado local, facilitar o contato direto com tomadores de decis\u00e3o, contornando dificuldades de acesso a diretores que hoje est\u00e3o fora do Estado, e impulsionar o setor por meio da presen\u00e7a de novos expositores\u201d, ressaltou F\u00e1tima. A dirigente tamb\u00e9m enalteceu a qualidade dos pain\u00e9is e a realiza\u00e7\u00e3o das Salas de Neg\u00f3cios.<\/p>\n<p align=\"justify\">A presidente conversou com v\u00e1rios congressistas, ao mostrar o trabalho e as a\u00e7\u00f5es que o Clube empreende em prol dos corretores e a filosofia de sua gest\u00e3o. \u201cNos \u00faltimos quatro anos, o CCS-RJ promoveu um crescimento expressivo no n\u00famero de associados\u201d, revelou. O momento de forte expans\u00e3o \u00e9 traduzido pelos n\u00fameros: hoje, a entidade re\u00fane 127 corretores, cinco assessorias e dez patrocinadores.<\/p>\n<p align=\"justify\">No segundo semestre, segundo F\u00e1tima, a meta do Clube ser\u00e1 o fortalecimento da rela\u00e7\u00e3o com os parceiros por meio de eventos focados n\u00e3o apenas em vendas, mas no debate construtivo sobre as demandas dos profissionais junto \u00e0s seguradoras. Tamb\u00e9m a entidade ir\u00e1 promover uma a\u00e7\u00e3o do \u201cNovembro Azul\u201d voltada \u00e0 preserva\u00e7\u00e3o da sa\u00fade masculina.<\/p>\n<p align=\"justify\">F\u00e1tima encerra seu mandato em dezembro, mas avisou que, a pedido dos colegas, continuar\u00e1 na diretoria. Ela acredita que a pr\u00f3xima gest\u00e3o ir\u00e1 adotar iniciativas para estimular o constante aprimoramento profissional da categoria. Al\u00e9m disso, ser\u00e1 criada uma diretoria t\u00e9cnica reunindo especialistas em ramos como vida, sa\u00fade, aeron\u00e1utico e responsabilidade civil, o que facilitar\u00e1, na sua opini\u00e3o, a identifica\u00e7\u00e3o das demandas mais latentes dos associados.<\/p>\n<p align=\"justify\">A dirigente entende que eventos como o Congresso real\u00e7am a import\u00e2ncia das entidades que atuam em favor das causas dos corretores. O Sincor-RJ, por exemplo, possui uma relev\u00e2ncia estrat\u00e9gica. \u201cAtualmente, buscamos manter uma sintonia estreita com a institui\u00e7\u00e3o, pois entendemos que esse alinhamento \u00e9 indispens\u00e1vel, dado que o foco tanto do sindicato quanto o do Clube dos Corretores \u00e9 o mesmo: o profissional de seguros\u201d, ponderou.<\/p>\n<p align=\"justify\"><strong>VTN Comunica\u00e7\u00e3o<\/strong><\/p>\n","protected":false},"excerpt":{"rendered":"<p>F\u00e1tima Monteiro, presidente do Clube dos Corretores de Seguros do Rio de Janeiro (CCS-RJ), acredita que o 24\u00ba Congresso Brasileiro dos Corretores de Seguros \u00e9 muito importante para resgatar o protagonismo da cidade como capital do seguro. Essa confian\u00e7a foi demonstrada com a presen\u00e7a maci\u00e7a da diretoria e dos associados nos tr\u00eas dias do congresso, [&hellip;]<\/p>\n","protected":false},"author":2,"featured_media":82871,"comment_status":"open","ping_status":"open","sticky":false,"template":"","format":"standard","meta":[],"categories":[119],"tags":[17602,6384,6924,5037],"jetpack_featured_media_url":"https:\/\/insurancecorp.com.br\/pt\/wp-content\/uploads\/2026\/08\/Associados-do-Clube-002.jpg","yoast_head":"<!-- This site is optimized with the Yoast SEO plugin v14.8 - https:\/\/yoast.com\/wordpress\/plugins\/seo\/ -->\n<title>Congresso dos Corretores de Seguros evidencia a import\u00e2ncia das entidades | Revista Insurance Corp | PT-BR<\/title>\n<meta name=\"robots\" content=\"index, follow\" \/>\n<meta name=\"googlebot\" content=\"index, follow, max-snippet:-1, max-image-preview:large, max-video-preview:-1\" \/>\n<meta name=\"bingbot\" content=\"index, follow, max-snippet:-1, max-image-preview:large, max-video-preview:-1\" \/>\n<link rel=\"canonical\" href=\"https:\/\/insurancecorp.com.br\/pt\/2026\/08\/31\/congresso-dos-corretores-de-seguros-evidencia-a-importancia-das-entidades\/\" \/>\n<meta property=\"og:locale\" content=\"pt_BR\" \/>\n<meta property=\"og:type\" content=\"article\" \/>\n<meta property=\"og:title\" content=\"Congresso dos Corretores de Seguros evidencia a import\u00e2ncia das entidades | Revista Insurance Corp | PT-BR\" \/>\n<meta property=\"og:description\" content=\"F\u00e1tima Monteiro, presidente do Clube dos Corretores de Seguros do Rio de Janeiro (CCS-RJ), acredita que o 24\u00ba Congresso Brasileiro dos Corretores de Seguros \u00e9 muito importante para resgatar o protagonismo da cidade como capital do seguro. Essa confian\u00e7a foi demonstrada com a presen\u00e7a maci\u00e7a da diretoria e dos associados nos tr\u00eas dias do congresso, [&hellip;]\" \/>\n<meta property=\"og:url\" content=\"https:\/\/insurancecorp.com.br\/pt\/2026\/08\/31\/congresso-dos-corretores-de-seguros-evidencia-a-importancia-das-entidades\/\" \/>\n<meta property=\"og:site_name\" content=\"Revista Insurance Corp | PT-BR\" \/>\n<meta property=\"article:publisher\" content=\"https:\/\/www.facebook.com\/RevistaInsuranceCorp\/\" \/>\n<meta property=\"article:published_time\" content=\"2026-08-31T19:58:40+00:00\" \/>\n<meta property=\"og:image\" content=\"https:\/\/insurancecorp.com.br\/pt\/wp-content\/uploads\/2026\/08\/Associados-do-Clube-002.jpg\" \/>\n\t<meta property=\"og:image:width\" content=\"1600\" \/>\n\t<meta property=\"og:image:height\" content=\"1200\" \/>\n<meta name=\"twitter:card\" content=\"summary\" \/>\n<script type=\"application\/ld+json\" class=\"yoast-schema-graph\">{\"@context\":\"https:\/\/schema.org\",\"@graph\":[{\"@type\":\"Organization\",\"@id\":\"https:\/\/insurancecorp.com.br\/pt\/#organization\",\"name\":\"Revista Insurance Corp\",\"url\":\"https:\/\/insurancecorp.com.br\/pt\/\",\"sameAs\":[\"https:\/\/www.facebook.com\/RevistaInsuranceCorp\/\"],\"logo\":{\"@type\":\"ImageObject\",\"@id\":\"https:\/\/insurancecorp.com.br\/pt\/#logo\",\"inLanguage\":\"pt-BR\",\"url\":\"\",\"caption\":\"Revista Insurance Corp\"},\"image\":{\"@id\":\"https:\/\/insurancecorp.com.br\/pt\/#logo\"}},{\"@type\":\"WebSite\",\"@id\":\"https:\/\/insurancecorp.com.br\/pt\/#website\",\"url\":\"https:\/\/insurancecorp.com.br\/pt\/\",\"name\":\"Revista Insurance Corp | PT-BR\",\"description\":\"A \\u00fanica revista bil\\u00edngue voltada ao mercado de seguro.\",\"publisher\":{\"@id\":\"https:\/\/insurancecorp.com.br\/pt\/#organization\"},\"potentialAction\":[{\"@type\":\"SearchAction\",\"target\":\"https:\/\/insurancecorp.com.br\/pt\/?s={search_term_string}\",\"query-input\":\"required name=search_term_string\"}],\"inLanguage\":\"pt-BR\"},{\"@type\":\"ImageObject\",\"@id\":\"https:\/\/insurancecorp.com.br\/pt\/2026\/08\/31\/congresso-dos-corretores-de-seguros-evidencia-a-importancia-das-entidades\/#primaryimage\",\"inLanguage\":\"pt-BR\",\"url\":\"https:\/\/insurancecorp.com.br\/pt\/wp-content\/uploads\/2026\/08\/Associados-do-Clube-002.jpg\",\"width\":1600,\"height\":1200},{\"@type\":\"WebPage\",\"@id\":\"https:\/\/insurancecorp.com.br\/pt\/2026\/08\/31\/congresso-dos-corretores-de-seguros-evidencia-a-importancia-das-entidades\/#webpage\",\"url\":\"https:\/\/insurancecorp.com.br\/pt\/2026\/08\/31\/congresso-dos-corretores-de-seguros-evidencia-a-importancia-das-entidades\/\",\"name\":\"Congresso dos Corretores de Seguros evidencia a import\\u00e2ncia das entidades | Revista Insurance Corp | PT-BR\",\"isPartOf\":{\"@id\":\"https:\/\/insurancecorp.com.br\/pt\/#website\"},\"primaryImageOfPage\":{\"@id\":\"https:\/\/insurancecorp.com.br\/pt\/2026\/08\/31\/congresso-dos-corretores-de-seguros-evidencia-a-importancia-das-entidades\/#primaryimage\"},\"datePublished\":\"2026-08-31T19:58:40+00:00\",\"dateModified\":\"2026-08-31T19:58:40+00:00\",\"inLanguage\":\"pt-BR\",\"potentialAction\":[{\"@type\":\"ReadAction\",\"target\":[\"https:\/\/insurancecorp.com.br\/pt\/2026\/08\/31\/congresso-dos-corretores-de-seguros-evidencia-a-importancia-das-entidades\/\"]}]},{\"@type\":\"Article\",\"@id\":\"https:\/\/insurancecorp.com.br\/pt\/2026\/08\/31\/congresso-dos-corretores-de-seguros-evidencia-a-importancia-das-entidades\/#article\",\"isPartOf\":{\"@id\":\"https:\/\/insurancecorp.com.br\/pt\/2026\/08\/31\/congresso-dos-corretores-de-seguros-evidencia-a-importancia-das-entidades\/#webpage\"},\"author\":{\"@id\":\"https:\/\/insurancecorp.com.br\/pt\/#\/schema\/person\/1b69c8cf325f0b7167f1b171f52df4af\"},\"headline\":\"Congresso dos Corretores de Seguros evidencia a import\\u00e2ncia das entidades\",\"datePublished\":\"2026-08-31T19:58:40+00:00\",\"dateModified\":\"2026-08-31T19:58:40+00:00\",\"mainEntityOfPage\":{\"@id\":\"https:\/\/insurancecorp.com.br\/pt\/2026\/08\/31\/congresso-dos-corretores-de-seguros-evidencia-a-importancia-das-entidades\/#webpage\"},\"commentCount\":0,\"publisher\":{\"@id\":\"https:\/\/insurancecorp.com.br\/pt\/#organization\"},\"image\":{\"@id\":\"https:\/\/insurancecorp.com.br\/pt\/2026\/08\/31\/congresso-dos-corretores-de-seguros-evidencia-a-importancia-das-entidades\/#primaryimage\"},\"keywords\":\"Congresso dos Corretores de Seguros,entidades,evid\\u00eancia,import\\u00e2ncia\",\"articleSection\":\"CCS-RJ\",\"inLanguage\":\"pt-BR\",\"potentialAction\":[{\"@type\":\"CommentAction\",\"name\":\"Comment\",\"target\":[\"https:\/\/insurancecorp.com.br\/pt\/2026\/08\/31\/congresso-dos-corretores-de-seguros-evidencia-a-importancia-das-entidades\/#respond\"]}]},{\"@type\":\"Person\",\"@id\":\"https:\/\/insurancecorp.com.br\/pt\/#\/schema\/person\/1b69c8cf325f0b7167f1b171f52df4af\",\"name\":\"Publica\\u00e7\\u00e3o\",\"image\":{\"@type\":\"ImageObject\",\"@id\":\"https:\/\/insurancecorp.com.br\/pt\/#personlogo\",\"inLanguage\":\"pt-BR\",\"url\":\"https:\/\/secure.gravatar.com\/avatar\/17226f1f60486eb25d4c6b301ffed37f?s=96&d=mm&r=g\",\"caption\":\"Publica\\u00e7\\u00e3o\"}}]}<\/script>\n<!-- \/ Yoast SEO plugin. -->","_links":{"self":[{"href":"https:\/\/insurancecorp.com.br\/pt\/wp-json\/wp\/v2\/posts\/82868"}],"collection":[{"href":"https:\/\/insurancecorp.com.br\/pt\/wp-json\/wp\/v2\/posts"}],"about":[{"href":"https:\/\/insurancecorp.com.br\/pt\/wp-json\/wp\/v2\/types\/post"}],"author":[{"embeddable":true,"href":"https:\/\/insurancecorp.com.br\/pt\/wp-json\/wp\/v2\/users\/2"}],"replies":[{"embeddable":true,"href":"https:\/\/insurancecorp.com.br\/pt\/wp-json\/wp\/v2\/comments?post=82868"}],"version-history":[{"count":1,"href":"https:\/\/insurancecorp.com.br\/pt\/wp-json\/wp\/v2\/posts\/82868\/revisions"}],"predecessor-version":[{"id":82872,"href":"https:\/\/insurancecorp.com.br\/pt\/wp-json\/wp\/v2\/posts\/82868\/revisions\/82872"}],"wp:featuredmedia":[{"embeddable":true,"href":"https:\/\/insurancecorp.com.br\/pt\/wp-json\/wp\/v2\/media\/82871"}],"wp:attachment":[{"href":"https:\/\/insurancecorp.com.br\/pt\/wp-json\/wp\/v2\/media?parent=82868"}],"wp:term":[{"taxonomy":"category","embeddable":true,"href":"https:\/\/insurancecorp.com.br\/pt\/wp-json\/wp\/v2\/categories?post=82868"},{"taxonomy":"post_tag","embeddable":true,"href":"https:\/\/insurancecorp.com.br\/pt\/wp-json\/wp\/v2\/tags?post=82868"}],"curies":[{"name":"wp","href":"https:\/\/api.w.org\/{rel}","templated":true}]}}