{"id":82863,"date":"2026-08-31T16:48:59","date_gmt":"2026-08-31T19:48:59","guid":{"rendered":"https:\/\/insurancecorp.com.br\/pt\/?p=82863"},"modified":"2026-08-31T16:48:59","modified_gmt":"2026-08-31T19:48:59","slug":"fenacor-comemora-o-melhor-congresso-de-todos-os-tempos","status":"publish","type":"post","link":"https:\/\/insurancecorp.com.br\/pt\/2026\/08\/31\/fenacor-comemora-o-melhor-congresso-de-todos-os-tempos\/","title":{"rendered":"Fenacor comemora o melhor congresso de todos os tempos"},"content":{"rendered":"<p align=\"justify\">Realizada no Rio de Janeiro, entre os dias 27 e 29 de agosto, a 24\u00aa edi\u00e7\u00e3o do Congresso Brasileiro dos Corretores de Seguros superou as expectativas dos organizadores, que j\u00e1 eram otimistas. Com mais de 3 mil participantes inscritos, o evento reuniu a nata do mercado em aproximadamente 80 pain\u00e9is e 110 palestrantes divididos entre as plen\u00e1rias e as \u201cSalas de Neg\u00f3cios\u201d.<\/p>\n<p align=\"justify\">O saldo desses tr\u00eas dias em que o Rio de Janeiro tornou-se o centro nervoso da distribui\u00e7\u00e3o de seguros no Brasil foi extremamente positivo.<\/p>\n<p align=\"justify\">O Exporio, local do encontro, foi transformado em uma verdadeira cidade do conhecimento, onde cada plen\u00e1ria, sala de neg\u00f3cios ou mesmo as conversas de corredor apontavam para um mesmo horizonte: o futuro da intermedia\u00e7\u00e3o de seguros.<\/p>\n<p align=\"justify\">N\u00e3o por acaso, o tema central do Congresso (\u201cA Nova Era da Distribui\u00e7\u00e3o de Seguros no Brasil\u201d) funcionou como fio condutor de uma narrativa que atravessou todo o evento, conectando tecnologia, comportamento do consumidor, inova\u00e7\u00e3o, regula\u00e7\u00e3o e, sobretudo, o papel do corretor como protagonista de uma transforma\u00e7\u00e3o que j\u00e1 est\u00e1 em curso.<\/p>\n<p align=\"justify\">Logo na abertura, na noite de 5\u00aa feira (27 de agosto), o sal\u00e3o principal recebeu as principais lideran\u00e7as do setor.<\/p>\n<p align=\"justify\">Na ocasi\u00e3o, o presidente da Fenacor, Armando Verg\u00edlio, saudou os participantes com uma frase que se tornaria uma esp\u00e9cie de mantra ao longo dos dois dias seguintes: \u201cPreparamos este evento para ser o melhor congresso dos corretores de seguros de todos os tempos\u201d.<\/p>\n<p align=\"justify\">Segundo ele, a inten\u00e7\u00e3o da Fenacor era entregar um encontro capaz de marcar \u00e9poca \u2014 e, de fato, marcou.<\/p>\n<p align=\"justify\">Armando Verg\u00edlio citou ainda o \u201cPlano Diretor do Mercado de Intermedia\u00e7\u00e3o de Seguros (PDMIS)\u201d, apontado por ele como uma b\u00fassola estrat\u00e9gica para orientar o desenvolvimento da atua\u00e7\u00e3o dos Corretores de Seguros nos pr\u00f3ximos anos. \u201cO PDMIS \u00e9 a ferramenta estrat\u00e9gica para que o Corretor de Seguros avance, cres\u00e7a e se consolide como o principal agente de distribui\u00e7\u00e3o de seguros no Brasil\u201d.<\/p>\n<p align=\"justify\">A solenidade de abertura contou ainda com as presen\u00e7as do superintendente da Susep, Alessandro Octaviani; e dos presidentes da CNseg, Dyogo Oliveira, da ENS, Lucas Verg\u00edlio (ENS) e do Sincor-RJ (correalizador do evento), Ricardo Garrido, refor\u00e7ando a integra\u00e7\u00e3o institucional que se tornaria a marca do Congresso.<\/p>\n<p align=\"justify\">Alessandro Octaviani, afirmou que \u201cn\u00e3o h\u00e1 futuro para a economia brasileira sem pensar no futuro do seguro\u201d.<\/p>\n<p align=\"justify\">J\u00e1 Dyogo Oliveira destacou que a magnitude do 24\u00ba Congresso Brasileiro dos Corretores de Seguros \u201cmostrou a grande pujan\u00e7a do setor\u201d.<\/p>\n<p align=\"justify\">Essas falas ajudaram a consolidar a percep\u00e7\u00e3o de que o debate sobre distribui\u00e7\u00e3o n\u00e3o \u00e9 apenas t\u00e9cnico \u2014 \u00e9 econ\u00f4mico, social e estrat\u00e9gico para o pa\u00eds.<\/p>\n<p align=\"justify\">Na manh\u00e3 seguinte, o primeiro painel reuniu os CEOs das principais seguradoras do pa\u00eds para discutir o novo cen\u00e1rio da distribui\u00e7\u00e3o, em debate mediado por Armando Verg\u00edlio.<\/p>\n<p align=\"justify\">O bate-papo girou em torno de tr\u00eas pilares do que se espera para o futuro do mercado no Brasil: a tecnologia como aliada, o conhecimento profundo do cliente e a expans\u00e3o da cultura de prote\u00e7\u00e3o.<\/p>\n<p align=\"justify\">Os debatedores chegaram a um consenso de que esse futuro n\u00e3o ser\u00e1 definido pela disputa entre canais, mas pela capacidade de compreender o cliente e oferecer solu\u00e7\u00f5es de prote\u00e7\u00e3o mais completas. \u201co mercado brasileiro ainda tem vasto espa\u00e7o para crescer, especialmente em nichos como pequenas e m\u00e9dias empresas, seguros para pets e responsabilidade civil profissional, entre outros\u201d, frisou Ney Dias. CEO da Bradseg.<\/p>\n<p align=\"justify\">Por sua vez, o CEO da HDI, Eduardo Dal Ri, fez uma provoca\u00e7\u00e3o aos congressistas: \u201co Corretor precisa ser visto como a primeira refer\u00eancia do cliente quando surge uma nova necessidade de prote\u00e7\u00e3o\u201d.<\/p>\n<p align=\"justify\">O painel seguinte, sobre o tema \u201cInova\u00e7\u00e3o em Seguros\u201d, teve como mediador o presidente da Escola de Neg\u00f3cios e Seguros (ENS), Lucas Vergilio, que abordou a relev\u00e2ncia do impacto da intelig\u00eancia artificial no setor: \u201cnunca, na hist\u00f3ria, uma tecnologia serviu tanto para humanizar e potencializar uma atitude humana\u201d, pontuou, em frase que sintetizou uma das conclus\u00f5es mais importantes do evento: a tecnologia n\u00e3o substitui o corretor, apenas amplia sua capacidade de cuidar, orientar e proteger.<\/p>\n<h4 align=\"justify\">PDMIS<\/h4>\n<p align=\"justify\">No primeiro painel do dia 29 (s\u00e1bado), o PDMIS foi apresentado como uma diretriz de longo prazo, capaz de orientar pol\u00edticas, pr\u00e1ticas e investimentos no setor, e que tem como principais objetivos modernizar a intermedia\u00e7\u00e3o, ampliar a participa\u00e7\u00e3o dos corretores de seguros, estimular a inova\u00e7\u00e3o, fortalecer a rela\u00e7\u00e3o com consumidores e promover capacita\u00e7\u00e3o cont\u00ednua.<\/p>\n<p align=\"justify\">Com o tema \u201cAutorregula\u00e7\u00e3o e PDMIS \u2013 A ponte para o futuro do Corretor de Seguros\u201d, esse painel abordou qualifica\u00e7\u00e3o profissional, diversifica\u00e7\u00e3o de receitas, transforma\u00e7\u00e3o digital e o avan\u00e7o da autorregula\u00e7\u00e3o.<\/p>\n<p align=\"justify\">Mediado pelo consultor da ENS, Augusto Cardoso Coelho, o painel teve apresenta\u00e7\u00e3o do economista Claudio Contador, e debate com os diretores da Susep Marcilio Otavio Nascimento Filho e J\u00falia Normande Lins, al\u00e9m da presidente do Ibracor, Maria Filomena Magalh\u00e3es Branquinho.<\/p>\n<p align=\"justify\">Ao apresentar o PDMIS, Contador apontou a necessidade de preparar o corretor para um mercado mais diversificado.<\/p>\n<p align=\"justify\">Ele lembrou que o Brasil tem aproximadamente 150 mil corretores de seguros, sendo 44% desse total formado por empresas e 56% de aut\u00f4nomos que movimentam valores expressivos em receitas de corretagem. \u201cA receita anual de corretagem est\u00e1 entre R$ 52 bilh\u00f5es e R$ 55 bilh\u00f5es por ano,\u201d, afirmou.<\/p>\n<p align=\"justify\">Segundo ele, o plano prop\u00f5e ampliar a atua\u00e7\u00e3o dos intermedi\u00e1rios para al\u00e9m da venda tradicional de seguros, com maior participa\u00e7\u00e3o de atividades como consultoria, gest\u00e3o de riscos e outros servi\u00e7os. \u201cO papel de consultor exige uma qualifica\u00e7\u00e3o que n\u00e3o seja apenas para vender. O corretor tem condi\u00e7\u00f5es de atuar no atendimento, na consultoria, na auditoria e em uma s\u00e9rie de outras atividades dentro das empresas e das fam\u00edlias\u201d, ressaltou Cl\u00e1udio Contador.<\/p>\n<p align=\"justify\">Por sua vez, J\u00falia Lins frisou que o corretor \u00e9 o elo de confian\u00e7a entre o consumidor e a seguradora. Essa rela\u00e7\u00e3o com o intermedi\u00e1rio \u00e9 muito importante, especialmente nos momentos em que o consumidor precisa recorrer a algu\u00e9m para entender uma situa\u00e7\u00e3o mais complexa\u201d, acentuou.<\/p>\n<p align=\"justify\">J\u00e1 a presidente do Ibracor defendeu maior uni\u00e3o da categoria diante das mudan\u00e7as regulat\u00f3rias e tecnol\u00f3gicas. \u201cSomos muito mais fortes quando atuamos de forma integrada\u201d, assinalou Maria Filomena, acrescentando que, nesse contexto, o IBRACOR representa um despertar da categoria e o reconhecimento de que os profissionais da corretagem t\u00eam maturidade, consci\u00eancia e profissionaliza\u00e7\u00e3o necess\u00e1rias para se autorregular\u201d.<\/p>\n<h4 align=\"justify\">Salas de Neg\u00f3cios<\/h4>\n<p align=\"justify\">O mesmo clima de otimismo em rela\u00e7\u00e3o o futuro do mercado, apesar dos grandes desafios que vir\u00e3o pela frente, predominou tamb\u00e9m nas \u201cSalas de Neg\u00f3cios\u201d.<\/p>\n<p align=\"justify\">Foram dezenas de encontros t\u00e9cnicos, com seguradoras apresentando produtos, estrat\u00e9gias e oportunidades reais para os corretores.<\/p>\n<p align=\"justify\">Os executivos dessas seguradoras detalharam solu\u00e7\u00f5es de massificados e estrat\u00e9gias de prote\u00e7\u00e3o ao patrim\u00f4nio e \u00e0 reputa\u00e7\u00e3o das empresas.<\/p>\n<p align=\"justify\">Para todos eles, o congresso representou o ambiente ideal para as seguradoras estarem pr\u00f3ximas de quem est\u00e1 \u201cna ponta do mercado\u201d.<\/p>\n<p align=\"justify\">Assim, as salas de neg\u00f3cios cumpriram seu papel, aproximando \u00e1reas t\u00e9cnicas e comerciais das seguradoras dos corretores, gerando conhecimento, networking e apontando oportunidades concretas.<\/p>\n<p align=\"justify\">A \u201csala\u201d da ENS apresentou uma programa\u00e7\u00e3o voltada \u00e0 capacita\u00e7\u00e3o, inova\u00e7\u00e3o, tecnologia e desenvolvimento profissional.<\/p>\n<p align=\"justify\">Destaque para as imers\u00f5es internacionais que podem proporcionar aos participantes experi\u00eancias que combinam conhecimento, neg\u00f3cios e networking.<\/p>\n<p align=\"justify\">Para 2027, a ENS abriu inscri\u00e7\u00f5es para cinco imers\u00f5es tendo como destinos em Portugal, It\u00e1lia, China e Estados Unidos.<\/p>\n<h4 align=\"justify\">Alicerces<\/h4>\n<p align=\"justify\">Ao longo das plen\u00e1rias, uma ideia se repetiu quase como um refr\u00e3o: \u201co corretor \u00e9 o principal agente de expans\u00e3o da prote\u00e7\u00e3o securit\u00e1ria no Brasil\u201d.<\/p>\n<p align=\"justify\">Nesse contexto, Armando Verg\u00edlio refor\u00e7ou isso em diferentes momentos, sempre demonstrando sua plena convic\u00e7\u00e3o de que o congresso foi o principal espa\u00e7o para debater a revolu\u00e7\u00e3o em curso no mercado. \u201cO corretor n\u00e3o est\u00e1 apenas acompanhando a transforma\u00e7\u00e3o. Ele \u00e9 parte essencial dela\u201d, ressaltou o presidente da Fenacor.<\/p>\n<p align=\"justify\">Ao final dos tr\u00eas dias, a sensa\u00e7\u00e3o geral era de que o Congresso n\u00e3o apenas discutiu o futuro da distribui\u00e7\u00e3o de seguros \u2014 ele \u201cconstruiu os alicerces desse futuro\u201d.<\/p>\n<p align=\"justify\">Para tanto, as plen\u00e1rias trouxeram uma ampla vis\u00e3o estrat\u00e9gica, enquanto as \u201cSalas de Neg\u00f3cios\u201d apontaram os caminhos pr\u00e1ticos.<\/p>\n<p align=\"justify\">Diante do discurso das lideran\u00e7as, que refor\u00e7aram a import\u00e2ncia da integra\u00e7\u00e3o institucional, os Corretores de Seguros presentes deixaram o encontro com a certeza de que s\u00e3o os verdadeiros protagonistas desse futuro do setor e que a nova era da distribui\u00e7\u00e3o j\u00e1 come\u00e7ou e passa, inevitavelmente, por eles.<\/p>\n<p align=\"justify\">O 24\u00ba Congresso Brasileiro dos Corretores de Seguros, portanto, foi, mais do que um evento, um marco ou ponto de virada.<\/p>\n<p class=\"p1\" align=\"justify\"><strong>Assessoria de imprensa da Fenacor<\/strong><\/p>\n","protected":false},"excerpt":{"rendered":"<p>Realizada no Rio de Janeiro, entre os dias 27 e 29 de agosto, a 24\u00aa edi\u00e7\u00e3o do Congresso Brasileiro dos Corretores de Seguros superou as expectativas dos organizadores, que j\u00e1 eram otimistas. Com mais de 3 mil participantes inscritos, o evento reuniu a nata do mercado em aproximadamente 80 pain\u00e9is e 110 palestrantes divididos entre [&hellip;]<\/p>\n","protected":false},"author":2,"featured_media":82865,"comment_status":"open","ping_status":"open","sticky":false,"template":"","format":"standard","meta":[],"categories":[96],"tags":[3898,647,12181,14086],"jetpack_featured_media_url":"https:\/\/insurancecorp.com.br\/pt\/wp-content\/uploads\/2026\/08\/congresso-26-foto-da-abertura-scaled.jpg","yoast_head":"<!-- This site is optimized with the Yoast SEO plugin v14.8 - https:\/\/yoast.com\/wordpress\/plugins\/seo\/ -->\n<title>Fenacor comemora o melhor congresso de todos os tempos | Revista Insurance Corp | PT-BR<\/title>\n<meta name=\"robots\" content=\"index, follow\" \/>\n<meta name=\"googlebot\" content=\"index, follow, max-snippet:-1, max-image-preview:large, max-video-preview:-1\" \/>\n<meta name=\"bingbot\" content=\"index, follow, max-snippet:-1, max-image-preview:large, max-video-preview:-1\" \/>\n<link rel=\"canonical\" href=\"https:\/\/insurancecorp.com.br\/pt\/2026\/08\/31\/fenacor-comemora-o-melhor-congresso-de-todos-os-tempos\/\" \/>\n<meta property=\"og:locale\" content=\"pt_BR\" \/>\n<meta property=\"og:type\" content=\"article\" \/>\n<meta property=\"og:title\" content=\"Fenacor comemora o melhor congresso de todos os tempos | Revista Insurance Corp | PT-BR\" \/>\n<meta property=\"og:description\" content=\"Realizada no Rio de Janeiro, entre os dias 27 e 29 de agosto, a 24\u00aa edi\u00e7\u00e3o do Congresso Brasileiro dos Corretores de Seguros superou as expectativas dos organizadores, que j\u00e1 eram otimistas. Com mais de 3 mil participantes inscritos, o evento reuniu a nata do mercado em aproximadamente 80 pain\u00e9is e 110 palestrantes divididos entre [&hellip;]\" \/>\n<meta property=\"og:url\" content=\"https:\/\/insurancecorp.com.br\/pt\/2026\/08\/31\/fenacor-comemora-o-melhor-congresso-de-todos-os-tempos\/\" \/>\n<meta property=\"og:site_name\" content=\"Revista Insurance Corp | PT-BR\" \/>\n<meta property=\"article:publisher\" content=\"https:\/\/www.facebook.com\/RevistaInsuranceCorp\/\" \/>\n<meta property=\"article:published_time\" content=\"2026-08-31T19:48:59+00:00\" \/>\n<meta property=\"og:image\" content=\"https:\/\/insurancecorp.com.br\/pt\/wp-content\/uploads\/2026\/08\/congresso-26-foto-da-abertura-scaled.jpg\" \/>\n\t<meta property=\"og:image:width\" content=\"2560\" \/>\n\t<meta property=\"og:image:height\" content=\"1381\" \/>\n<meta name=\"twitter:card\" content=\"summary\" \/>\n<script type=\"application\/ld+json\" class=\"yoast-schema-graph\">{\"@context\":\"https:\/\/schema.org\",\"@graph\":[{\"@type\":\"Organization\",\"@id\":\"https:\/\/insurancecorp.com.br\/pt\/#organization\",\"name\":\"Revista Insurance Corp\",\"url\":\"https:\/\/insurancecorp.com.br\/pt\/\",\"sameAs\":[\"https:\/\/www.facebook.com\/RevistaInsuranceCorp\/\"],\"logo\":{\"@type\":\"ImageObject\",\"@id\":\"https:\/\/insurancecorp.com.br\/pt\/#logo\",\"inLanguage\":\"pt-BR\",\"url\":\"\",\"caption\":\"Revista Insurance Corp\"},\"image\":{\"@id\":\"https:\/\/insurancecorp.com.br\/pt\/#logo\"}},{\"@type\":\"WebSite\",\"@id\":\"https:\/\/insurancecorp.com.br\/pt\/#website\",\"url\":\"https:\/\/insurancecorp.com.br\/pt\/\",\"name\":\"Revista Insurance Corp | PT-BR\",\"description\":\"A \\u00fanica revista bil\\u00edngue voltada ao mercado de seguro.\",\"publisher\":{\"@id\":\"https:\/\/insurancecorp.com.br\/pt\/#organization\"},\"potentialAction\":[{\"@type\":\"SearchAction\",\"target\":\"https:\/\/insurancecorp.com.br\/pt\/?s={search_term_string}\",\"query-input\":\"required name=search_term_string\"}],\"inLanguage\":\"pt-BR\"},{\"@type\":\"ImageObject\",\"@id\":\"https:\/\/insurancecorp.com.br\/pt\/2026\/08\/31\/fenacor-comemora-o-melhor-congresso-de-todos-os-tempos\/#primaryimage\",\"inLanguage\":\"pt-BR\",\"url\":\"https:\/\/insurancecorp.com.br\/pt\/wp-content\/uploads\/2026\/08\/congresso-26-foto-da-abertura-scaled.jpg\",\"width\":2560,\"height\":1381},{\"@type\":\"WebPage\",\"@id\":\"https:\/\/insurancecorp.com.br\/pt\/2026\/08\/31\/fenacor-comemora-o-melhor-congresso-de-todos-os-tempos\/#webpage\",\"url\":\"https:\/\/insurancecorp.com.br\/pt\/2026\/08\/31\/fenacor-comemora-o-melhor-congresso-de-todos-os-tempos\/\",\"name\":\"Fenacor comemora o melhor congresso de todos os tempos | Revista Insurance Corp | PT-BR\",\"isPartOf\":{\"@id\":\"https:\/\/insurancecorp.com.br\/pt\/#website\"},\"primaryImageOfPage\":{\"@id\":\"https:\/\/insurancecorp.com.br\/pt\/2026\/08\/31\/fenacor-comemora-o-melhor-congresso-de-todos-os-tempos\/#primaryimage\"},\"datePublished\":\"2026-08-31T19:48:59+00:00\",\"dateModified\":\"2026-08-31T19:48:59+00:00\",\"inLanguage\":\"pt-BR\",\"potentialAction\":[{\"@type\":\"ReadAction\",\"target\":[\"https:\/\/insurancecorp.com.br\/pt\/2026\/08\/31\/fenacor-comemora-o-melhor-congresso-de-todos-os-tempos\/\"]}]},{\"@type\":\"Article\",\"@id\":\"https:\/\/insurancecorp.com.br\/pt\/2026\/08\/31\/fenacor-comemora-o-melhor-congresso-de-todos-os-tempos\/#article\",\"isPartOf\":{\"@id\":\"https:\/\/insurancecorp.com.br\/pt\/2026\/08\/31\/fenacor-comemora-o-melhor-congresso-de-todos-os-tempos\/#webpage\"},\"author\":{\"@id\":\"https:\/\/insurancecorp.com.br\/pt\/#\/schema\/person\/1b69c8cf325f0b7167f1b171f52df4af\"},\"headline\":\"Fenacor comemora o melhor congresso de todos os tempos\",\"datePublished\":\"2026-08-31T19:48:59+00:00\",\"dateModified\":\"2026-08-31T19:48:59+00:00\",\"mainEntityOfPage\":{\"@id\":\"https:\/\/insurancecorp.com.br\/pt\/2026\/08\/31\/fenacor-comemora-o-melhor-congresso-de-todos-os-tempos\/#webpage\"},\"commentCount\":0,\"publisher\":{\"@id\":\"https:\/\/insurancecorp.com.br\/pt\/#organization\"},\"image\":{\"@id\":\"https:\/\/insurancecorp.com.br\/pt\/2026\/08\/31\/fenacor-comemora-o-melhor-congresso-de-todos-os-tempos\/#primaryimage\"},\"keywords\":\"congresso,Fenacor,melhor,tempos\",\"articleSection\":\"Fenacor\",\"inLanguage\":\"pt-BR\",\"potentialAction\":[{\"@type\":\"CommentAction\",\"name\":\"Comment\",\"target\":[\"https:\/\/insurancecorp.com.br\/pt\/2026\/08\/31\/fenacor-comemora-o-melhor-congresso-de-todos-os-tempos\/#respond\"]}]},{\"@type\":\"Person\",\"@id\":\"https:\/\/insurancecorp.com.br\/pt\/#\/schema\/person\/1b69c8cf325f0b7167f1b171f52df4af\",\"name\":\"Publica\\u00e7\\u00e3o\",\"image\":{\"@type\":\"ImageObject\",\"@id\":\"https:\/\/insurancecorp.com.br\/pt\/#personlogo\",\"inLanguage\":\"pt-BR\",\"url\":\"https:\/\/secure.gravatar.com\/avatar\/17226f1f60486eb25d4c6b301ffed37f?s=96&d=mm&r=g\",\"caption\":\"Publica\\u00e7\\u00e3o\"}}]}<\/script>\n<!-- \/ Yoast SEO plugin. -->","_links":{"self":[{"href":"https:\/\/insurancecorp.com.br\/pt\/wp-json\/wp\/v2\/posts\/82863"}],"collection":[{"href":"https:\/\/insurancecorp.com.br\/pt\/wp-json\/wp\/v2\/posts"}],"about":[{"href":"https:\/\/insurancecorp.com.br\/pt\/wp-json\/wp\/v2\/types\/post"}],"author":[{"embeddable":true,"href":"https:\/\/insurancecorp.com.br\/pt\/wp-json\/wp\/v2\/users\/2"}],"replies":[{"embeddable":true,"href":"https:\/\/insurancecorp.com.br\/pt\/wp-json\/wp\/v2\/comments?post=82863"}],"version-history":[{"count":1,"href":"https:\/\/insurancecorp.com.br\/pt\/wp-json\/wp\/v2\/posts\/82863\/revisions"}],"predecessor-version":[{"id":82866,"href":"https:\/\/insurancecorp.com.br\/pt\/wp-json\/wp\/v2\/posts\/82863\/revisions\/82866"}],"wp:featuredmedia":[{"embeddable":true,"href":"https:\/\/insurancecorp.com.br\/pt\/wp-json\/wp\/v2\/media\/82865"}],"wp:attachment":[{"href":"https:\/\/insurancecorp.com.br\/pt\/wp-json\/wp\/v2\/media?parent=82863"}],"wp:term":[{"taxonomy":"category","embeddable":true,"href":"https:\/\/insurancecorp.com.br\/pt\/wp-json\/wp\/v2\/categories?post=82863"},{"taxonomy":"post_tag","embeddable":true,"href":"https:\/\/insurancecorp.com.br\/pt\/wp-json\/wp\/v2\/tags?post=82863"}],"curies":[{"name":"wp","href":"https:\/\/api.w.org\/{rel}","templated":true}]}}