{"id":82862,"date":"2026-08-31T16:49:13","date_gmt":"2026-08-31T19:49:13","guid":{"rendered":"https:\/\/insurancecorp.com.br\/pt\/?p=82862"},"modified":"2026-08-31T16:49:13","modified_gmt":"2026-08-31T19:49:13","slug":"viagem-do-pasi-chega-ao-seu-ponto-alto-com-a-experiencia-nas-dunas-e-lagoas-dos-lencois-maranhenses","status":"publish","type":"post","link":"https:\/\/insurancecorp.com.br\/pt\/2026\/08\/31\/viagem-do-pasi-chega-ao-seu-ponto-alto-com-a-experiencia-nas-dunas-e-lagoas-dos-lencois-maranhenses\/","title":{"rendered":"Viagem do PASI chega ao seu ponto alto com a experi\u00eancia nas dunas e lagoas dos Len\u00e7\u00f3is Maranhenses"},"content":{"rendered":"<p align=\"justify\">O grupo do Decole com os Influenciadores PASI viveu o dia mais aguardado da viagem: um passeio completo no Parque Nacional dos Len\u00e7\u00f3is Maranhenses. Entre dunas que chegam a 40 metros de altura e lagoas de \u00e1guas cristalinas, os corretores premiados exploraram de perto uma das paisagens mais impressionantes do mundo.<\/p>\n<p align=\"justify\">No meio do percurso, o grupo fez uma pausa para o almo\u00e7o, em um ambiente r\u00fastico e charmoso. A parada aproximou o grupo dos sabores t\u00edpicos da regi\u00e3o.<\/p>\n<p align=\"justify\">Para encerrar o dia, os premiados participaram de um piquenique ao p\u00f4r do sol, aproveitando as \u00faltimas luzes sobre a paisagem antes do retorno a Atins.<\/p>\n<p align=\"justify\"><a href=\"https:\/\/www.instagram.com\/seguropasi\/\" target=\"_blank\" rel=\"noopener noreferrer\">Acompanhe o PASI nas redes sociais.<\/a><\/p>\n<p align=\"justify\"><strong>Assessoria PASI<\/strong><\/p>\n","protected":false},"excerpt":{"rendered":"<p>O grupo do Decole com os Influenciadores PASI viveu o dia mais aguardado da viagem: um passeio completo no Parque Nacional dos Len\u00e7\u00f3is Maranhenses. Entre dunas que chegam a 40 metros de altura e lagoas de \u00e1guas cristalinas, os corretores premiados exploraram de perto uma das paisagens mais impressionantes do mundo. No meio do percurso, [&hellip;]<\/p>\n","protected":false},"author":2,"featured_media":82864,"comment_status":"open","ping_status":"open","sticky":false,"template":"","format":"standard","meta":[],"categories":[107],"tags":[17601,17570,17600],"jetpack_featured_media_url":"https:\/\/insurancecorp.com.br\/pt\/wp-content\/uploads\/2026\/08\/PASI-Lencois-Maranhenses.jpg","yoast_head":"<!-- This site is optimized with the Yoast SEO plugin v14.8 - https:\/\/yoast.com\/wordpress\/plugins\/seo\/ -->\n<title>Viagem do PASI chega ao seu ponto alto com a experi\u00eancia nas dunas e lagoas dos Len\u00e7\u00f3is Maranhenses | Revista Insurance Corp | PT-BR<\/title>\n<meta name=\"robots\" content=\"index, follow\" \/>\n<meta name=\"googlebot\" content=\"index, follow, max-snippet:-1, max-image-preview:large, max-video-preview:-1\" \/>\n<meta name=\"bingbot\" content=\"index, follow, max-snippet:-1, max-image-preview:large, max-video-preview:-1\" \/>\n<link rel=\"canonical\" href=\"https:\/\/insurancecorp.com.br\/pt\/2026\/08\/31\/viagem-do-pasi-chega-ao-seu-ponto-alto-com-a-experiencia-nas-dunas-e-lagoas-dos-lencois-maranhenses\/\" \/>\n<meta property=\"og:locale\" content=\"pt_BR\" \/>\n<meta property=\"og:type\" content=\"article\" \/>\n<meta property=\"og:title\" content=\"Viagem do PASI chega ao seu ponto alto com a experi\u00eancia nas dunas e lagoas dos Len\u00e7\u00f3is Maranhenses | Revista Insurance Corp | PT-BR\" \/>\n<meta property=\"og:description\" content=\"O grupo do Decole com os Influenciadores PASI viveu o dia mais aguardado da viagem: um passeio completo no Parque Nacional dos Len\u00e7\u00f3is Maranhenses. Entre dunas que chegam a 40 metros de altura e lagoas de \u00e1guas cristalinas, os corretores premiados exploraram de perto uma das paisagens mais impressionantes do mundo. No meio do percurso, [&hellip;]\" \/>\n<meta property=\"og:url\" content=\"https:\/\/insurancecorp.com.br\/pt\/2026\/08\/31\/viagem-do-pasi-chega-ao-seu-ponto-alto-com-a-experiencia-nas-dunas-e-lagoas-dos-lencois-maranhenses\/\" \/>\n<meta property=\"og:site_name\" content=\"Revista Insurance Corp | PT-BR\" \/>\n<meta property=\"article:publisher\" content=\"https:\/\/www.facebook.com\/RevistaInsuranceCorp\/\" \/>\n<meta property=\"article:published_time\" content=\"2026-08-31T19:49:13+00:00\" \/>\n<meta property=\"og:image\" content=\"https:\/\/insurancecorp.com.br\/pt\/wp-content\/uploads\/2026\/08\/PASI-Lencois-Maranhenses.jpg\" \/>\n\t<meta property=\"og:image:width\" content=\"2048\" \/>\n\t<meta property=\"og:image:height\" content=\"1365\" \/>\n<meta name=\"twitter:card\" content=\"summary\" \/>\n<script type=\"application\/ld+json\" class=\"yoast-schema-graph\">{\"@context\":\"https:\/\/schema.org\",\"@graph\":[{\"@type\":\"Organization\",\"@id\":\"https:\/\/insurancecorp.com.br\/pt\/#organization\",\"name\":\"Revista Insurance Corp\",\"url\":\"https:\/\/insurancecorp.com.br\/pt\/\",\"sameAs\":[\"https:\/\/www.facebook.com\/RevistaInsuranceCorp\/\"],\"logo\":{\"@type\":\"ImageObject\",\"@id\":\"https:\/\/insurancecorp.com.br\/pt\/#logo\",\"inLanguage\":\"pt-BR\",\"url\":\"\",\"caption\":\"Revista Insurance Corp\"},\"image\":{\"@id\":\"https:\/\/insurancecorp.com.br\/pt\/#logo\"}},{\"@type\":\"WebSite\",\"@id\":\"https:\/\/insurancecorp.com.br\/pt\/#website\",\"url\":\"https:\/\/insurancecorp.com.br\/pt\/\",\"name\":\"Revista Insurance Corp | PT-BR\",\"description\":\"A \\u00fanica revista bil\\u00edngue voltada ao mercado de seguro.\",\"publisher\":{\"@id\":\"https:\/\/insurancecorp.com.br\/pt\/#organization\"},\"potentialAction\":[{\"@type\":\"SearchAction\",\"target\":\"https:\/\/insurancecorp.com.br\/pt\/?s={search_term_string}\",\"query-input\":\"required name=search_term_string\"}],\"inLanguage\":\"pt-BR\"},{\"@type\":\"ImageObject\",\"@id\":\"https:\/\/insurancecorp.com.br\/pt\/2026\/08\/31\/viagem-do-pasi-chega-ao-seu-ponto-alto-com-a-experiencia-nas-dunas-e-lagoas-dos-lencois-maranhenses\/#primaryimage\",\"inLanguage\":\"pt-BR\",\"url\":\"https:\/\/insurancecorp.com.br\/pt\/wp-content\/uploads\/2026\/08\/PASI-Lencois-Maranhenses.jpg\",\"width\":2048,\"height\":1365},{\"@type\":\"WebPage\",\"@id\":\"https:\/\/insurancecorp.com.br\/pt\/2026\/08\/31\/viagem-do-pasi-chega-ao-seu-ponto-alto-com-a-experiencia-nas-dunas-e-lagoas-dos-lencois-maranhenses\/#webpage\",\"url\":\"https:\/\/insurancecorp.com.br\/pt\/2026\/08\/31\/viagem-do-pasi-chega-ao-seu-ponto-alto-com-a-experiencia-nas-dunas-e-lagoas-dos-lencois-maranhenses\/\",\"name\":\"Viagem do PASI chega ao seu ponto alto com a experi\\u00eancia nas dunas e lagoas dos Len\\u00e7\\u00f3is Maranhenses | Revista Insurance Corp | PT-BR\",\"isPartOf\":{\"@id\":\"https:\/\/insurancecorp.com.br\/pt\/#website\"},\"primaryImageOfPage\":{\"@id\":\"https:\/\/insurancecorp.com.br\/pt\/2026\/08\/31\/viagem-do-pasi-chega-ao-seu-ponto-alto-com-a-experiencia-nas-dunas-e-lagoas-dos-lencois-maranhenses\/#primaryimage\"},\"datePublished\":\"2026-08-31T19:49:13+00:00\",\"dateModified\":\"2026-08-31T19:49:13+00:00\",\"inLanguage\":\"pt-BR\",\"potentialAction\":[{\"@type\":\"ReadAction\",\"target\":[\"https:\/\/insurancecorp.com.br\/pt\/2026\/08\/31\/viagem-do-pasi-chega-ao-seu-ponto-alto-com-a-experiencia-nas-dunas-e-lagoas-dos-lencois-maranhenses\/\"]}]},{\"@type\":\"Article\",\"@id\":\"https:\/\/insurancecorp.com.br\/pt\/2026\/08\/31\/viagem-do-pasi-chega-ao-seu-ponto-alto-com-a-experiencia-nas-dunas-e-lagoas-dos-lencois-maranhenses\/#article\",\"isPartOf\":{\"@id\":\"https:\/\/insurancecorp.com.br\/pt\/2026\/08\/31\/viagem-do-pasi-chega-ao-seu-ponto-alto-com-a-experiencia-nas-dunas-e-lagoas-dos-lencois-maranhenses\/#webpage\"},\"author\":{\"@id\":\"https:\/\/insurancecorp.com.br\/pt\/#\/schema\/person\/1b69c8cf325f0b7167f1b171f52df4af\"},\"headline\":\"Viagem do PASI chega ao seu ponto alto com a experi\\u00eancia nas dunas e lagoas dos Len\\u00e7\\u00f3is Maranhenses\",\"datePublished\":\"2026-08-31T19:49:13+00:00\",\"dateModified\":\"2026-08-31T19:49:13+00:00\",\"mainEntityOfPage\":{\"@id\":\"https:\/\/insurancecorp.com.br\/pt\/2026\/08\/31\/viagem-do-pasi-chega-ao-seu-ponto-alto-com-a-experiencia-nas-dunas-e-lagoas-dos-lencois-maranhenses\/#webpage\"},\"commentCount\":0,\"publisher\":{\"@id\":\"https:\/\/insurancecorp.com.br\/pt\/#organization\"},\"image\":{\"@id\":\"https:\/\/insurancecorp.com.br\/pt\/2026\/08\/31\/viagem-do-pasi-chega-ao-seu-ponto-alto-com-a-experiencia-nas-dunas-e-lagoas-dos-lencois-maranhenses\/#primaryimage\"},\"keywords\":\"dunas e lagoas,Len\\u00e7\\u00f3is Maranhenses,Viagem do PASI\",\"articleSection\":\"Pasi\",\"inLanguage\":\"pt-BR\",\"potentialAction\":[{\"@type\":\"CommentAction\",\"name\":\"Comment\",\"target\":[\"https:\/\/insurancecorp.com.br\/pt\/2026\/08\/31\/viagem-do-pasi-chega-ao-seu-ponto-alto-com-a-experiencia-nas-dunas-e-lagoas-dos-lencois-maranhenses\/#respond\"]}]},{\"@type\":\"Person\",\"@id\":\"https:\/\/insurancecorp.com.br\/pt\/#\/schema\/person\/1b69c8cf325f0b7167f1b171f52df4af\",\"name\":\"Publica\\u00e7\\u00e3o\",\"image\":{\"@type\":\"ImageObject\",\"@id\":\"https:\/\/insurancecorp.com.br\/pt\/#personlogo\",\"inLanguage\":\"pt-BR\",\"url\":\"https:\/\/secure.gravatar.com\/avatar\/17226f1f60486eb25d4c6b301ffed37f?s=96&d=mm&r=g\",\"caption\":\"Publica\\u00e7\\u00e3o\"}}]}<\/script>\n<!-- \/ Yoast SEO plugin. -->","_links":{"self":[{"href":"https:\/\/insurancecorp.com.br\/pt\/wp-json\/wp\/v2\/posts\/82862"}],"collection":[{"href":"https:\/\/insurancecorp.com.br\/pt\/wp-json\/wp\/v2\/posts"}],"about":[{"href":"https:\/\/insurancecorp.com.br\/pt\/wp-json\/wp\/v2\/types\/post"}],"author":[{"embeddable":true,"href":"https:\/\/insurancecorp.com.br\/pt\/wp-json\/wp\/v2\/users\/2"}],"replies":[{"embeddable":true,"href":"https:\/\/insurancecorp.com.br\/pt\/wp-json\/wp\/v2\/comments?post=82862"}],"version-history":[{"count":1,"href":"https:\/\/insurancecorp.com.br\/pt\/wp-json\/wp\/v2\/posts\/82862\/revisions"}],"predecessor-version":[{"id":82867,"href":"https:\/\/insurancecorp.com.br\/pt\/wp-json\/wp\/v2\/posts\/82862\/revisions\/82867"}],"wp:featuredmedia":[{"embeddable":true,"href":"https:\/\/insurancecorp.com.br\/pt\/wp-json\/wp\/v2\/media\/82864"}],"wp:attachment":[{"href":"https:\/\/insurancecorp.com.br\/pt\/wp-json\/wp\/v2\/media?parent=82862"}],"wp:term":[{"taxonomy":"category","embeddable":true,"href":"https:\/\/insurancecorp.com.br\/pt\/wp-json\/wp\/v2\/categories?post=82862"},{"taxonomy":"post_tag","embeddable":true,"href":"https:\/\/insurancecorp.com.br\/pt\/wp-json\/wp\/v2\/tags?post=82862"}],"curies":[{"name":"wp","href":"https:\/\/api.w.org\/{rel}","templated":true}]}}