{"id":82853,"date":"2026-08-31T13:37:42","date_gmt":"2026-08-31T16:37:42","guid":{"rendered":"https:\/\/insurancecorp.com.br\/pt\/?p=82853"},"modified":"2026-08-31T13:37:42","modified_gmt":"2026-08-31T16:37:42","slug":"amil-resgate-e-o-protagonista-da-nova-campanha-da-amil","status":"publish","type":"post","link":"https:\/\/insurancecorp.com.br\/pt\/2026\/08\/31\/amil-resgate-e-o-protagonista-da-nova-campanha-da-amil\/","title":{"rendered":"Amil Resgate \u00e9 o protagonista da nova campanha da Amil"},"content":{"rendered":"<p align=\"justify\">A Amil lan\u00e7a, neste domingo, 30 de agosto, a sua nova campanha publicit\u00e1ria, que ter\u00e1 como protagonista o Amil Resgate. O servi\u00e7o foi criado em 1993 e conta com UTIs m\u00f3veis com tecnologia de \u00faltima gera\u00e7\u00e3o e profissionais altamente especializados para a remo\u00e7\u00e3o de pacientes por terra (atrav\u00e9s de ambul\u00e2ncias) ou pelo ar (por meio de helic\u00f3ptero ou jato). A estreia do filme ser\u00e1 no intervalo do Fant\u00e1stico, da Rede Globo.<\/p>\n<p align=\"justify\">O Amil Resgate faz a transfer\u00eancia de pessoas em estado grave e dos mais variados casos e patologias de alta complexidade, como politraumas e emerg\u00eancias cardiol\u00f3gicas e neurol\u00f3gicas. Todas as unidades possuem equipamentos para monitoramento, acompanhamento e tratamento em tempo real dos pacientes durante o deslocamento.<\/p>\n<p align=\"justify\">\u201c\u00c9 uma opera\u00e7\u00e3o grandiosa que conecta os clientes da Amil, caso eles precisem, ao melhor da Medicina, com m\u00e1xima agilidade e total seguran\u00e7a\u201d, destaca o diretor-executivo de Marketing e Comunica\u00e7\u00e3o do Grupo Amil, Luiz Periard.<\/p>\n<p align=\"justify\">A produ\u00e7\u00e3o do filme tamb\u00e9m foi de grande porte, com o envolvimento de 150 pessoas e a utiliza\u00e7\u00e3o de duas toneladas de equipamentos ao longo de 34 horas de grava\u00e7\u00f5es, realizadas no aeroporto de Jundia\u00ed e na pista de testes de uma fabricante de pneus, a 120km de S\u00e3o Paulo.<\/p>\n<p align=\"justify\">A m\u00fasica Danger Zone, famosa ap\u00f3s fazer parte do filme Top Gun, \u00e9 a trilha sonora da campanha. Ela ser\u00e1 veiculada em TV aberta e fechada, streamings, impresso, OOH e indoor OOH, m\u00eddias sociais, program\u00e1tica e principais portais e TVs conectadas.<\/p>\n<p align=\"justify\"><strong>Loures<\/strong><\/p>\n","protected":false},"excerpt":{"rendered":"<p>A Amil lan\u00e7a, neste domingo, 30 de agosto, a sua nova campanha publicit\u00e1ria, que ter\u00e1 como protagonista o Amil Resgate. O servi\u00e7o foi criado em 1993 e conta com UTIs m\u00f3veis com tecnologia de \u00faltima gera\u00e7\u00e3o e profissionais altamente especializados para a remo\u00e7\u00e3o de pacientes por terra (atrav\u00e9s de ambul\u00e2ncias) ou pelo ar (por meio [&hellip;]<\/p>\n","protected":false},"author":2,"featured_media":82856,"comment_status":"open","ping_status":"open","sticky":false,"template":"","format":"standard","meta":[],"categories":[143],"tags":[],"jetpack_featured_media_url":"https:\/\/insurancecorp.com.br\/pt\/wp-content\/uploads\/2026\/08\/image003.png","yoast_head":"<!-- This site is optimized with the Yoast SEO plugin v14.8 - https:\/\/yoast.com\/wordpress\/plugins\/seo\/ -->\n<title>Amil Resgate \u00e9 o protagonista da nova campanha da Amil | Revista Insurance Corp | PT-BR<\/title>\n<meta name=\"robots\" content=\"index, follow\" \/>\n<meta name=\"googlebot\" content=\"index, follow, max-snippet:-1, max-image-preview:large, max-video-preview:-1\" \/>\n<meta name=\"bingbot\" content=\"index, follow, max-snippet:-1, max-image-preview:large, max-video-preview:-1\" \/>\n<link rel=\"canonical\" href=\"https:\/\/insurancecorp.com.br\/pt\/2026\/08\/31\/amil-resgate-e-o-protagonista-da-nova-campanha-da-amil\/\" \/>\n<meta property=\"og:locale\" content=\"pt_BR\" \/>\n<meta property=\"og:type\" content=\"article\" \/>\n<meta property=\"og:title\" content=\"Amil Resgate \u00e9 o protagonista da nova campanha da Amil | Revista Insurance Corp | PT-BR\" \/>\n<meta property=\"og:description\" content=\"A Amil lan\u00e7a, neste domingo, 30 de agosto, a sua nova campanha publicit\u00e1ria, que ter\u00e1 como protagonista o Amil Resgate. O servi\u00e7o foi criado em 1993 e conta com UTIs m\u00f3veis com tecnologia de \u00faltima gera\u00e7\u00e3o e profissionais altamente especializados para a remo\u00e7\u00e3o de pacientes por terra (atrav\u00e9s de ambul\u00e2ncias) ou pelo ar (por meio [&hellip;]\" \/>\n<meta property=\"og:url\" content=\"https:\/\/insurancecorp.com.br\/pt\/2026\/08\/31\/amil-resgate-e-o-protagonista-da-nova-campanha-da-amil\/\" \/>\n<meta property=\"og:site_name\" content=\"Revista Insurance Corp | PT-BR\" \/>\n<meta property=\"article:publisher\" content=\"https:\/\/www.facebook.com\/RevistaInsuranceCorp\/\" \/>\n<meta property=\"article:published_time\" content=\"2026-08-31T16:37:42+00:00\" \/>\n<meta property=\"og:image\" content=\"https:\/\/insurancecorp.com.br\/pt\/wp-content\/uploads\/2026\/08\/image003-1024x576.png\" \/>\n\t<meta property=\"og:image:width\" content=\"1024\" \/>\n\t<meta property=\"og:image:height\" content=\"576\" \/>\n<meta name=\"twitter:card\" content=\"summary\" \/>\n<script type=\"application\/ld+json\" class=\"yoast-schema-graph\">{\"@context\":\"https:\/\/schema.org\",\"@graph\":[{\"@type\":\"Organization\",\"@id\":\"https:\/\/insurancecorp.com.br\/pt\/#organization\",\"name\":\"Revista Insurance Corp\",\"url\":\"https:\/\/insurancecorp.com.br\/pt\/\",\"sameAs\":[\"https:\/\/www.facebook.com\/RevistaInsuranceCorp\/\"],\"logo\":{\"@type\":\"ImageObject\",\"@id\":\"https:\/\/insurancecorp.com.br\/pt\/#logo\",\"inLanguage\":\"pt-BR\",\"url\":\"\",\"caption\":\"Revista Insurance Corp\"},\"image\":{\"@id\":\"https:\/\/insurancecorp.com.br\/pt\/#logo\"}},{\"@type\":\"WebSite\",\"@id\":\"https:\/\/insurancecorp.com.br\/pt\/#website\",\"url\":\"https:\/\/insurancecorp.com.br\/pt\/\",\"name\":\"Revista Insurance Corp | PT-BR\",\"description\":\"A \\u00fanica revista bil\\u00edngue voltada ao mercado de seguro.\",\"publisher\":{\"@id\":\"https:\/\/insurancecorp.com.br\/pt\/#organization\"},\"potentialAction\":[{\"@type\":\"SearchAction\",\"target\":\"https:\/\/insurancecorp.com.br\/pt\/?s={search_term_string}\",\"query-input\":\"required name=search_term_string\"}],\"inLanguage\":\"pt-BR\"},{\"@type\":\"ImageObject\",\"@id\":\"https:\/\/insurancecorp.com.br\/pt\/2026\/08\/31\/amil-resgate-e-o-protagonista-da-nova-campanha-da-amil\/#primaryimage\",\"inLanguage\":\"pt-BR\",\"url\":\"https:\/\/insurancecorp.com.br\/pt\/wp-content\/uploads\/2026\/08\/image003.png\",\"width\":1920,\"height\":1080},{\"@type\":\"WebPage\",\"@id\":\"https:\/\/insurancecorp.com.br\/pt\/2026\/08\/31\/amil-resgate-e-o-protagonista-da-nova-campanha-da-amil\/#webpage\",\"url\":\"https:\/\/insurancecorp.com.br\/pt\/2026\/08\/31\/amil-resgate-e-o-protagonista-da-nova-campanha-da-amil\/\",\"name\":\"Amil Resgate \\u00e9 o protagonista da nova campanha da Amil | Revista Insurance Corp | PT-BR\",\"isPartOf\":{\"@id\":\"https:\/\/insurancecorp.com.br\/pt\/#website\"},\"primaryImageOfPage\":{\"@id\":\"https:\/\/insurancecorp.com.br\/pt\/2026\/08\/31\/amil-resgate-e-o-protagonista-da-nova-campanha-da-amil\/#primaryimage\"},\"datePublished\":\"2026-08-31T16:37:42+00:00\",\"dateModified\":\"2026-08-31T16:37:42+00:00\",\"inLanguage\":\"pt-BR\",\"potentialAction\":[{\"@type\":\"ReadAction\",\"target\":[\"https:\/\/insurancecorp.com.br\/pt\/2026\/08\/31\/amil-resgate-e-o-protagonista-da-nova-campanha-da-amil\/\"]}]},{\"@type\":\"Article\",\"@id\":\"https:\/\/insurancecorp.com.br\/pt\/2026\/08\/31\/amil-resgate-e-o-protagonista-da-nova-campanha-da-amil\/#article\",\"isPartOf\":{\"@id\":\"https:\/\/insurancecorp.com.br\/pt\/2026\/08\/31\/amil-resgate-e-o-protagonista-da-nova-campanha-da-amil\/#webpage\"},\"author\":{\"@id\":\"https:\/\/insurancecorp.com.br\/pt\/#\/schema\/person\/1b69c8cf325f0b7167f1b171f52df4af\"},\"headline\":\"Amil Resgate \\u00e9 o protagonista da nova campanha da Amil\",\"datePublished\":\"2026-08-31T16:37:42+00:00\",\"dateModified\":\"2026-08-31T16:37:42+00:00\",\"mainEntityOfPage\":{\"@id\":\"https:\/\/insurancecorp.com.br\/pt\/2026\/08\/31\/amil-resgate-e-o-protagonista-da-nova-campanha-da-amil\/#webpage\"},\"commentCount\":0,\"publisher\":{\"@id\":\"https:\/\/insurancecorp.com.br\/pt\/#organization\"},\"image\":{\"@id\":\"https:\/\/insurancecorp.com.br\/pt\/2026\/08\/31\/amil-resgate-e-o-protagonista-da-nova-campanha-da-amil\/#primaryimage\"},\"articleSection\":\"Amil\",\"inLanguage\":\"pt-BR\",\"potentialAction\":[{\"@type\":\"CommentAction\",\"name\":\"Comment\",\"target\":[\"https:\/\/insurancecorp.com.br\/pt\/2026\/08\/31\/amil-resgate-e-o-protagonista-da-nova-campanha-da-amil\/#respond\"]}]},{\"@type\":\"Person\",\"@id\":\"https:\/\/insurancecorp.com.br\/pt\/#\/schema\/person\/1b69c8cf325f0b7167f1b171f52df4af\",\"name\":\"Publica\\u00e7\\u00e3o\",\"image\":{\"@type\":\"ImageObject\",\"@id\":\"https:\/\/insurancecorp.com.br\/pt\/#personlogo\",\"inLanguage\":\"pt-BR\",\"url\":\"https:\/\/secure.gravatar.com\/avatar\/17226f1f60486eb25d4c6b301ffed37f?s=96&d=mm&r=g\",\"caption\":\"Publica\\u00e7\\u00e3o\"}}]}<\/script>\n<!-- \/ Yoast SEO plugin. -->","_links":{"self":[{"href":"https:\/\/insurancecorp.com.br\/pt\/wp-json\/wp\/v2\/posts\/82853"}],"collection":[{"href":"https:\/\/insurancecorp.com.br\/pt\/wp-json\/wp\/v2\/posts"}],"about":[{"href":"https:\/\/insurancecorp.com.br\/pt\/wp-json\/wp\/v2\/types\/post"}],"author":[{"embeddable":true,"href":"https:\/\/insurancecorp.com.br\/pt\/wp-json\/wp\/v2\/users\/2"}],"replies":[{"embeddable":true,"href":"https:\/\/insurancecorp.com.br\/pt\/wp-json\/wp\/v2\/comments?post=82853"}],"version-history":[{"count":1,"href":"https:\/\/insurancecorp.com.br\/pt\/wp-json\/wp\/v2\/posts\/82853\/revisions"}],"predecessor-version":[{"id":82858,"href":"https:\/\/insurancecorp.com.br\/pt\/wp-json\/wp\/v2\/posts\/82853\/revisions\/82858"}],"wp:featuredmedia":[{"embeddable":true,"href":"https:\/\/insurancecorp.com.br\/pt\/wp-json\/wp\/v2\/media\/82856"}],"wp:attachment":[{"href":"https:\/\/insurancecorp.com.br\/pt\/wp-json\/wp\/v2\/media?parent=82853"}],"wp:term":[{"taxonomy":"category","embeddable":true,"href":"https:\/\/insurancecorp.com.br\/pt\/wp-json\/wp\/v2\/categories?post=82853"},{"taxonomy":"post_tag","embeddable":true,"href":"https:\/\/insurancecorp.com.br\/pt\/wp-json\/wp\/v2\/tags?post=82853"}],"curies":[{"name":"wp","href":"https:\/\/api.w.org\/{rel}","templated":true}]}}