{"id":82845,"date":"2026-08-31T13:26:42","date_gmt":"2026-08-31T16:26:42","guid":{"rendered":"https:\/\/insurancecorp.com.br\/pt\/?p=82845"},"modified":"2026-08-31T13:26:42","modified_gmt":"2026-08-31T16:26:42","slug":"tecnologia-e-uma-aliada-fundamental-para-o-setor-aecor-rj","status":"publish","type":"post","link":"https:\/\/insurancecorp.com.br\/pt\/2026\/08\/31\/tecnologia-e-uma-aliada-fundamental-para-o-setor-aecor-rj\/","title":{"rendered":"&#8220;Tecnologia \u00e9 uma aliada fundamental para o setor&#8221; &#8211; AECOR-RJ"},"content":{"rendered":"<p align=\"justify\">Eventos que fomentam o debate e o conhecimento para o principal canal de distribui\u00e7\u00e3o do mercado sempre estiveram na mira da Associa\u00e7\u00e3o Estadual dos Corretores de Seguros do Rio de Janeiro (AECOR-RJ). A entidade participa ativamente dos debates e das pautas fundamentais para a profiss\u00e3o, como foi o caso do 24\u00ba Congresso Brasileiro dos Corretores de Seguros, entre 27 e 29 de agosto, no Rio de Janeiro. \u201cConsidero este evento extremamente relevante e proveitoso, pois proporciona uma intera\u00e7\u00e3o direta com as seguradoras e permite o aprimoramento t\u00e9cnico acerca de novos produtos\u201d, afirmou o diretor Jayme Torres.<\/p>\n<p align=\"justify\">Torres \u00e9 participante ass\u00edduo do Congresso e aproveita a oportunidade para colher informa\u00e7\u00f5es e novidades do mercado e, posteriormente, as compartilha com os associados. Em rela\u00e7\u00e3o ao tema central do encontro \u2013 \u201cA Nova Era da Distribui\u00e7\u00e3o de Seguros no Brasil\u201d \u2013 ele ressalta o impacto da tecnologia e da intelig\u00eancia artificial no cotidiano do corretor. \u201cO segmento de seguros \u00e9 um dos mais din\u00e2micos da economia e, assim como em todos os setores da vida moderna, a tecnologia tem sido uma aliada fundamental\u201d, raciocina.<\/p>\n<p align=\"justify\">Ele se considera um entusiasta das ferramentas dispon\u00edveis, buscando sempre se atualizar. \u201cA IA, quando utilizada com discernimento, \u00e9 uma ferramenta de grande valor para a atividade do corretor\u201d, afirmou. Ele lembra que, tempos atr\u00e1s, o contato com os segurados era estritamente presencial ou telef\u00f4nico. Hoje, o perfil do cliente mudou, priorizando a agilidade de mensagens instant\u00e2neas e recursos digitais.<\/p>\n<p align=\"justify\">Al\u00e9m da tecnologia, a AECOR-RJ est\u00e1 atenta \u00e0s quest\u00f5es regulat\u00f3rias e suas implica\u00e7\u00f5es no dia a dia do corretor, mudan\u00e7as na legisla\u00e7\u00e3o e adequa\u00e7\u00e3o \u00e0 LGPD. Futuramente, na avalia\u00e7\u00e3o de Torres, ser\u00e1 preciso debater com profundidade a Reforma Tribut\u00e1ria e seus impactos para o setor. Segundo ele, o compromisso da associa\u00e7\u00e3o \u00e9 disponibilizar informa\u00e7\u00f5es atualizadas aos colegas, promover palestras e debates sobre temas vitais. O objetivo final \u00e9 preparar o corretor para os desafios e as novas demandas do mercado.<\/p>\n<p align=\"justify\"><strong>VTN Comunica\u00e7\u00e3o<\/strong><\/p>\n","protected":false},"excerpt":{"rendered":"<p>Eventos que fomentam o debate e o conhecimento para o principal canal de distribui\u00e7\u00e3o do mercado sempre estiveram na mira da Associa\u00e7\u00e3o Estadual dos Corretores de Seguros do Rio de Janeiro (AECOR-RJ). A entidade participa ativamente dos debates e das pautas fundamentais para a profiss\u00e3o, como foi o caso do 24\u00ba Congresso Brasileiro dos Corretores [&hellip;]<\/p>\n","protected":false},"author":2,"featured_media":82847,"comment_status":"open","ping_status":"open","sticky":false,"template":"","format":"standard","meta":[],"categories":[17390],"tags":[10162,9184,15062,676],"jetpack_featured_media_url":"https:\/\/insurancecorp.com.br\/pt\/wp-content\/uploads\/2026\/08\/image006-1-e1788193312926.jpg","yoast_head":"<!-- This site is optimized with the Yoast SEO plugin v14.8 - https:\/\/yoast.com\/wordpress\/plugins\/seo\/ -->\n<title>&quot;Tecnologia \u00e9 uma aliada fundamental para o setor&quot; - AECOR-RJ | Revista Insurance Corp | PT-BR<\/title>\n<meta name=\"robots\" content=\"index, follow\" \/>\n<meta name=\"googlebot\" content=\"index, follow, max-snippet:-1, max-image-preview:large, max-video-preview:-1\" \/>\n<meta name=\"bingbot\" content=\"index, follow, max-snippet:-1, max-image-preview:large, max-video-preview:-1\" \/>\n<link rel=\"canonical\" href=\"https:\/\/insurancecorp.com.br\/pt\/2026\/08\/31\/tecnologia-e-uma-aliada-fundamental-para-o-setor-aecor-rj\/\" \/>\n<meta property=\"og:locale\" content=\"pt_BR\" \/>\n<meta property=\"og:type\" content=\"article\" \/>\n<meta property=\"og:title\" content=\"&quot;Tecnologia \u00e9 uma aliada fundamental para o setor&quot; - AECOR-RJ | Revista Insurance Corp | PT-BR\" \/>\n<meta property=\"og:description\" content=\"Eventos que fomentam o debate e o conhecimento para o principal canal de distribui\u00e7\u00e3o do mercado sempre estiveram na mira da Associa\u00e7\u00e3o Estadual dos Corretores de Seguros do Rio de Janeiro (AECOR-RJ). A entidade participa ativamente dos debates e das pautas fundamentais para a profiss\u00e3o, como foi o caso do 24\u00ba Congresso Brasileiro dos Corretores [&hellip;]\" \/>\n<meta property=\"og:url\" content=\"https:\/\/insurancecorp.com.br\/pt\/2026\/08\/31\/tecnologia-e-uma-aliada-fundamental-para-o-setor-aecor-rj\/\" \/>\n<meta property=\"og:site_name\" content=\"Revista Insurance Corp | PT-BR\" \/>\n<meta property=\"article:publisher\" content=\"https:\/\/www.facebook.com\/RevistaInsuranceCorp\/\" \/>\n<meta property=\"article:published_time\" content=\"2026-08-31T16:26:42+00:00\" \/>\n<meta property=\"og:image\" content=\"https:\/\/insurancecorp.com.br\/pt\/wp-content\/uploads\/2026\/08\/image006-1-e1788193312926.jpg\" \/>\n\t<meta property=\"og:image:width\" content=\"276\" \/>\n\t<meta property=\"og:image:height\" content=\"178\" \/>\n<meta name=\"twitter:card\" content=\"summary\" \/>\n<script type=\"application\/ld+json\" class=\"yoast-schema-graph\">{\"@context\":\"https:\/\/schema.org\",\"@graph\":[{\"@type\":\"Organization\",\"@id\":\"https:\/\/insurancecorp.com.br\/pt\/#organization\",\"name\":\"Revista Insurance Corp\",\"url\":\"https:\/\/insurancecorp.com.br\/pt\/\",\"sameAs\":[\"https:\/\/www.facebook.com\/RevistaInsuranceCorp\/\"],\"logo\":{\"@type\":\"ImageObject\",\"@id\":\"https:\/\/insurancecorp.com.br\/pt\/#logo\",\"inLanguage\":\"pt-BR\",\"url\":\"\",\"caption\":\"Revista Insurance Corp\"},\"image\":{\"@id\":\"https:\/\/insurancecorp.com.br\/pt\/#logo\"}},{\"@type\":\"WebSite\",\"@id\":\"https:\/\/insurancecorp.com.br\/pt\/#website\",\"url\":\"https:\/\/insurancecorp.com.br\/pt\/\",\"name\":\"Revista Insurance Corp | PT-BR\",\"description\":\"A \\u00fanica revista bil\\u00edngue voltada ao mercado de seguro.\",\"publisher\":{\"@id\":\"https:\/\/insurancecorp.com.br\/pt\/#organization\"},\"potentialAction\":[{\"@type\":\"SearchAction\",\"target\":\"https:\/\/insurancecorp.com.br\/pt\/?s={search_term_string}\",\"query-input\":\"required name=search_term_string\"}],\"inLanguage\":\"pt-BR\"},{\"@type\":\"ImageObject\",\"@id\":\"https:\/\/insurancecorp.com.br\/pt\/2026\/08\/31\/tecnologia-e-uma-aliada-fundamental-para-o-setor-aecor-rj\/#primaryimage\",\"inLanguage\":\"pt-BR\",\"url\":\"https:\/\/insurancecorp.com.br\/pt\/wp-content\/uploads\/2026\/08\/image006-1-e1788193312926.jpg\",\"width\":276,\"height\":178},{\"@type\":\"WebPage\",\"@id\":\"https:\/\/insurancecorp.com.br\/pt\/2026\/08\/31\/tecnologia-e-uma-aliada-fundamental-para-o-setor-aecor-rj\/#webpage\",\"url\":\"https:\/\/insurancecorp.com.br\/pt\/2026\/08\/31\/tecnologia-e-uma-aliada-fundamental-para-o-setor-aecor-rj\/\",\"name\":\"\\\"Tecnologia \\u00e9 uma aliada fundamental para o setor\\\" - AECOR-RJ | Revista Insurance Corp | PT-BR\",\"isPartOf\":{\"@id\":\"https:\/\/insurancecorp.com.br\/pt\/#website\"},\"primaryImageOfPage\":{\"@id\":\"https:\/\/insurancecorp.com.br\/pt\/2026\/08\/31\/tecnologia-e-uma-aliada-fundamental-para-o-setor-aecor-rj\/#primaryimage\"},\"datePublished\":\"2026-08-31T16:26:42+00:00\",\"dateModified\":\"2026-08-31T16:26:42+00:00\",\"inLanguage\":\"pt-BR\",\"potentialAction\":[{\"@type\":\"ReadAction\",\"target\":[\"https:\/\/insurancecorp.com.br\/pt\/2026\/08\/31\/tecnologia-e-uma-aliada-fundamental-para-o-setor-aecor-rj\/\"]}]},{\"@type\":\"Article\",\"@id\":\"https:\/\/insurancecorp.com.br\/pt\/2026\/08\/31\/tecnologia-e-uma-aliada-fundamental-para-o-setor-aecor-rj\/#article\",\"isPartOf\":{\"@id\":\"https:\/\/insurancecorp.com.br\/pt\/2026\/08\/31\/tecnologia-e-uma-aliada-fundamental-para-o-setor-aecor-rj\/#webpage\"},\"author\":{\"@id\":\"https:\/\/insurancecorp.com.br\/pt\/#\/schema\/person\/1b69c8cf325f0b7167f1b171f52df4af\"},\"headline\":\"&#8220;Tecnologia \\u00e9 uma aliada fundamental para o setor&#8221; &#8211; AECOR-RJ\",\"datePublished\":\"2026-08-31T16:26:42+00:00\",\"dateModified\":\"2026-08-31T16:26:42+00:00\",\"mainEntityOfPage\":{\"@id\":\"https:\/\/insurancecorp.com.br\/pt\/2026\/08\/31\/tecnologia-e-uma-aliada-fundamental-para-o-setor-aecor-rj\/#webpage\"},\"commentCount\":0,\"publisher\":{\"@id\":\"https:\/\/insurancecorp.com.br\/pt\/#organization\"},\"image\":{\"@id\":\"https:\/\/insurancecorp.com.br\/pt\/2026\/08\/31\/tecnologia-e-uma-aliada-fundamental-para-o-setor-aecor-rj\/#primaryimage\"},\"keywords\":\"AECOR-RJ,aliada,fundamental,tecnologia\",\"articleSection\":\"AECOR-RJ\",\"inLanguage\":\"pt-BR\",\"potentialAction\":[{\"@type\":\"CommentAction\",\"name\":\"Comment\",\"target\":[\"https:\/\/insurancecorp.com.br\/pt\/2026\/08\/31\/tecnologia-e-uma-aliada-fundamental-para-o-setor-aecor-rj\/#respond\"]}]},{\"@type\":\"Person\",\"@id\":\"https:\/\/insurancecorp.com.br\/pt\/#\/schema\/person\/1b69c8cf325f0b7167f1b171f52df4af\",\"name\":\"Publica\\u00e7\\u00e3o\",\"image\":{\"@type\":\"ImageObject\",\"@id\":\"https:\/\/insurancecorp.com.br\/pt\/#personlogo\",\"inLanguage\":\"pt-BR\",\"url\":\"https:\/\/secure.gravatar.com\/avatar\/17226f1f60486eb25d4c6b301ffed37f?s=96&d=mm&r=g\",\"caption\":\"Publica\\u00e7\\u00e3o\"}}]}<\/script>\n<!-- \/ Yoast SEO plugin. -->","_links":{"self":[{"href":"https:\/\/insurancecorp.com.br\/pt\/wp-json\/wp\/v2\/posts\/82845"}],"collection":[{"href":"https:\/\/insurancecorp.com.br\/pt\/wp-json\/wp\/v2\/posts"}],"about":[{"href":"https:\/\/insurancecorp.com.br\/pt\/wp-json\/wp\/v2\/types\/post"}],"author":[{"embeddable":true,"href":"https:\/\/insurancecorp.com.br\/pt\/wp-json\/wp\/v2\/users\/2"}],"replies":[{"embeddable":true,"href":"https:\/\/insurancecorp.com.br\/pt\/wp-json\/wp\/v2\/comments?post=82845"}],"version-history":[{"count":1,"href":"https:\/\/insurancecorp.com.br\/pt\/wp-json\/wp\/v2\/posts\/82845\/revisions"}],"predecessor-version":[{"id":82850,"href":"https:\/\/insurancecorp.com.br\/pt\/wp-json\/wp\/v2\/posts\/82845\/revisions\/82850"}],"wp:featuredmedia":[{"embeddable":true,"href":"https:\/\/insurancecorp.com.br\/pt\/wp-json\/wp\/v2\/media\/82847"}],"wp:attachment":[{"href":"https:\/\/insurancecorp.com.br\/pt\/wp-json\/wp\/v2\/media?parent=82845"}],"wp:term":[{"taxonomy":"category","embeddable":true,"href":"https:\/\/insurancecorp.com.br\/pt\/wp-json\/wp\/v2\/categories?post=82845"},{"taxonomy":"post_tag","embeddable":true,"href":"https:\/\/insurancecorp.com.br\/pt\/wp-json\/wp\/v2\/tags?post=82845"}],"curies":[{"name":"wp","href":"https:\/\/api.w.org\/{rel}","templated":true}]}}