{"id":82839,"date":"2026-08-31T13:11:24","date_gmt":"2026-08-31T16:11:24","guid":{"rendered":"https:\/\/insurancecorp.com.br\/pt\/?p=82839"},"modified":"2026-08-31T13:11:24","modified_gmt":"2026-08-31T16:11:24","slug":"preabilitacao-pediatrica-preparar-hoje-para-operar-melhor-amanha","status":"publish","type":"post","link":"https:\/\/insurancecorp.com.br\/pt\/2026\/08\/31\/preabilitacao-pediatrica-preparar-hoje-para-operar-melhor-amanha\/","title":{"rendered":"Preabilita\u00e7\u00e3o pedi\u00e1trica, preparar hoje para operar melhor amanh\u00e3"},"content":{"rendered":"<p align=\"justify\">Como cirurgi\u00e3o pedi\u00e1trico, uma pergunta tem me acompanhado cada vez mais dentro do consult\u00f3rio: ser\u00e1 que a prepara\u00e7\u00e3o de uma crian\u00e7a para uma cirurgia come\u00e7a, de fato, na consulta pr\u00e9-operat\u00f3ria?<\/p>\n<p align=\"justify\">A pr\u00e1tica consagrada \u00e9 conhecida. Pedimos exames, encaminhamos para avalia\u00e7\u00e3o anest\u00e9sica e explicamos o procedimento \u00e0 fam\u00edlia na semana anterior \u00e0 interna\u00e7\u00e3o. \u00c9 um protocolo s\u00f3lido, testado e indispens\u00e1vel. Mas, depois de anos operando crian\u00e7as, percebi que existe uma camada de preparo ainda mais decisiva \u2014 uma que n\u00e3o cabe em uma \u00fanica consulta porque come\u00e7a meses, e \u00e0s vezes anos, antes de a crian\u00e7a pisar no centro cir\u00fargico.<\/p>\n<p align=\"justify\">Toda cirurgia \u00e9, fisiologicamente, uma agress\u00e3o controlada. Ap\u00f3s o corte, o organismo precisa cicatrizar tecidos, sustentar as fun\u00e7\u00f5es cardiovascular e respirat\u00f3ria sob estresse, conter o risco de infec\u00e7\u00e3o e reconstruir a massa muscular perdida no p\u00f3s-operat\u00f3rio. Nada disso come\u00e7a na mesa de cirurgia; \u00e9 o resultado direto da reserva fisiol\u00f3gica que a crian\u00e7a j\u00e1 carrega ao entrar no hospital.<\/p>\n<p align=\"justify\">Crian\u00e7as que praticam atividades f\u00edsicas com regularidade e t\u00eam uma alimenta\u00e7\u00e3o equilibrada n\u00e3o s\u00e3o apenas &#8220;mais fortes&#8221; no sentido coloquial. Elas chegam ao procedimento com melhor capacidade cardiovascular, maior reserva muscular e uma resposta imunol\u00f3gica mais eficiente \u2014 tr\u00eas vari\u00e1veis que se traduzem em recupera\u00e7\u00f5es mais r\u00e1pidas e com menos complica\u00e7\u00f5es.<\/p>\n<p align=\"justify\">O caminho inverso tamb\u00e9m \u00e9 real e preocupante, sobretudo diante do avan\u00e7o do sedentarismo infantil. Maus h\u00e1bitos alimentares e a inatividade f\u00edsica corroem essa reserva ao longo dos anos, deixando o organismo com menos margem de seguran\u00e7a para absorver o estresse cir\u00fargico.<\/p>\n<p align=\"justify\">Embora o conceito de preabilita\u00e7\u00e3o \u2014 preparar o paciente f\u00edsica e nutricionalmente antes da cirurgia, e n\u00e3o apenas reabilit\u00e1-lo depois \u2014 seja mais estudado em adultos, seus fundamentos fisiol\u00f3gicos aplicam-se com igual ou maior relev\u00e2ncia a organismos em desenvolvimento.<\/p>\n<p align=\"justify\">Se ampliarmos esse conceito, o preparo pr\u00e9-operat\u00f3rio deixa de se restringir \u00e0 semana anterior ao procedimento. Ele come\u00e7a na quadra, na piscina, no parque, na bicicleta e \u00e0 mesa das refei\u00e7\u00f5es em fam\u00edlia. Isso tamb\u00e9m transforma o papel do m\u00e9dico: cada consulta pedi\u00e1trica passa a ser uma oportunidade de educa\u00e7\u00e3o em sa\u00fade, estimulando h\u00e1bitos que beneficiar\u00e3o n\u00e3o apenas uma eventual cirurgia, mas a trajet\u00f3ria de vida daquela crian\u00e7a.<\/p>\n<p align=\"justify\">No fim das contas, preparar uma crian\u00e7a para uma cirurgia pode significar, na pr\u00e1tica, preparar uma vida inteira para ser mais saud\u00e1vel, usando o procedimento como ponto de partida para lembrar o que deveria ser \u00f3bvio: corpo ativo e bem nutrido n\u00e3o \u00e9 luxo, \u00e9 reserva de sa\u00fade.<\/p>\n<p align=\"justify\"><strong>TREE Comunica\u00e7\u00e3o<\/strong><\/p>\n","protected":false},"excerpt":{"rendered":"<p>Como cirurgi\u00e3o pedi\u00e1trico, uma pergunta tem me acompanhado cada vez mais dentro do consult\u00f3rio: ser\u00e1 que a prepara\u00e7\u00e3o de uma crian\u00e7a para uma cirurgia come\u00e7a, de fato, na consulta pr\u00e9-operat\u00f3ria? A pr\u00e1tica consagrada \u00e9 conhecida. Pedimos exames, encaminhamos para avalia\u00e7\u00e3o anest\u00e9sica e explicamos o procedimento \u00e0 fam\u00edlia na semana anterior \u00e0 interna\u00e7\u00e3o. \u00c9 um protocolo [&hellip;]<\/p>\n","protected":false},"author":2,"featured_media":82841,"comment_status":"open","ping_status":"open","sticky":false,"template":"","format":"standard","meta":[],"categories":[284],"tags":[1833,1832,17588,17589],"jetpack_featured_media_url":"https:\/\/insurancecorp.com.br\/pt\/wp-content\/uploads\/2026\/08\/DSC2656-scaled-e1788192313184.jpg","yoast_head":"<!-- This site is optimized with the Yoast SEO plugin v14.8 - https:\/\/yoast.com\/wordpress\/plugins\/seo\/ -->\n<title>Preabilita\u00e7\u00e3o pedi\u00e1trica, preparar hoje para operar melhor amanh\u00e3 | Revista Insurance Corp | PT-BR<\/title>\n<meta name=\"robots\" content=\"index, follow\" \/>\n<meta name=\"googlebot\" content=\"index, follow, max-snippet:-1, max-image-preview:large, max-video-preview:-1\" \/>\n<meta name=\"bingbot\" content=\"index, follow, max-snippet:-1, max-image-preview:large, max-video-preview:-1\" \/>\n<link rel=\"canonical\" href=\"https:\/\/insurancecorp.com.br\/pt\/2026\/08\/31\/preabilitacao-pediatrica-preparar-hoje-para-operar-melhor-amanha\/\" \/>\n<meta property=\"og:locale\" content=\"pt_BR\" \/>\n<meta property=\"og:type\" content=\"article\" \/>\n<meta property=\"og:title\" content=\"Preabilita\u00e7\u00e3o pedi\u00e1trica, preparar hoje para operar melhor amanh\u00e3 | Revista Insurance Corp | PT-BR\" \/>\n<meta property=\"og:description\" content=\"Como cirurgi\u00e3o pedi\u00e1trico, uma pergunta tem me acompanhado cada vez mais dentro do consult\u00f3rio: ser\u00e1 que a prepara\u00e7\u00e3o de uma crian\u00e7a para uma cirurgia come\u00e7a, de fato, na consulta pr\u00e9-operat\u00f3ria? A pr\u00e1tica consagrada \u00e9 conhecida. Pedimos exames, encaminhamos para avalia\u00e7\u00e3o anest\u00e9sica e explicamos o procedimento \u00e0 fam\u00edlia na semana anterior \u00e0 interna\u00e7\u00e3o. \u00c9 um protocolo [&hellip;]\" \/>\n<meta property=\"og:url\" content=\"https:\/\/insurancecorp.com.br\/pt\/2026\/08\/31\/preabilitacao-pediatrica-preparar-hoje-para-operar-melhor-amanha\/\" \/>\n<meta property=\"og:site_name\" content=\"Revista Insurance Corp | PT-BR\" \/>\n<meta property=\"article:publisher\" content=\"https:\/\/www.facebook.com\/RevistaInsuranceCorp\/\" \/>\n<meta property=\"article:published_time\" content=\"2026-08-31T16:11:24+00:00\" \/>\n<meta property=\"og:image\" content=\"https:\/\/insurancecorp.com.br\/pt\/wp-content\/uploads\/2026\/08\/DSC2656-scaled-e1788192313184.jpg\" \/>\n\t<meta property=\"og:image:width\" content=\"2560\" \/>\n\t<meta property=\"og:image:height\" content=\"1056\" \/>\n<meta name=\"twitter:card\" content=\"summary\" \/>\n<script type=\"application\/ld+json\" class=\"yoast-schema-graph\">{\"@context\":\"https:\/\/schema.org\",\"@graph\":[{\"@type\":\"Organization\",\"@id\":\"https:\/\/insurancecorp.com.br\/pt\/#organization\",\"name\":\"Revista Insurance Corp\",\"url\":\"https:\/\/insurancecorp.com.br\/pt\/\",\"sameAs\":[\"https:\/\/www.facebook.com\/RevistaInsuranceCorp\/\"],\"logo\":{\"@type\":\"ImageObject\",\"@id\":\"https:\/\/insurancecorp.com.br\/pt\/#logo\",\"inLanguage\":\"pt-BR\",\"url\":\"\",\"caption\":\"Revista Insurance Corp\"},\"image\":{\"@id\":\"https:\/\/insurancecorp.com.br\/pt\/#logo\"}},{\"@type\":\"WebSite\",\"@id\":\"https:\/\/insurancecorp.com.br\/pt\/#website\",\"url\":\"https:\/\/insurancecorp.com.br\/pt\/\",\"name\":\"Revista Insurance Corp | PT-BR\",\"description\":\"A \\u00fanica revista bil\\u00edngue voltada ao mercado de seguro.\",\"publisher\":{\"@id\":\"https:\/\/insurancecorp.com.br\/pt\/#organization\"},\"potentialAction\":[{\"@type\":\"SearchAction\",\"target\":\"https:\/\/insurancecorp.com.br\/pt\/?s={search_term_string}\",\"query-input\":\"required name=search_term_string\"}],\"inLanguage\":\"pt-BR\"},{\"@type\":\"ImageObject\",\"@id\":\"https:\/\/insurancecorp.com.br\/pt\/2026\/08\/31\/preabilitacao-pediatrica-preparar-hoje-para-operar-melhor-amanha\/#primaryimage\",\"inLanguage\":\"pt-BR\",\"url\":\"https:\/\/insurancecorp.com.br\/pt\/wp-content\/uploads\/2026\/08\/DSC2656-scaled-e1788192313184.jpg\",\"width\":2560,\"height\":1056},{\"@type\":\"WebPage\",\"@id\":\"https:\/\/insurancecorp.com.br\/pt\/2026\/08\/31\/preabilitacao-pediatrica-preparar-hoje-para-operar-melhor-amanha\/#webpage\",\"url\":\"https:\/\/insurancecorp.com.br\/pt\/2026\/08\/31\/preabilitacao-pediatrica-preparar-hoje-para-operar-melhor-amanha\/\",\"name\":\"Preabilita\\u00e7\\u00e3o pedi\\u00e1trica, preparar hoje para operar melhor amanh\\u00e3 | Revista Insurance Corp | PT-BR\",\"isPartOf\":{\"@id\":\"https:\/\/insurancecorp.com.br\/pt\/#website\"},\"primaryImageOfPage\":{\"@id\":\"https:\/\/insurancecorp.com.br\/pt\/2026\/08\/31\/preabilitacao-pediatrica-preparar-hoje-para-operar-melhor-amanha\/#primaryimage\"},\"datePublished\":\"2026-08-31T16:11:24+00:00\",\"dateModified\":\"2026-08-31T16:11:24+00:00\",\"inLanguage\":\"pt-BR\",\"potentialAction\":[{\"@type\":\"ReadAction\",\"target\":[\"https:\/\/insurancecorp.com.br\/pt\/2026\/08\/31\/preabilitacao-pediatrica-preparar-hoje-para-operar-melhor-amanha\/\"]}]},{\"@type\":\"Article\",\"@id\":\"https:\/\/insurancecorp.com.br\/pt\/2026\/08\/31\/preabilitacao-pediatrica-preparar-hoje-para-operar-melhor-amanha\/#article\",\"isPartOf\":{\"@id\":\"https:\/\/insurancecorp.com.br\/pt\/2026\/08\/31\/preabilitacao-pediatrica-preparar-hoje-para-operar-melhor-amanha\/#webpage\"},\"author\":{\"@id\":\"https:\/\/insurancecorp.com.br\/pt\/#\/schema\/person\/1b69c8cf325f0b7167f1b171f52df4af\"},\"headline\":\"Preabilita\\u00e7\\u00e3o pedi\\u00e1trica, preparar hoje para operar melhor amanh\\u00e3\",\"datePublished\":\"2026-08-31T16:11:24+00:00\",\"dateModified\":\"2026-08-31T16:11:24+00:00\",\"mainEntityOfPage\":{\"@id\":\"https:\/\/insurancecorp.com.br\/pt\/2026\/08\/31\/preabilitacao-pediatrica-preparar-hoje-para-operar-melhor-amanha\/#webpage\"},\"commentCount\":0,\"publisher\":{\"@id\":\"https:\/\/insurancecorp.com.br\/pt\/#organization\"},\"image\":{\"@id\":\"https:\/\/insurancecorp.com.br\/pt\/2026\/08\/31\/preabilitacao-pediatrica-preparar-hoje-para-operar-melhor-amanha\/#primaryimage\"},\"keywords\":\"amanh\\u00e3,hoje,pedi\\u00e1trica,Preabilita\\u00e7\\u00e3o\",\"articleSection\":\"Unimed\",\"inLanguage\":\"pt-BR\",\"potentialAction\":[{\"@type\":\"CommentAction\",\"name\":\"Comment\",\"target\":[\"https:\/\/insurancecorp.com.br\/pt\/2026\/08\/31\/preabilitacao-pediatrica-preparar-hoje-para-operar-melhor-amanha\/#respond\"]}]},{\"@type\":\"Person\",\"@id\":\"https:\/\/insurancecorp.com.br\/pt\/#\/schema\/person\/1b69c8cf325f0b7167f1b171f52df4af\",\"name\":\"Publica\\u00e7\\u00e3o\",\"image\":{\"@type\":\"ImageObject\",\"@id\":\"https:\/\/insurancecorp.com.br\/pt\/#personlogo\",\"inLanguage\":\"pt-BR\",\"url\":\"https:\/\/secure.gravatar.com\/avatar\/17226f1f60486eb25d4c6b301ffed37f?s=96&d=mm&r=g\",\"caption\":\"Publica\\u00e7\\u00e3o\"}}]}<\/script>\n<!-- \/ Yoast SEO plugin. -->","_links":{"self":[{"href":"https:\/\/insurancecorp.com.br\/pt\/wp-json\/wp\/v2\/posts\/82839"}],"collection":[{"href":"https:\/\/insurancecorp.com.br\/pt\/wp-json\/wp\/v2\/posts"}],"about":[{"href":"https:\/\/insurancecorp.com.br\/pt\/wp-json\/wp\/v2\/types\/post"}],"author":[{"embeddable":true,"href":"https:\/\/insurancecorp.com.br\/pt\/wp-json\/wp\/v2\/users\/2"}],"replies":[{"embeddable":true,"href":"https:\/\/insurancecorp.com.br\/pt\/wp-json\/wp\/v2\/comments?post=82839"}],"version-history":[{"count":1,"href":"https:\/\/insurancecorp.com.br\/pt\/wp-json\/wp\/v2\/posts\/82839\/revisions"}],"predecessor-version":[{"id":82843,"href":"https:\/\/insurancecorp.com.br\/pt\/wp-json\/wp\/v2\/posts\/82839\/revisions\/82843"}],"wp:featuredmedia":[{"embeddable":true,"href":"https:\/\/insurancecorp.com.br\/pt\/wp-json\/wp\/v2\/media\/82841"}],"wp:attachment":[{"href":"https:\/\/insurancecorp.com.br\/pt\/wp-json\/wp\/v2\/media?parent=82839"}],"wp:term":[{"taxonomy":"category","embeddable":true,"href":"https:\/\/insurancecorp.com.br\/pt\/wp-json\/wp\/v2\/categories?post=82839"},{"taxonomy":"post_tag","embeddable":true,"href":"https:\/\/insurancecorp.com.br\/pt\/wp-json\/wp\/v2\/tags?post=82839"}],"curies":[{"name":"wp","href":"https:\/\/api.w.org\/{rel}","templated":true}]}}