{"id":82827,"date":"2026-08-31T11:05:58","date_gmt":"2026-08-31T14:05:58","guid":{"rendered":"https:\/\/insurancecorp.com.br\/pt\/?p=82827"},"modified":"2026-08-31T11:05:58","modified_gmt":"2026-08-31T14:05:58","slug":"sulamerica-defende-integracao-entre-saude-e-vida-como-nova-fronteira-do-mercado-segurador","status":"publish","type":"post","link":"https:\/\/insurancecorp.com.br\/pt\/2026\/08\/31\/sulamerica-defende-integracao-entre-saude-e-vida-como-nova-fronteira-do-mercado-segurador\/","title":{"rendered":"SulAm\u00e9rica defende integra\u00e7\u00e3o entre Sa\u00fade e Vida como nova fronteira do mercado segurador"},"content":{"rendered":"<p align=\"justify\">O aumento da expectativa de vida e a busca crescente por bem-estar est\u00e3o redefinindo a maneira como os brasileiros lidam com a prote\u00e7\u00e3o pessoal e financeira. Diante dessa transforma\u00e7\u00e3o, a <strong>SulAm\u00e9rica<\/strong> defendeu a integra\u00e7\u00e3o definitiva entre as carteiras de Sa\u00fade e Seguro de Vida como estrat\u00e9gia central para o futuro do setor. A vis\u00e3o foi apresentada durante o <strong>13\u00ba Encontro Corretor Unido \u00e9 + Seguro<\/strong>, que reuniu cerca de 300 profissionais em Campo Grande.<\/p>\n<p align=\"justify\">Durante o painel <i>&#8220;Prote\u00e7\u00e3o Pessoal&#8221;<\/i>, Raphael Cunha, Superintendente Regional Comercial da SulAm\u00e9rica, apontou que o mercado precisa ir al\u00e9m da venda isolada de ap\u00f3lices e atuar na gest\u00e3o cont\u00ednua de riscos das fam\u00edlias.<\/p>\n<p align=\"justify\"><i>&#8220;O consumidor de hoje est\u00e1 mais consciente, mas ainda existe uma dist\u00e2ncia significativa entre estar ciente do risco e estar efetivamente protegido. \u00c9 exatamente nesse espa\u00e7o que reside a maior oportunidade de expans\u00e3o do mercado segurador&#8221;<\/i>, destacou Cunha.<\/p>\n<h4 align=\"justify\">Da rea\u00e7\u00e3o \u00e0 preven\u00e7\u00e3o: a nova jornada da sa\u00fade<\/h4>\n<p align=\"justify\">Segundo a companhia, o conceito tradicional de seguro que antes era focado majoritariamente na rea\u00e7\u00e3o a sinistros ou imprevistos, deu lugar a um modelo preditivo e promocional. A jornada de prote\u00e7\u00e3o agora come\u00e7a muito antes do problema surgir e integra preven\u00e7\u00e3o, incentivo ao bem-estar e cuidados com a sa\u00fade f\u00edsica e mental; cuidado e assist\u00eancia, com acesso facilitado \u00e0 rede m\u00e9dica e suporte cont\u00ednuo; e seguran\u00e7a financeira, como forma de blindagem da renda e do patrim\u00f4nio familiar em momentos cr\u00edticos.<\/p>\n<p align=\"justify\">A quest\u00e3o da longevidade tamb\u00e9m ganhou destaque nos debates. <i>&#8220;Conquistamos o direito de viver mais. Agora, o desafio central do setor \u00e9 ajudar as pessoas a financiarem e protegerem esses anos adicionais de vida com qualidade e estabilidade econ\u00f4mica&#8221;<\/i>, refor\u00e7ou o executivo.<\/p>\n<p align=\"justify\">A evolu\u00e7\u00e3o no perfil do consumidor exige uma mudan\u00e7a profunda tamb\u00e9m no canal de vendas. A SulAm\u00e9rica ressaltou que o papel do corretor migrou da simples distribui\u00e7\u00e3o de produtos para uma consultoria patrimonial e familiar abrangente.<\/p>\n<p align=\"justify\">De acordo com Cunha, o segredo para destravar novas oportunidades muitas vezes j\u00e1 est\u00e1 na pr\u00f3pria base de clientes do corretor: <i>&#8220;O profissional que deseja crescer precisa mudar a pergunta de &#8216;qual produto posso vender?&#8217; para &#8216;quais riscos do meu cliente ainda est\u00e3o desprotegidos?&#8217;. Aprofundar o relacionamento com a carteira atual, entendendo a din\u00e2mica da fam\u00edlia e de seus neg\u00f3cios, consolida o corretor como um verdadeiro parceiro estrat\u00e9gico de prote\u00e7\u00e3o.&#8221;<\/i><\/p>\n<p align=\"justify\">O painel no Mato Grosso do Sul tamb\u00e9m abordou temas transversais e cruciais para a ind\u00fastria, como a sustentabilidade do sistema de sa\u00fade suplementar, educa\u00e7\u00e3o financeira, tend\u00eancias em benef\u00edcios corporativos e o planejamento para a maturidade.<\/p>\n<p align=\"justify\"><strong>GRB Comunica\u00e7\u00e3o<\/strong><\/p>\n","protected":false},"excerpt":{"rendered":"<p>O aumento da expectativa de vida e a busca crescente por bem-estar est\u00e3o redefinindo a maneira como os brasileiros lidam com a prote\u00e7\u00e3o pessoal e financeira. Diante dessa transforma\u00e7\u00e3o, a SulAm\u00e9rica defendeu a integra\u00e7\u00e3o definitiva entre as carteiras de Sa\u00fade e Seguro de Vida como estrat\u00e9gia central para o futuro do setor. A vis\u00e3o foi [&hellip;]<\/p>\n","protected":false},"author":2,"featured_media":41544,"comment_status":"open","ping_status":"open","sticky":false,"template":"","format":"standard","meta":[],"categories":[135],"tags":[591,1356,701,1382],"jetpack_featured_media_url":"https:\/\/insurancecorp.com.br\/pt\/wp-content\/uploads\/2023\/03\/Sulamerica_NovaMarca_300.jpg","yoast_head":"<!-- This site is optimized with the Yoast SEO plugin v14.8 - https:\/\/yoast.com\/wordpress\/plugins\/seo\/ -->\n<title>SulAm\u00e9rica defende integra\u00e7\u00e3o entre Sa\u00fade e Vida como nova fronteira do mercado segurador | Revista Insurance Corp | PT-BR<\/title>\n<meta name=\"robots\" content=\"index, follow\" \/>\n<meta name=\"googlebot\" content=\"index, follow, max-snippet:-1, max-image-preview:large, max-video-preview:-1\" \/>\n<meta name=\"bingbot\" content=\"index, follow, max-snippet:-1, max-image-preview:large, max-video-preview:-1\" \/>\n<link rel=\"canonical\" href=\"https:\/\/insurancecorp.com.br\/pt\/2026\/08\/31\/sulamerica-defende-integracao-entre-saude-e-vida-como-nova-fronteira-do-mercado-segurador\/\" \/>\n<meta property=\"og:locale\" content=\"pt_BR\" \/>\n<meta property=\"og:type\" content=\"article\" \/>\n<meta property=\"og:title\" content=\"SulAm\u00e9rica defende integra\u00e7\u00e3o entre Sa\u00fade e Vida como nova fronteira do mercado segurador | Revista Insurance Corp | PT-BR\" \/>\n<meta property=\"og:description\" content=\"O aumento da expectativa de vida e a busca crescente por bem-estar est\u00e3o redefinindo a maneira como os brasileiros lidam com a prote\u00e7\u00e3o pessoal e financeira. Diante dessa transforma\u00e7\u00e3o, a SulAm\u00e9rica defendeu a integra\u00e7\u00e3o definitiva entre as carteiras de Sa\u00fade e Seguro de Vida como estrat\u00e9gia central para o futuro do setor. A vis\u00e3o foi [&hellip;]\" \/>\n<meta property=\"og:url\" content=\"https:\/\/insurancecorp.com.br\/pt\/2026\/08\/31\/sulamerica-defende-integracao-entre-saude-e-vida-como-nova-fronteira-do-mercado-segurador\/\" \/>\n<meta property=\"og:site_name\" content=\"Revista Insurance Corp | PT-BR\" \/>\n<meta property=\"article:publisher\" content=\"https:\/\/www.facebook.com\/RevistaInsuranceCorp\/\" \/>\n<meta property=\"article:published_time\" content=\"2026-08-31T14:05:58+00:00\" \/>\n<meta property=\"og:image\" content=\"https:\/\/insurancecorp.com.br\/pt\/wp-content\/uploads\/2023\/03\/Sulamerica_NovaMarca_300.jpg\" \/>\n\t<meta property=\"og:image:width\" content=\"300\" \/>\n\t<meta property=\"og:image:height\" content=\"200\" \/>\n<meta name=\"twitter:card\" content=\"summary\" \/>\n<script type=\"application\/ld+json\" class=\"yoast-schema-graph\">{\"@context\":\"https:\/\/schema.org\",\"@graph\":[{\"@type\":\"Organization\",\"@id\":\"https:\/\/insurancecorp.com.br\/pt\/#organization\",\"name\":\"Revista Insurance Corp\",\"url\":\"https:\/\/insurancecorp.com.br\/pt\/\",\"sameAs\":[\"https:\/\/www.facebook.com\/RevistaInsuranceCorp\/\"],\"logo\":{\"@type\":\"ImageObject\",\"@id\":\"https:\/\/insurancecorp.com.br\/pt\/#logo\",\"inLanguage\":\"pt-BR\",\"url\":\"\",\"caption\":\"Revista Insurance Corp\"},\"image\":{\"@id\":\"https:\/\/insurancecorp.com.br\/pt\/#logo\"}},{\"@type\":\"WebSite\",\"@id\":\"https:\/\/insurancecorp.com.br\/pt\/#website\",\"url\":\"https:\/\/insurancecorp.com.br\/pt\/\",\"name\":\"Revista Insurance Corp | PT-BR\",\"description\":\"A \\u00fanica revista bil\\u00edngue voltada ao mercado de seguro.\",\"publisher\":{\"@id\":\"https:\/\/insurancecorp.com.br\/pt\/#organization\"},\"potentialAction\":[{\"@type\":\"SearchAction\",\"target\":\"https:\/\/insurancecorp.com.br\/pt\/?s={search_term_string}\",\"query-input\":\"required name=search_term_string\"}],\"inLanguage\":\"pt-BR\"},{\"@type\":\"ImageObject\",\"@id\":\"https:\/\/insurancecorp.com.br\/pt\/2026\/08\/31\/sulamerica-defende-integracao-entre-saude-e-vida-como-nova-fronteira-do-mercado-segurador\/#primaryimage\",\"inLanguage\":\"pt-BR\",\"url\":\"https:\/\/insurancecorp.com.br\/pt\/wp-content\/uploads\/2023\/03\/Sulamerica_NovaMarca_300.jpg\",\"width\":300,\"height\":200},{\"@type\":\"WebPage\",\"@id\":\"https:\/\/insurancecorp.com.br\/pt\/2026\/08\/31\/sulamerica-defende-integracao-entre-saude-e-vida-como-nova-fronteira-do-mercado-segurador\/#webpage\",\"url\":\"https:\/\/insurancecorp.com.br\/pt\/2026\/08\/31\/sulamerica-defende-integracao-entre-saude-e-vida-como-nova-fronteira-do-mercado-segurador\/\",\"name\":\"SulAm\\u00e9rica defende integra\\u00e7\\u00e3o entre Sa\\u00fade e Vida como nova fronteira do mercado segurador | Revista Insurance Corp | PT-BR\",\"isPartOf\":{\"@id\":\"https:\/\/insurancecorp.com.br\/pt\/#website\"},\"primaryImageOfPage\":{\"@id\":\"https:\/\/insurancecorp.com.br\/pt\/2026\/08\/31\/sulamerica-defende-integracao-entre-saude-e-vida-como-nova-fronteira-do-mercado-segurador\/#primaryimage\"},\"datePublished\":\"2026-08-31T14:05:58+00:00\",\"dateModified\":\"2026-08-31T14:05:58+00:00\",\"inLanguage\":\"pt-BR\",\"potentialAction\":[{\"@type\":\"ReadAction\",\"target\":[\"https:\/\/insurancecorp.com.br\/pt\/2026\/08\/31\/sulamerica-defende-integracao-entre-saude-e-vida-como-nova-fronteira-do-mercado-segurador\/\"]}]},{\"@type\":\"Article\",\"@id\":\"https:\/\/insurancecorp.com.br\/pt\/2026\/08\/31\/sulamerica-defende-integracao-entre-saude-e-vida-como-nova-fronteira-do-mercado-segurador\/#article\",\"isPartOf\":{\"@id\":\"https:\/\/insurancecorp.com.br\/pt\/2026\/08\/31\/sulamerica-defende-integracao-entre-saude-e-vida-como-nova-fronteira-do-mercado-segurador\/#webpage\"},\"author\":{\"@id\":\"https:\/\/insurancecorp.com.br\/pt\/#\/schema\/person\/1b69c8cf325f0b7167f1b171f52df4af\"},\"headline\":\"SulAm\\u00e9rica defende integra\\u00e7\\u00e3o entre Sa\\u00fade e Vida como nova fronteira do mercado segurador\",\"datePublished\":\"2026-08-31T14:05:58+00:00\",\"dateModified\":\"2026-08-31T14:05:58+00:00\",\"mainEntityOfPage\":{\"@id\":\"https:\/\/insurancecorp.com.br\/pt\/2026\/08\/31\/sulamerica-defende-integracao-entre-saude-e-vida-como-nova-fronteira-do-mercado-segurador\/#webpage\"},\"commentCount\":0,\"publisher\":{\"@id\":\"https:\/\/insurancecorp.com.br\/pt\/#organization\"},\"image\":{\"@id\":\"https:\/\/insurancecorp.com.br\/pt\/2026\/08\/31\/sulamerica-defende-integracao-entre-saude-e-vida-como-nova-fronteira-do-mercado-segurador\/#primaryimage\"},\"keywords\":\"mercado segurador,sa\\u00fade,SulAm\\u00e9rica,vida\",\"articleSection\":\"SulAm\\u00e9rica\",\"inLanguage\":\"pt-BR\",\"potentialAction\":[{\"@type\":\"CommentAction\",\"name\":\"Comment\",\"target\":[\"https:\/\/insurancecorp.com.br\/pt\/2026\/08\/31\/sulamerica-defende-integracao-entre-saude-e-vida-como-nova-fronteira-do-mercado-segurador\/#respond\"]}]},{\"@type\":\"Person\",\"@id\":\"https:\/\/insurancecorp.com.br\/pt\/#\/schema\/person\/1b69c8cf325f0b7167f1b171f52df4af\",\"name\":\"Publica\\u00e7\\u00e3o\",\"image\":{\"@type\":\"ImageObject\",\"@id\":\"https:\/\/insurancecorp.com.br\/pt\/#personlogo\",\"inLanguage\":\"pt-BR\",\"url\":\"https:\/\/secure.gravatar.com\/avatar\/17226f1f60486eb25d4c6b301ffed37f?s=96&d=mm&r=g\",\"caption\":\"Publica\\u00e7\\u00e3o\"}}]}<\/script>\n<!-- \/ Yoast SEO plugin. -->","_links":{"self":[{"href":"https:\/\/insurancecorp.com.br\/pt\/wp-json\/wp\/v2\/posts\/82827"}],"collection":[{"href":"https:\/\/insurancecorp.com.br\/pt\/wp-json\/wp\/v2\/posts"}],"about":[{"href":"https:\/\/insurancecorp.com.br\/pt\/wp-json\/wp\/v2\/types\/post"}],"author":[{"embeddable":true,"href":"https:\/\/insurancecorp.com.br\/pt\/wp-json\/wp\/v2\/users\/2"}],"replies":[{"embeddable":true,"href":"https:\/\/insurancecorp.com.br\/pt\/wp-json\/wp\/v2\/comments?post=82827"}],"version-history":[{"count":1,"href":"https:\/\/insurancecorp.com.br\/pt\/wp-json\/wp\/v2\/posts\/82827\/revisions"}],"predecessor-version":[{"id":82830,"href":"https:\/\/insurancecorp.com.br\/pt\/wp-json\/wp\/v2\/posts\/82827\/revisions\/82830"}],"wp:featuredmedia":[{"embeddable":true,"href":"https:\/\/insurancecorp.com.br\/pt\/wp-json\/wp\/v2\/media\/41544"}],"wp:attachment":[{"href":"https:\/\/insurancecorp.com.br\/pt\/wp-json\/wp\/v2\/media?parent=82827"}],"wp:term":[{"taxonomy":"category","embeddable":true,"href":"https:\/\/insurancecorp.com.br\/pt\/wp-json\/wp\/v2\/categories?post=82827"},{"taxonomy":"post_tag","embeddable":true,"href":"https:\/\/insurancecorp.com.br\/pt\/wp-json\/wp\/v2\/tags?post=82827"}],"curies":[{"name":"wp","href":"https:\/\/api.w.org\/{rel}","templated":true}]}}